{"id":723494,"date":"2024-05-21T10:18:41","date_gmt":"2024-05-21T06:18:41","guid":{"rendered":"https:\/\/arantv.az\/?p=723494"},"modified":"2024-05-21T10:18:41","modified_gmt":"2024-05-21T06:18:41","slug":"zaqatalada-selin-f%c9%99sadlari-250-y%c9%99-yaxin-evin-h%c9%99y%c9%99tyani-sah%c9%99sini-su-basdi-t%c9%99dris-dayandirildi","status":"publish","type":"post","link":"https:\/\/arantv.az\/?p=723494","title":{"rendered":"Zaqatalada selin f\u0259sadlar\u0131: 250-y\u0259 yax\u0131n evin h\u0259y\u0259tyan\u0131 sah\u0259sini su basd\u0131, t\u0259dris dayand\u0131r\u0131ld\u0131"},"content":{"rendered":"<div class=\"post-detail-content-inner resize-area\">\n<p>Zaqatalada orta m\u0259kt\u0259b v\u0259 u\u015faq ba\u011f\u00e7as\u0131nda t\u0259dris bir g\u00fcnl\u00fck dayan\u0131b.<\/p>\n<p>APA-n\u0131n \u015eimal-q\u0259rb b\u00fcrosunun m\u0259lumat\u0131na g\u00f6r\u0259, Zaqatala rayonu A.Qurbanov ad\u0131na \u00dc\u00e7\u00fcnc\u00fc Tala k\u0259nd tam orta m\u0259kt\u0259bind\u0259 v\u0259 k\u0259nd ba\u011f\u00e7as\u0131nda t\u0259dris bir g\u00fcnl\u00fck dayand\u0131r\u0131l\u0131b.<\/p>\n<p>Buna s\u0259b\u0259b kimi \u00f6t\u0259n g\u00fcn k\u0259nd\u0259 ya\u011fan leysan n\u0259tic\u0259sind\u0259 m\u0259kt\u0259bin v\u0259 ba\u011f\u00e7an\u0131n h\u0259y\u0259tyan\u0131 sah\u0259sin\u0259 ya\u011f\u0131\u015f sular\u0131n\u0131n dolmas\u0131d\u0131r.<\/p>\n<p>Haz\u0131rda \u0259raziy\u0259 m\u00fcvafiq qurumlar\u0131n \u0259m\u0259kda\u015flar\u0131 c\u0259lb edilibl\u0259r.<\/p>\n<p>M\u0259kt\u0259b v\u0259 ba\u011f\u00e7an\u0131n h\u0259y\u0259tyan\u0131 sah\u0259sind\u0259n suyun k\u0259narla\u015fd\u0131r\u0131lmas\u0131 i\u015fl\u0259ri apar\u0131l\u0131r.<\/p>\n<p><strong>08:30<\/strong><\/p>\n<p>G\u00fccl\u00fc ya\u011f\u0131\u015f s\u0259b\u0259bind\u0259n Zaqatalada 250-y\u0259 yax\u0131n evin h\u0259y\u0259tyan\u0131 sah\u0259sini sel sular\u0131 bas\u0131b.<\/p>\n<p>APA-n\u0131n \u015eimal-q\u0259rb b\u00fcrosunun m\u0259lumat\u0131na g\u00f6r\u0259, may\u0131n 20-si ax\u015fam saat 22 rad\u0259l\u0259rind\u0259n ba\u015flayaraq Zaqatala rayonu \u0259razisind\u0259 leysan ya\u011f\u0131b, rayon m\u0259rk\u0259zid\u0259 daxil olmaqla \u0259traf ya\u015fay\u0131\u015f m\u0259nt\u0259q\u0259l\u0259rin\u0259 3-4 d\u0259qiq\u0259 \u0259rzind\u0259 dolu d\u00fc\u015f\u00fcb.<\/p>\n<p>Leysan gec\u0259 saatlar\u0131nda rayon m\u0259rk\u0259zind\u0259n 25 km uzaql\u0131qda yerl\u0259\u015f\u0259n \u00dc\u00e7\u00fcnc\u00fc Tala k\u0259ndinin inzibati \u0259razisind\u0259 daha \u00e7ox m\u00fc\u015fahid\u0259 olunub.<\/p>\n<p>K\u0259ndin inzibati \u0259razisin\u0259 ya\u011fan g\u00fccl\u00fc leysan s\u0259b\u0259bind\u0259n k\u0259nddaxili v\u0259 k\u0259ndin \u0259traf\u0131ndak\u0131 ki\u00e7iktutumlu \u00e7aylarda v\u0259 kanallarda sel sular\u0131n\u0131n yaranmas\u0131na s\u0259b\u0259b olub.<\/p>\n<p>Sel sular\u0131 k\u0259ndin 250-y\u0259 yax\u0131n h\u0259y\u0259tyan\u0131 sah\u0259sin\u0259 dolub, 20-d\u0259n \u00e7ox evin zirz\u0259misin\u0259 v\u0259 yaxud birinci m\u0259rt\u0259b\u0259sin\u0259 ya\u011f\u0131\u015f sular\u0131 dolub.<\/p>\n<p>Leysan ya\u011f\u0131\u015f\u0131 \u00fcz\u00fcnd\u0259n k\u0259nd sakinl\u0259rinin xeyli sayda toyuq-c\u00fcc\u0259si t\u0259l\u0259f olub.<\/p>\n<p>Haz\u0131rda m\u00fcvafiq qurumun n\u00fcmay\u0259nd\u0259l\u0259ri \u0259razid\u0259 leysan\u0131n yaratd\u0131\u011f\u0131 f\u0259sadlar\u0131 aradan qald\u0131rmaq istiqam\u0259tind\u0259 i\u015fl\u0259r apar\u0131r, \u0259haliy\u0259 d\u0259ymi\u015f ziyan\u0131n miqyas\u0131n\u0131 m\u00fc\u0259yy\u0259nl\u0259\u015fdirirl\u0259r.<\/p>\n<p><img loading=\"lazy\" src=\"https:\/\/images.oxu.az\/2024\/05\/21\/jhV7XnHqqidgvl4t0JqpLrUliqOmjyhmx8DkiIer:640.jpg.webp\" alt=\"\" width=\"640\" height=\"428\" \/><\/p>\n<\/div>\n<div class=\"social-block2 d-none d-md-block mt-4\">\n<p>&nbsp;<\/p>\n<\/div>\n","protected":false},"excerpt":{"rendered":"<p>Zaqatalada orta m\u0259kt\u0259b v\u0259 u\u015faq ba\u011f\u00e7as\u0131nda t\u0259dris bir g\u00fcnl\u00fck dayan\u0131b. APA-n\u0131n \u015eimal-q\u0259rb b\u00fcrosunun m\u0259lumat\u0131na g\u00f6r\u0259, Zaqatala rayonu A.Qurbanov ad\u0131na \u00dc\u00e7\u00fcnc\u00fc Tala k\u0259nd tam orta m\u0259kt\u0259bind\u0259 v\u0259 k\u0259nd ba\u011f\u00e7as\u0131nda t\u0259dris bir g\u00fcnl\u00fck dayand\u0131r\u0131l\u0131b. Buna s\u0259b\u0259b kimi \u00f6t\u0259n g\u00fcn k\u0259nd\u0259 ya\u011fan leysan n\u0259tic\u0259sind\u0259 m\u0259kt\u0259bin v\u0259 ba\u011f\u00e7an\u0131n h\u0259y\u0259tyan\u0131 sah\u0259sin\u0259 ya\u011f\u0131\u015f sular\u0131n\u0131n dolmas\u0131d\u0131r. Haz\u0131rda \u0259raziy\u0259 m\u00fcvafiq qurumlar\u0131n \u0259m\u0259kda\u015flar\u0131 c\u0259lb edilibl\u0259r. M\u0259kt\u0259b v\u0259 ba\u011f\u00e7an\u0131n h\u0259y\u0259tyan\u0131 sah\u0259sind\u0259n suyun k\u0259narla\u015fd\u0131r\u0131lmas\u0131 i\u015fl\u0259ri apar\u0131l\u0131r. 08:30 G\u00fccl\u00fc ya\u011f\u0131\u015f s\u0259b\u0259bind\u0259n Zaqatalada 250-y\u0259 yax\u0131n evin h\u0259y\u0259tyan\u0131 sah\u0259sini sel sular\u0131 bas\u0131b. APA-n\u0131n \u015eimal-q\u0259rb b\u00fcrosunun m\u0259lumat\u0131na g\u00f6r\u0259, may\u0131n 20-si ax\u015fam saat 22 rad\u0259l\u0259rind\u0259n ba\u015flayaraq&hellip;<\/p>\n","protected":false},"author":2,"featured_media":723495,"comment_status":"closed","ping_status":"closed","sticky":false,"template":"","format":"standard","meta":{"om_disable_all_campaigns":false,"_monsterinsights_skip_tracking":false,"_monsterinsights_sitenote_active":false,"_monsterinsights_sitenote_note":"","_monsterinsights_sitenote_category":0},"categories":[1],"tags":[],"aioseo_notices":[],"gutentor_comment":0,"rttpg_featured_image_url":{"full":["https:\/\/arantv.az\/wp-content\/uploads\/2024\/05\/images-13.jpg",302,167,false],"landscape":["https:\/\/arantv.az\/wp-content\/uploads\/2024\/05\/images-13.jpg",302,167,false],"portraits":["https:\/\/arantv.az\/wp-content\/uploads\/2024\/05\/images-13.jpg",302,167,false],"thumbnail":["https:\/\/arantv.az\/wp-content\/uploads\/2024\/05\/images-13.jpg",302,167,false],"medium":["https:\/\/arantv.az\/wp-content\/uploads\/2024\/05\/images-13.jpg",302,167,false],"large":["https:\/\/arantv.az\/wp-content\/uploads\/2024\/05\/images-13.jpg",302,167,false],"1536x1536":["https:\/\/arantv.az\/wp-content\/uploads\/2024\/05\/images-13.jpg",302,167,false],"2048x2048":["https:\/\/arantv.az\/wp-content\/uploads\/2024\/05\/images-13.jpg",302,167,false],"post-thumbnail":["https:\/\/arantv.az\/wp-content\/uploads\/2024\/05\/images-13-240x167.jpg",240,167,true],"advps-thumb-one":["https:\/\/arantv.az\/wp-content\/uploads\/2024\/05\/images-13.jpg",302,167,false]},"rttpg_author":{"display_name":"V\u00fcsal Rafiqo\u011flu","author_link":"https:\/\/arantv.az\/?author=2"},"rttpg_comment":0,"rttpg_category":"<a href=\"https:\/\/arantv.az\/?cat=1\" rel=\"category\">C\u0259miyy\u0259t<\/a>","rttpg_excerpt":"Zaqatalada orta m\u0259kt\u0259b v\u0259 u\u015faq ba\u011f\u00e7as\u0131nda t\u0259dris bir g\u00fcnl\u00fck dayan\u0131b. APA-n\u0131n \u015eimal-q\u0259rb b\u00fcrosunun m\u0259lumat\u0131na g\u00f6r\u0259, Zaqatala rayonu A.Qurbanov ad\u0131na \u00dc\u00e7\u00fcnc\u00fc Tala k\u0259nd tam orta m\u0259kt\u0259bind\u0259 v\u0259 k\u0259nd ba\u011f\u00e7as\u0131nda t\u0259dris bir g\u00fcnl\u00fck dayand\u0131r\u0131l\u0131b. Buna s\u0259b\u0259b kimi \u00f6t\u0259n g\u00fcn k\u0259nd\u0259 ya\u011fan leysan n\u0259tic\u0259sind\u0259 m\u0259kt\u0259bin v\u0259 ba\u011f\u00e7an\u0131n h\u0259y\u0259tyan\u0131 sah\u0259sin\u0259 ya\u011f\u0131\u015f sular\u0131n\u0131n dolmas\u0131d\u0131r. Haz\u0131rda \u0259raziy\u0259 m\u00fcvafiq qurumlar\u0131n \u0259m\u0259kda\u015flar\u0131 c\u0259lb&hellip;","_links":{"self":[{"href":"https:\/\/arantv.az\/index.php?rest_route=\/wp\/v2\/posts\/723494"}],"collection":[{"href":"https:\/\/arantv.az\/index.php?rest_route=\/wp\/v2\/posts"}],"about":[{"href":"https:\/\/arantv.az\/index.php?rest_route=\/wp\/v2\/types\/post"}],"author":[{"embeddable":true,"href":"https:\/\/arantv.az\/index.php?rest_route=\/wp\/v2\/users\/2"}],"replies":[{"embeddable":true,"href":"https:\/\/arantv.az\/index.php?rest_route=%2Fwp%2Fv2%2Fcomments&post=723494"}],"version-history":[{"count":0,"href":"https:\/\/arantv.az\/index.php?rest_route=\/wp\/v2\/posts\/723494\/revisions"}],"wp:featuredmedia":[{"embeddable":true,"href":"https:\/\/arantv.az\/index.php?rest_route=\/wp\/v2\/media\/723495"}],"wp:attachment":[{"href":"https:\/\/arantv.az\/index.php?rest_route=%2Fwp%2Fv2%2Fmedia&parent=723494"}],"wp:term":[{"taxonomy":"category","embeddable":true,"href":"https:\/\/arantv.az\/index.php?rest_route=%2Fwp%2Fv2%2Fcategories&post=723494"},{"taxonomy":"post_tag","embeddable":true,"href":"https:\/\/arantv.az\/index.php?rest_route=%2Fwp%2Fv2%2Ftags&post=723494"}],"curies":[{"name":"wp","href":"https:\/\/api.w.org\/{rel}","templated":true}]}}