{"id":723497,"date":"2024-05-21T10:19:56","date_gmt":"2024-05-21T06:19:56","guid":{"rendered":"https:\/\/arantv.az\/?p=723497"},"modified":"2024-05-21T10:19:56","modified_gmt":"2024-05-21T06:19:56","slug":"baki-kristal-zalina-yeni-direktor-t%c9%99yin-edildi","status":"publish","type":"post","link":"https:\/\/arantv.az\/?p=723497","title":{"rendered":"&#8220;Bak\u0131 Kristal Zal\u0131&#8221;na yeni direktor t\u0259yin edildi"},"content":{"rendered":"<p style=\"font-weight: 400;\">G\u0259ncl\u0259r v\u0259 \u0130dman Nazirliyinin tabeliyind\u0259ki &#8220;Bak\u0131 Kristal Zal\u0131&#8221; MMC-y\u0259 yeni direktor t\u0259yin edilib.<\/p>\n<p style=\"font-weight: 400;\">&#8220;Report&#8221; x\u0259b\u0259r verir ki, qurumun yeni direktoru Natiq \u0130brahimov olub.<\/p>\n<p style=\"font-weight: 400;\">O, \u015firk\u0259tin r\u0259hb\u0259rliyind\u0259 El\u00e7in M\u0259mm\u0259dovu \u0259v\u0259z edib.<\/p>\n<p style=\"font-weight: 400;\">Qeyd ed\u0259k ki, &#8220;Bak\u0131 Kristal Zal\u0131&#8221; 2012-ci ild\u0259 d\u00f6vl\u0259t qeydiyyat\u0131na al\u0131n\u0131b. Onun nizamnam\u0259 kapital\u0131 100 manatd\u0131r. Obyekt Nazirl\u0259r Kabinetinin 7 noyabr 2023-c\u00fc il tarixli q\u0259rar\u0131 il\u0259 nazirliyin tabeliyin\u0259 verilib.<\/p>\n","protected":false},"excerpt":{"rendered":"<p>G\u0259ncl\u0259r v\u0259 \u0130dman Nazirliyinin tabeliyind\u0259ki &#8220;Bak\u0131 Kristal Zal\u0131&#8221; MMC-y\u0259 yeni direktor t\u0259yin edilib. &#8220;Report&#8221; x\u0259b\u0259r verir ki, qurumun yeni direktoru Natiq \u0130brahimov olub. O, \u015firk\u0259tin r\u0259hb\u0259rliyind\u0259 El\u00e7in M\u0259mm\u0259dovu \u0259v\u0259z edib. Qeyd ed\u0259k ki, &#8220;Bak\u0131 Kristal Zal\u0131&#8221; 2012-ci ild\u0259 d\u00f6vl\u0259t qeydiyyat\u0131na al\u0131n\u0131b. Onun nizamnam\u0259 kapital\u0131 100 manatd\u0131r. Obyekt Nazirl\u0259r Kabinetinin 7 noyabr 2023-c\u00fc il tarixli q\u0259rar\u0131 il\u0259 nazirliyin tabeliyin\u0259 verilib.<\/p>\n","protected":false},"author":2,"featured_media":723498,"comment_status":"closed","ping_status":"closed","sticky":false,"template":"","format":"standard","meta":{"om_disable_all_campaigns":false,"_monsterinsights_skip_tracking":false,"_monsterinsights_sitenote_active":false,"_monsterinsights_sitenote_note":"","_monsterinsights_sitenote_category":0},"categories":[1],"tags":[],"aioseo_notices":[],"gutentor_comment":0,"rttpg_featured_image_url":{"full":["https:\/\/arantv.az\/wp-content\/uploads\/2024\/05\/1536318319_2.jpg",545,340,false],"landscape":["https:\/\/arantv.az\/wp-content\/uploads\/2024\/05\/1536318319_2.jpg",545,340,false],"portraits":["https:\/\/arantv.az\/wp-content\/uploads\/2024\/05\/1536318319_2.jpg",545,340,false],"thumbnail":["https:\/\/arantv.az\/wp-content\/uploads\/2024\/05\/1536318319_2-500x280.jpg",500,280,true],"medium":["https:\/\/arantv.az\/wp-content\/uploads\/2024\/05\/1536318319_2.jpg",545,340,false],"large":["https:\/\/arantv.az\/wp-content\/uploads\/2024\/05\/1536318319_2.jpg",545,340,false],"1536x1536":["https:\/\/arantv.az\/wp-content\/uploads\/2024\/05\/1536318319_2.jpg",545,340,false],"2048x2048":["https:\/\/arantv.az\/wp-content\/uploads\/2024\/05\/1536318319_2.jpg",545,340,false],"post-thumbnail":["https:\/\/arantv.az\/wp-content\/uploads\/2024\/05\/1536318319_2-240x172.jpg",240,172,true],"advps-thumb-one":["https:\/\/arantv.az\/wp-content\/uploads\/2024\/05\/1536318319_2.jpg",545,340,false]},"rttpg_author":{"display_name":"V\u00fcsal Rafiqo\u011flu","author_link":"https:\/\/arantv.az\/?author=2"},"rttpg_comment":0,"rttpg_category":"<a href=\"https:\/\/arantv.az\/?cat=1\" rel=\"category\">C\u0259miyy\u0259t<\/a>","rttpg_excerpt":"G\u0259ncl\u0259r v\u0259 \u0130dman Nazirliyinin tabeliyind\u0259ki &#8220;Bak\u0131 Kristal Zal\u0131&#8221; MMC-y\u0259 yeni direktor t\u0259yin edilib. &#8220;Report&#8221; x\u0259b\u0259r verir ki, qurumun yeni direktoru Natiq \u0130brahimov olub. O, \u015firk\u0259tin r\u0259hb\u0259rliyind\u0259 El\u00e7in M\u0259mm\u0259dovu \u0259v\u0259z edib. Qeyd ed\u0259k ki, &#8220;Bak\u0131 Kristal Zal\u0131&#8221; 2012-ci ild\u0259 d\u00f6vl\u0259t qeydiyyat\u0131na al\u0131n\u0131b. Onun nizamnam\u0259 kapital\u0131 100 manatd\u0131r. Obyekt Nazirl\u0259r Kabinetinin 7 noyabr 2023-c\u00fc il tarixli q\u0259rar\u0131&hellip;","_links":{"self":[{"href":"https:\/\/arantv.az\/index.php?rest_route=\/wp\/v2\/posts\/723497"}],"collection":[{"href":"https:\/\/arantv.az\/index.php?rest_route=\/wp\/v2\/posts"}],"about":[{"href":"https:\/\/arantv.az\/index.php?rest_route=\/wp\/v2\/types\/post"}],"author":[{"embeddable":true,"href":"https:\/\/arantv.az\/index.php?rest_route=\/wp\/v2\/users\/2"}],"replies":[{"embeddable":true,"href":"https:\/\/arantv.az\/index.php?rest_route=%2Fwp%2Fv2%2Fcomments&post=723497"}],"version-history":[{"count":0,"href":"https:\/\/arantv.az\/index.php?rest_route=\/wp\/v2\/posts\/723497\/revisions"}],"wp:featuredmedia":[{"embeddable":true,"href":"https:\/\/arantv.az\/index.php?rest_route=\/wp\/v2\/media\/723498"}],"wp:attachment":[{"href":"https:\/\/arantv.az\/index.php?rest_route=%2Fwp%2Fv2%2Fmedia&parent=723497"}],"wp:term":[{"taxonomy":"category","embeddable":true,"href":"https:\/\/arantv.az\/index.php?rest_route=%2Fwp%2Fv2%2Fcategories&post=723497"},{"taxonomy":"post_tag","embeddable":true,"href":"https:\/\/arantv.az\/index.php?rest_route=%2Fwp%2Fv2%2Ftags&post=723497"}],"curies":[{"name":"wp","href":"https:\/\/api.w.org\/{rel}","templated":true}]}}