{"id":723508,"date":"2024-05-21T10:52:53","date_gmt":"2024-05-21T06:52:53","guid":{"rendered":"https:\/\/arantv.az\/?p=723508"},"modified":"2024-05-21T10:52:53","modified_gmt":"2024-05-21T06:52:53","slug":"ot%c9%99n-il-13-sirk%c9%99tin-az%c9%99rbaycana-m%c9%99hsul-ixrac-etm%c9%99sin%c9%99-muv%c9%99qq%c9%99ti-qadaga-qoyulub","status":"publish","type":"post","link":"https:\/\/arantv.az\/?p=723508","title":{"rendered":"\u00d6t\u0259n il 13 \u015firk\u0259tin Az\u0259rbaycana m\u0259hsul ixrac etm\u0259sin\u0259 m\u00fcv\u0259qq\u0259ti qada\u011fa qoyulub"},"content":{"rendered":"<p>\u00d6t\u0259n il 13 \u015firk\u0259tin Az\u0259rbaycana m\u0259hsul ixrac etm\u0259sin\u0259 m\u00fcv\u0259qq\u0259ti qada\u011fa qoyulub.<\/p>\n<p>&#8220;Report&#8221; x\u0259b\u0259r verir ki, bunu Az\u0259rbaycan Qida T\u0259hl\u00fck\u0259sizliyi Agentliyinin s\u0259dri Qo\u015fqar T\u0259hm\u0259zli Bak\u0131da ke\u00e7iril\u0259n &#8220;Ya\u015f\u0131l d\u00fcnya namin\u0259&#8221; Bitki Sa\u011flaml\u0131\u011f\u0131 Forumunda \u00e7\u0131x\u0131\u015f\u0131 zaman\u0131 deyib.<\/p>\n<p>Onun s\u00f6zl\u0259rin\u0259 g\u00f6r\u0259, \u00f6t\u0259n il idxal olunan bitki v\u0259 bitki\u00e7ilik m\u0259hsullar\u0131nda a\u015fkar olunan karantin t\u0259tbiq edil\u0259n z\u0259r\u0259rli orqanizml\u0259rl\u0259 ba\u011fl\u0131 ixracat\u00e7\u0131 \u00f6lk\u0259l\u0259r\u0259 829 bildiri\u015f g\u00f6nd\u0259rilib:<\/p>\n<p>&#8220;Bunlardan 49-u \u0259kin v\u0259 s\u0259pin materiallar\u0131nda a\u015fkarlan\u0131b. Fitosanitar n\u0259zar\u0259t t\u0259dbirl\u0259ri \u00e7\u0259r\u00e7iv\u0259sind\u0259 idxal zaman\u0131 a\u015fkarlanan uy\u011funsuzluqlarla ba\u011fl\u0131 13 idxalat\u00e7\u0131ya m\u0259hsul idxal\u0131na m\u00fcv\u0259qq\u0259ti qada\u011falar bar\u0259d\u0259 agentlik q\u0259rarlar q\u0259bul edib v\u0259 icras\u0131 t\u0259min edilib&#8221;.<\/p>\n","protected":false},"excerpt":{"rendered":"<p>\u00d6t\u0259n il 13 \u015firk\u0259tin Az\u0259rbaycana m\u0259hsul ixrac etm\u0259sin\u0259 m\u00fcv\u0259qq\u0259ti qada\u011fa qoyulub. &#8220;Report&#8221; x\u0259b\u0259r verir ki, bunu Az\u0259rbaycan Qida T\u0259hl\u00fck\u0259sizliyi Agentliyinin s\u0259dri Qo\u015fqar T\u0259hm\u0259zli Bak\u0131da ke\u00e7iril\u0259n &#8220;Ya\u015f\u0131l d\u00fcnya namin\u0259&#8221; Bitki Sa\u011flaml\u0131\u011f\u0131 Forumunda \u00e7\u0131x\u0131\u015f\u0131 zaman\u0131 deyib. Onun s\u00f6zl\u0259rin\u0259 g\u00f6r\u0259, \u00f6t\u0259n il idxal olunan bitki v\u0259 bitki\u00e7ilik m\u0259hsullar\u0131nda a\u015fkar olunan karantin t\u0259tbiq edil\u0259n z\u0259r\u0259rli orqanizml\u0259rl\u0259 ba\u011fl\u0131 ixracat\u00e7\u0131 \u00f6lk\u0259l\u0259r\u0259 829 bildiri\u015f g\u00f6nd\u0259rilib: &#8220;Bunlardan 49-u \u0259kin v\u0259 s\u0259pin materiallar\u0131nda a\u015fkarlan\u0131b. Fitosanitar n\u0259zar\u0259t t\u0259dbirl\u0259ri \u00e7\u0259r\u00e7iv\u0259sind\u0259 idxal zaman\u0131 a\u015fkarlanan uy\u011funsuzluqlarla ba\u011fl\u0131 13 idxalat\u00e7\u0131ya m\u0259hsul idxal\u0131na m\u00fcv\u0259qq\u0259ti qada\u011falar bar\u0259d\u0259 agentlik q\u0259rarlar q\u0259bul edib v\u0259 icras\u0131 t\u0259min edilib&#8221;.<\/p>\n","protected":false},"author":2,"featured_media":723509,"comment_status":"closed","ping_status":"closed","sticky":false,"template":"","format":"standard","meta":{"om_disable_all_campaigns":false,"_monsterinsights_skip_tracking":false,"_monsterinsights_sitenote_active":false,"_monsterinsights_sitenote_note":"","_monsterinsights_sitenote_category":0},"categories":[1],"tags":[],"aioseo_notices":[],"gutentor_comment":0,"rttpg_featured_image_url":{"full":["https:\/\/arantv.az\/wp-content\/uploads\/2024\/05\/photo_68980.jpg",400,275,false],"landscape":["https:\/\/arantv.az\/wp-content\/uploads\/2024\/05\/photo_68980.jpg",400,275,false],"portraits":["https:\/\/arantv.az\/wp-content\/uploads\/2024\/05\/photo_68980.jpg",400,275,false],"thumbnail":["https:\/\/arantv.az\/wp-content\/uploads\/2024\/05\/photo_68980.jpg",400,275,false],"medium":["https:\/\/arantv.az\/wp-content\/uploads\/2024\/05\/photo_68980.jpg",400,275,false],"large":["https:\/\/arantv.az\/wp-content\/uploads\/2024\/05\/photo_68980.jpg",400,275,false],"1536x1536":["https:\/\/arantv.az\/wp-content\/uploads\/2024\/05\/photo_68980.jpg",400,275,false],"2048x2048":["https:\/\/arantv.az\/wp-content\/uploads\/2024\/05\/photo_68980.jpg",400,275,false],"post-thumbnail":["https:\/\/arantv.az\/wp-content\/uploads\/2024\/05\/photo_68980-240x172.jpg",240,172,true],"advps-thumb-one":["https:\/\/arantv.az\/wp-content\/uploads\/2024\/05\/photo_68980.jpg",400,275,false]},"rttpg_author":{"display_name":"V\u00fcsal Rafiqo\u011flu","author_link":"https:\/\/arantv.az\/?author=2"},"rttpg_comment":0,"rttpg_category":"<a href=\"https:\/\/arantv.az\/?cat=1\" rel=\"category\">C\u0259miyy\u0259t<\/a>","rttpg_excerpt":"\u00d6t\u0259n il 13 \u015firk\u0259tin Az\u0259rbaycana m\u0259hsul ixrac etm\u0259sin\u0259 m\u00fcv\u0259qq\u0259ti qada\u011fa qoyulub. &#8220;Report&#8221; x\u0259b\u0259r verir ki, bunu Az\u0259rbaycan Qida T\u0259hl\u00fck\u0259sizliyi Agentliyinin s\u0259dri Qo\u015fqar T\u0259hm\u0259zli Bak\u0131da ke\u00e7iril\u0259n &#8220;Ya\u015f\u0131l d\u00fcnya namin\u0259&#8221; Bitki Sa\u011flaml\u0131\u011f\u0131 Forumunda \u00e7\u0131x\u0131\u015f\u0131 zaman\u0131 deyib. Onun s\u00f6zl\u0259rin\u0259 g\u00f6r\u0259, \u00f6t\u0259n il idxal olunan bitki v\u0259 bitki\u00e7ilik m\u0259hsullar\u0131nda a\u015fkar olunan karantin t\u0259tbiq edil\u0259n z\u0259r\u0259rli orqanizml\u0259rl\u0259 ba\u011fl\u0131 ixracat\u00e7\u0131 \u00f6lk\u0259l\u0259r\u0259&hellip;","_links":{"self":[{"href":"https:\/\/arantv.az\/index.php?rest_route=\/wp\/v2\/posts\/723508"}],"collection":[{"href":"https:\/\/arantv.az\/index.php?rest_route=\/wp\/v2\/posts"}],"about":[{"href":"https:\/\/arantv.az\/index.php?rest_route=\/wp\/v2\/types\/post"}],"author":[{"embeddable":true,"href":"https:\/\/arantv.az\/index.php?rest_route=\/wp\/v2\/users\/2"}],"replies":[{"embeddable":true,"href":"https:\/\/arantv.az\/index.php?rest_route=%2Fwp%2Fv2%2Fcomments&post=723508"}],"version-history":[{"count":0,"href":"https:\/\/arantv.az\/index.php?rest_route=\/wp\/v2\/posts\/723508\/revisions"}],"wp:featuredmedia":[{"embeddable":true,"href":"https:\/\/arantv.az\/index.php?rest_route=\/wp\/v2\/media\/723509"}],"wp:attachment":[{"href":"https:\/\/arantv.az\/index.php?rest_route=%2Fwp%2Fv2%2Fmedia&parent=723508"}],"wp:term":[{"taxonomy":"category","embeddable":true,"href":"https:\/\/arantv.az\/index.php?rest_route=%2Fwp%2Fv2%2Fcategories&post=723508"},{"taxonomy":"post_tag","embeddable":true,"href":"https:\/\/arantv.az\/index.php?rest_route=%2Fwp%2Fv2%2Ftags&post=723508"}],"curies":[{"name":"wp","href":"https:\/\/api.w.org\/{rel}","templated":true}]}}