{"id":723511,"date":"2024-05-21T10:54:15","date_gmt":"2024-05-21T06:54:15","guid":{"rendered":"https:\/\/arantv.az\/?p=723511"},"modified":"2024-05-21T11:23:43","modified_gmt":"2024-05-21T07:23:43","slug":"ilham-%c9%99liyev-iran-s%c9%99firliyin%c9%99-getdi-bassagligi-verdi","status":"publish","type":"post","link":"https:\/\/arantv.az\/?p=723511","title":{"rendered":"\u0130lham \u018fliyev \u0130ran s\u0259firliyin\u0259 getdi, ba\u015fsa\u011fl\u0131\u011f\u0131 verdi"},"content":{"rendered":"<p>Az\u0259rbaycan Respublikas\u0131n\u0131n Prezidenti\u00a0<strong>\u0130lham \u018fliyev<\/strong>\u00a0may\u0131n 21-d\u0259 \u0130ran \u0130slam Respublikas\u0131n\u0131n \u00f6lk\u0259mizd\u0259ki s\u0259firliyind\u0259 olub.<\/p>\n<p>Bununla ba\u011fl\u0131\u00a0<a href=\"https:\/\/azertag.az\/xeber\/prezident_ilham_eliyev_iranin_olkemizdeki_sefirliyinde_olub_iran_prezidentinin_ve_diger_sexslerin_helikopter_qezasinda_helak_olmalari_elaqedar_bassagligi_verib__yenilenecek-3013634\" target=\"_blank\" rel=\"nofollow noopener\">AZ\u018fRTAC<\/a>\u00a0m\u0259lumat yay\u0131b.<\/p>\n<p>D\u00f6vl\u0259t ba\u015f\u00e7\u0131s\u0131 \u0130ran \u0130slam Respublikas\u0131n\u0131n Prezidenti Seyid \u0130brahim R\u0259isinin, xarici i\u015fl\u0259r naziri H\u00fcseyn \u018fmir-Abdullahian\u0131n v\u0259 dig\u0259r m\u00fc\u015fayi\u0259t ed\u0259n \u015f\u0259xsl\u0259rin helikopter q\u0259zas\u0131nda faci\u0259li sur\u0259td\u0259 h\u0259lak olmalar\u0131 \u0259laq\u0259dar ba\u015fsa\u011fl\u0131\u011f\u0131 verib.<\/p>\n<div class=\"text-content\" data-id=\"\" data-url=\"\">\n<p>&nbsp;<\/p>\n<\/div>\n<div>\n<div class=\"form-group\"><img class=\"img-responsive\" src=\"https:\/\/cdn.musavat.com\/news\/images\/Ayten\/%C4%B0RAN%C4%B0%202.jpg\" \/><\/div>\n<div class=\"form-group\"><img class=\"img-responsive\" src=\"https:\/\/cdn.musavat.com\/news\/images\/Ayten\/%C4%B0RAN%C4%B0%203.jpg\" \/><\/div>\n<div class=\"form-group\"><img class=\"img-responsive\" src=\"https:\/\/cdn.musavat.com\/news\/images\/Ayten\/%C4%B0RAN%C4%B0%201.jpg\" \/><\/div>\n<div class=\"form-group\"><img class=\"img-responsive\" src=\"https:\/\/cdn.musavat.com\/news\/images\/Ayten\/%C4%B0RAN%C4%B0.jpg\" \/><\/div>\n<\/div>\n","protected":false},"excerpt":{"rendered":"<p>Az\u0259rbaycan Respublikas\u0131n\u0131n Prezidenti\u00a0\u0130lham \u018fliyev\u00a0may\u0131n 21-d\u0259 \u0130ran \u0130slam Respublikas\u0131n\u0131n \u00f6lk\u0259mizd\u0259ki s\u0259firliyind\u0259 olub. Bununla ba\u011fl\u0131\u00a0AZ\u018fRTAC\u00a0m\u0259lumat yay\u0131b. D\u00f6vl\u0259t ba\u015f\u00e7\u0131s\u0131 \u0130ran \u0130slam Respublikas\u0131n\u0131n Prezidenti Seyid \u0130brahim R\u0259isinin, xarici i\u015fl\u0259r naziri H\u00fcseyn \u018fmir-Abdullahian\u0131n v\u0259 dig\u0259r m\u00fc\u015fayi\u0259t ed\u0259n \u015f\u0259xsl\u0259rin helikopter q\u0259zas\u0131nda faci\u0259li sur\u0259td\u0259 h\u0259lak olmalar\u0131 \u0259laq\u0259dar ba\u015fsa\u011fl\u0131\u011f\u0131 verib. &nbsp;<\/p>\n","protected":false},"author":2,"featured_media":723547,"comment_status":"closed","ping_status":"closed","sticky":false,"template":"","format":"standard","meta":{"om_disable_all_campaigns":false,"_monsterinsights_skip_tracking":false,"_monsterinsights_sitenote_active":false,"_monsterinsights_sitenote_note":"","_monsterinsights_sitenote_category":0},"categories":[4],"tags":[],"aioseo_notices":[],"gutentor_comment":0,"rttpg_featured_image_url":{"full":["https:\/\/arantv.az\/wp-content\/uploads\/2024\/05\/7d06577013a6d962f687dccc0fff3d3e.png",870,500,false],"landscape":["https:\/\/arantv.az\/wp-content\/uploads\/2024\/05\/7d06577013a6d962f687dccc0fff3d3e.png",870,500,false],"portraits":["https:\/\/arantv.az\/wp-content\/uploads\/2024\/05\/7d06577013a6d962f687dccc0fff3d3e.png",870,500,false],"thumbnail":["https:\/\/arantv.az\/wp-content\/uploads\/2024\/05\/7d06577013a6d962f687dccc0fff3d3e-500x280.png",500,280,true],"medium":["https:\/\/arantv.az\/wp-content\/uploads\/2024\/05\/7d06577013a6d962f687dccc0fff3d3e-635x365.png",635,365,true],"large":["https:\/\/arantv.az\/wp-content\/uploads\/2024\/05\/7d06577013a6d962f687dccc0fff3d3e-840x483.png",640,368,true],"1536x1536":["https:\/\/arantv.az\/wp-content\/uploads\/2024\/05\/7d06577013a6d962f687dccc0fff3d3e.png",870,500,false],"2048x2048":["https:\/\/arantv.az\/wp-content\/uploads\/2024\/05\/7d06577013a6d962f687dccc0fff3d3e.png",870,500,false],"post-thumbnail":["https:\/\/arantv.az\/wp-content\/uploads\/2024\/05\/7d06577013a6d962f687dccc0fff3d3e-240x172.png",240,172,true],"advps-thumb-one":["https:\/\/arantv.az\/wp-content\/uploads\/2024\/05\/7d06577013a6d962f687dccc0fff3d3e.png",870,500,false]},"rttpg_author":{"display_name":"V\u00fcsal Rafiqo\u011flu","author_link":"https:\/\/arantv.az\/?author=2"},"rttpg_comment":0,"rttpg_category":"<a href=\"https:\/\/arantv.az\/?cat=4\" rel=\"category\">Siyas\u0259t<\/a>","rttpg_excerpt":"Az\u0259rbaycan Respublikas\u0131n\u0131n Prezidenti\u00a0\u0130lham \u018fliyev\u00a0may\u0131n 21-d\u0259 \u0130ran \u0130slam Respublikas\u0131n\u0131n \u00f6lk\u0259mizd\u0259ki s\u0259firliyind\u0259 olub. Bununla ba\u011fl\u0131\u00a0AZ\u018fRTAC\u00a0m\u0259lumat yay\u0131b. D\u00f6vl\u0259t ba\u015f\u00e7\u0131s\u0131 \u0130ran \u0130slam Respublikas\u0131n\u0131n Prezidenti Seyid \u0130brahim R\u0259isinin, xarici i\u015fl\u0259r naziri H\u00fcseyn \u018fmir-Abdullahian\u0131n v\u0259 dig\u0259r m\u00fc\u015fayi\u0259t ed\u0259n \u015f\u0259xsl\u0259rin helikopter q\u0259zas\u0131nda faci\u0259li sur\u0259td\u0259 h\u0259lak olmalar\u0131 \u0259laq\u0259dar ba\u015fsa\u011fl\u0131\u011f\u0131 verib. &nbsp;","_links":{"self":[{"href":"https:\/\/arantv.az\/index.php?rest_route=\/wp\/v2\/posts\/723511"}],"collection":[{"href":"https:\/\/arantv.az\/index.php?rest_route=\/wp\/v2\/posts"}],"about":[{"href":"https:\/\/arantv.az\/index.php?rest_route=\/wp\/v2\/types\/post"}],"author":[{"embeddable":true,"href":"https:\/\/arantv.az\/index.php?rest_route=\/wp\/v2\/users\/2"}],"replies":[{"embeddable":true,"href":"https:\/\/arantv.az\/index.php?rest_route=%2Fwp%2Fv2%2Fcomments&post=723511"}],"version-history":[{"count":0,"href":"https:\/\/arantv.az\/index.php?rest_route=\/wp\/v2\/posts\/723511\/revisions"}],"wp:featuredmedia":[{"embeddable":true,"href":"https:\/\/arantv.az\/index.php?rest_route=\/wp\/v2\/media\/723547"}],"wp:attachment":[{"href":"https:\/\/arantv.az\/index.php?rest_route=%2Fwp%2Fv2%2Fmedia&parent=723511"}],"wp:term":[{"taxonomy":"category","embeddable":true,"href":"https:\/\/arantv.az\/index.php?rest_route=%2Fwp%2Fv2%2Fcategories&post=723511"},{"taxonomy":"post_tag","embeddable":true,"href":"https:\/\/arantv.az\/index.php?rest_route=%2Fwp%2Fv2%2Ftags&post=723511"}],"curies":[{"name":"wp","href":"https:\/\/api.w.org\/{rel}","templated":true}]}}