{"id":723701,"date":"2024-05-21T18:14:51","date_gmt":"2024-05-21T14:14:51","guid":{"rendered":"https:\/\/arantv.az\/?p=723701"},"modified":"2024-05-21T18:14:51","modified_gmt":"2024-05-21T14:14:51","slug":"mehriban-%c9%99liyeva-cudocu-hiday%c9%99t-heyd%c9%99rovu-t%c9%99brik-edib-foto","status":"publish","type":"post","link":"https:\/\/arantv.az\/?p=723701","title":{"rendered":"Mehriban \u018fliyeva c\u00fcdo\u00e7u Hiday\u0259t Heyd\u0259rovu t\u0259brik edib &#8211; FOTO"},"content":{"rendered":"<p>Birinci vitse-prezident Mehriban \u018fliyeva r\u0259smi &#8220;\u0130nstagram&#8221; s\u0259hif\u0259sind\u0259 c\u00fcdo\u00e7u Hiday\u0259t Heyd\u0259rovu d\u00fcnya \u00e7empionu titulu u\u011frunda yar\u0131\u015flarda q\u0259l\u0259b\u0259 qazanmas\u0131 m\u00fcnasib\u0259til\u0259 t\u0259brik edib.<\/p>\n<p><strong>ARANTV.AZ <\/strong>\u00a0x\u0259b\u0259r verir ki, payla\u015f\u0131mda deyilir:<\/p>\n<p>&#8220;C\u00fcdo\u00e7u Hiday\u0259t Heyd\u0259rovu d\u00fcnya \u00e7empionu titulu u\u011frunda yar\u0131\u015flarda q\u0259l\u0259b\u0259 qazanmas\u0131 m\u00fcnasib\u0259til\u0259 s\u0259mimi-q\u0259lbd\u0259n t\u0259brik edir\u0259m! M\u00fck\u0259mm\u0259l \u00e7\u0131x\u0131\u015f ed\u0259n idman\u00e7\u0131m\u0131z yenilm\u0259z irad\u0259, \u0259zmkarl\u0131q v\u0259 m\u0259har\u0259t n\u00fcmayi\u015f etdir\u0259r\u0259k parlaq v\u0259 inaml\u0131 q\u0259l\u0259b\u0259 qazand\u0131! G\u0259rgin \u0259m\u0259yin\u0259, Az\u0259rbaycan azarke\u015fl\u0259rin\u0259 b\u0259x\u015f etdiyi sevinc\u0259 g\u00f6r\u0259 c\u00fcdo\u00e7umuza t\u0259\u015f\u0259kk\u00fcr edir, ona m\u00f6hk\u0259m cansa\u011fl\u0131\u011f\u0131, yeni-yeni q\u0259l\u0259b\u0259l\u0259r v\u0259 nailiyy\u0259tl\u0259r arzulay\u0131ram!&#8221;<\/p>\n<p><img src=\"https:\/\/img.milli.az\/2024\/05\/21\/hidayat_heydarov_1205939.jpg\" \/><\/p>\n","protected":false},"excerpt":{"rendered":"<p>Birinci vitse-prezident Mehriban \u018fliyeva r\u0259smi &#8220;\u0130nstagram&#8221; s\u0259hif\u0259sind\u0259 c\u00fcdo\u00e7u Hiday\u0259t Heyd\u0259rovu d\u00fcnya \u00e7empionu titulu u\u011frunda yar\u0131\u015flarda q\u0259l\u0259b\u0259 qazanmas\u0131 m\u00fcnasib\u0259til\u0259 t\u0259brik edib. ARANTV.AZ \u00a0x\u0259b\u0259r verir ki, payla\u015f\u0131mda deyilir: &#8220;C\u00fcdo\u00e7u Hiday\u0259t Heyd\u0259rovu d\u00fcnya \u00e7empionu titulu u\u011frunda yar\u0131\u015flarda q\u0259l\u0259b\u0259 qazanmas\u0131 m\u00fcnasib\u0259til\u0259 s\u0259mimi-q\u0259lbd\u0259n t\u0259brik edir\u0259m! M\u00fck\u0259mm\u0259l \u00e7\u0131x\u0131\u015f ed\u0259n idman\u00e7\u0131m\u0131z yenilm\u0259z irad\u0259, \u0259zmkarl\u0131q v\u0259 m\u0259har\u0259t n\u00fcmayi\u015f etdir\u0259r\u0259k parlaq v\u0259 inaml\u0131 q\u0259l\u0259b\u0259 qazand\u0131! G\u0259rgin \u0259m\u0259yin\u0259, Az\u0259rbaycan azarke\u015fl\u0259rin\u0259 b\u0259x\u015f etdiyi sevinc\u0259 g\u00f6r\u0259 c\u00fcdo\u00e7umuza t\u0259\u015f\u0259kk\u00fcr edir, ona m\u00f6hk\u0259m cansa\u011fl\u0131\u011f\u0131, yeni-yeni q\u0259l\u0259b\u0259l\u0259r v\u0259 nailiyy\u0259tl\u0259r arzulay\u0131ram!&#8221;<\/p>\n","protected":false},"author":2,"featured_media":723702,"comment_status":"closed","ping_status":"closed","sticky":false,"template":"","format":"standard","meta":{"om_disable_all_campaigns":false,"_monsterinsights_skip_tracking":false,"_monsterinsights_sitenote_active":false,"_monsterinsights_sitenote_note":"","_monsterinsights_sitenote_category":0},"categories":[4],"tags":[],"aioseo_notices":[],"gutentor_comment":0,"rttpg_featured_image_url":{"full":["https:\/\/arantv.az\/wp-content\/uploads\/2024\/05\/4b26b839ea4daa775338dae5c9b05d6a.jpg",870,500,false],"landscape":["https:\/\/arantv.az\/wp-content\/uploads\/2024\/05\/4b26b839ea4daa775338dae5c9b05d6a.jpg",870,500,false],"portraits":["https:\/\/arantv.az\/wp-content\/uploads\/2024\/05\/4b26b839ea4daa775338dae5c9b05d6a.jpg",870,500,false],"thumbnail":["https:\/\/arantv.az\/wp-content\/uploads\/2024\/05\/4b26b839ea4daa775338dae5c9b05d6a-500x280.jpg",500,280,true],"medium":["https:\/\/arantv.az\/wp-content\/uploads\/2024\/05\/4b26b839ea4daa775338dae5c9b05d6a-635x365.jpg",635,365,true],"large":["https:\/\/arantv.az\/wp-content\/uploads\/2024\/05\/4b26b839ea4daa775338dae5c9b05d6a-840x483.jpg",640,368,true],"1536x1536":["https:\/\/arantv.az\/wp-content\/uploads\/2024\/05\/4b26b839ea4daa775338dae5c9b05d6a.jpg",870,500,false],"2048x2048":["https:\/\/arantv.az\/wp-content\/uploads\/2024\/05\/4b26b839ea4daa775338dae5c9b05d6a.jpg",870,500,false],"post-thumbnail":["https:\/\/arantv.az\/wp-content\/uploads\/2024\/05\/4b26b839ea4daa775338dae5c9b05d6a-240x172.jpg",240,172,true],"advps-thumb-one":["https:\/\/arantv.az\/wp-content\/uploads\/2024\/05\/4b26b839ea4daa775338dae5c9b05d6a.jpg",870,500,false]},"rttpg_author":{"display_name":"V\u00fcsal Rafiqo\u011flu","author_link":"https:\/\/arantv.az\/?author=2"},"rttpg_comment":0,"rttpg_category":"<a href=\"https:\/\/arantv.az\/?cat=4\" rel=\"category\">Siyas\u0259t<\/a>","rttpg_excerpt":"Birinci vitse-prezident Mehriban \u018fliyeva r\u0259smi &#8220;\u0130nstagram&#8221; s\u0259hif\u0259sind\u0259 c\u00fcdo\u00e7u Hiday\u0259t Heyd\u0259rovu d\u00fcnya \u00e7empionu titulu u\u011frunda yar\u0131\u015flarda q\u0259l\u0259b\u0259 qazanmas\u0131 m\u00fcnasib\u0259til\u0259 t\u0259brik edib. ARANTV.AZ \u00a0x\u0259b\u0259r verir ki, payla\u015f\u0131mda deyilir: &#8220;C\u00fcdo\u00e7u Hiday\u0259t Heyd\u0259rovu d\u00fcnya \u00e7empionu titulu u\u011frunda yar\u0131\u015flarda q\u0259l\u0259b\u0259 qazanmas\u0131 m\u00fcnasib\u0259til\u0259 s\u0259mimi-q\u0259lbd\u0259n t\u0259brik edir\u0259m! M\u00fck\u0259mm\u0259l \u00e7\u0131x\u0131\u015f ed\u0259n idman\u00e7\u0131m\u0131z yenilm\u0259z irad\u0259, \u0259zmkarl\u0131q v\u0259 m\u0259har\u0259t n\u00fcmayi\u015f etdir\u0259r\u0259k parlaq v\u0259 inaml\u0131 q\u0259l\u0259b\u0259&hellip;","_links":{"self":[{"href":"https:\/\/arantv.az\/index.php?rest_route=\/wp\/v2\/posts\/723701"}],"collection":[{"href":"https:\/\/arantv.az\/index.php?rest_route=\/wp\/v2\/posts"}],"about":[{"href":"https:\/\/arantv.az\/index.php?rest_route=\/wp\/v2\/types\/post"}],"author":[{"embeddable":true,"href":"https:\/\/arantv.az\/index.php?rest_route=\/wp\/v2\/users\/2"}],"replies":[{"embeddable":true,"href":"https:\/\/arantv.az\/index.php?rest_route=%2Fwp%2Fv2%2Fcomments&post=723701"}],"version-history":[{"count":0,"href":"https:\/\/arantv.az\/index.php?rest_route=\/wp\/v2\/posts\/723701\/revisions"}],"wp:featuredmedia":[{"embeddable":true,"href":"https:\/\/arantv.az\/index.php?rest_route=\/wp\/v2\/media\/723702"}],"wp:attachment":[{"href":"https:\/\/arantv.az\/index.php?rest_route=%2Fwp%2Fv2%2Fmedia&parent=723701"}],"wp:term":[{"taxonomy":"category","embeddable":true,"href":"https:\/\/arantv.az\/index.php?rest_route=%2Fwp%2Fv2%2Fcategories&post=723701"},{"taxonomy":"post_tag","embeddable":true,"href":"https:\/\/arantv.az\/index.php?rest_route=%2Fwp%2Fv2%2Ftags&post=723701"}],"curies":[{"name":"wp","href":"https:\/\/api.w.org\/{rel}","templated":true}]}}