{"id":723706,"date":"2024-05-21T18:16:32","date_gmt":"2024-05-21T14:16:32","guid":{"rendered":"https:\/\/arantv.az\/?p=723706"},"modified":"2024-05-21T18:16:32","modified_gmt":"2024-05-21T14:16:32","slug":"az%c9%99rbaycan-cin%c9%99-findiq-ixrac-etm%c9%99y%c9%99-hazirlasir","status":"publish","type":"post","link":"https:\/\/arantv.az\/?p=723706","title":{"rendered":"Az\u0259rbaycan \u00c7in\u0259 f\u0131nd\u0131q ixrac etm\u0259y\u0259 haz\u0131rla\u015f\u0131r"},"content":{"rendered":"<p style=\"font-weight: 400;\">Az\u0259rbaycandan \u00c7in\u0259 f\u0131nd\u0131q ixrac\u0131 m\u0259qs\u0259dil\u0259 qar\u015f\u0131l\u0131ql\u0131 protokollar\u0131n imzalanmas\u0131 \u00fc\u00e7\u00fcn dan\u0131\u015f\u0131qlar davam etdirilir.<\/p>\n<p style=\"font-weight: 400;\">&#8220;Report&#8221; x\u0259b\u0259r verir ki, bunu Az\u0259rbaycan Qida T\u0259hl\u00fck\u0259sizliyi Agentliyinin (AQTA) \u0130dxal v\u0259 \u0130xraca N\u0259zar\u0259t \u015e\u00f6b\u0259sinin ba\u015f m\u0259sl\u0259h\u0259t\u00e7isi V\u0259fa S\u0259f\u0259rli Bak\u0131da ke\u00e7iril\u0259n &#8220;Ya\u015f\u0131l d\u00fcnya namin\u0259&#8221; m\u00f6vzusunda Bitki Sa\u011flaml\u0131\u011f\u0131 Forumunda bildirib.<\/p>\n<p style=\"font-weight: 400;\">&#8220;\u00c7in\u0259 f\u0131nd\u0131q, el\u0259c\u0259 d\u0259 alma, nar v\u0259 badam ixrac\u0131 \u00fc\u00e7\u00fcn agentlik risk qiym\u0259tl\u0259ndirm\u0259sinin n\u0259tic\u0259l\u0259rini qar\u015f\u0131 t\u0259r\u0259fin s\u0259lahiyy\u0259tli qurumuna r\u0259smi kanallar vasit\u0259sil\u0259 t\u0259qdim edib. Agentliyin m\u00fcvafiq sah\u0259d\u0259 vahid d\u00f6vl\u0259t n\u0259zar\u0259tini h\u0259yata ke\u00e7ir\u0259n d\u00f6vl\u0259t qurumu kimi t\u0259sisatlanmas\u0131, ixrac olunan bitkil\u0259r v\u0259 bitki\u00e7ilik m\u0259hsullar\u0131na m\u00fcnasib\u0259td\u0259 dig\u0259r \u00f6lk\u0259l\u0259rin t\u0259l\u0259bl\u0259rin\u0259 uy\u011fun n\u0259zar\u0259ti h\u0259yata ke\u00e7irm\u0259si n\u0259tic\u0259sind\u0259 xarici \u00f6lk\u0259 bazarlar\u0131na \u00e7\u0131x\u0131\u015f imkanlar\u0131 art\u0131r\u0131l\u0131b, ixrac h\u0259cminin art\u0131r\u0131lmas\u0131na nail olunub&#8221;, &#8211; dey\u0259 o qeyd edib.<\/p>\n","protected":false},"excerpt":{"rendered":"<p>Az\u0259rbaycandan \u00c7in\u0259 f\u0131nd\u0131q ixrac\u0131 m\u0259qs\u0259dil\u0259 qar\u015f\u0131l\u0131ql\u0131 protokollar\u0131n imzalanmas\u0131 \u00fc\u00e7\u00fcn dan\u0131\u015f\u0131qlar davam etdirilir. &#8220;Report&#8221; x\u0259b\u0259r verir ki, bunu Az\u0259rbaycan Qida T\u0259hl\u00fck\u0259sizliyi Agentliyinin (AQTA) \u0130dxal v\u0259 \u0130xraca N\u0259zar\u0259t \u015e\u00f6b\u0259sinin ba\u015f m\u0259sl\u0259h\u0259t\u00e7isi V\u0259fa S\u0259f\u0259rli Bak\u0131da ke\u00e7iril\u0259n &#8220;Ya\u015f\u0131l d\u00fcnya namin\u0259&#8221; m\u00f6vzusunda Bitki Sa\u011flaml\u0131\u011f\u0131 Forumunda bildirib. &#8220;\u00c7in\u0259 f\u0131nd\u0131q, el\u0259c\u0259 d\u0259 alma, nar v\u0259 badam ixrac\u0131 \u00fc\u00e7\u00fcn agentlik risk qiym\u0259tl\u0259ndirm\u0259sinin n\u0259tic\u0259l\u0259rini qar\u015f\u0131 t\u0259r\u0259fin s\u0259lahiyy\u0259tli qurumuna r\u0259smi kanallar vasit\u0259sil\u0259 t\u0259qdim edib. Agentliyin m\u00fcvafiq sah\u0259d\u0259 vahid d\u00f6vl\u0259t n\u0259zar\u0259tini h\u0259yata ke\u00e7ir\u0259n d\u00f6vl\u0259t qurumu kimi t\u0259sisatlanmas\u0131, ixrac olunan bitkil\u0259r v\u0259 bitki\u00e7ilik m\u0259hsullar\u0131na m\u00fcnasib\u0259td\u0259 dig\u0259r \u00f6lk\u0259l\u0259rin t\u0259l\u0259bl\u0259rin\u0259 uy\u011fun n\u0259zar\u0259ti h\u0259yata ke\u00e7irm\u0259si&hellip;<\/p>\n","protected":false},"author":2,"featured_media":723707,"comment_status":"closed","ping_status":"closed","sticky":false,"template":"","format":"standard","meta":{"om_disable_all_campaigns":false,"_monsterinsights_skip_tracking":false,"_monsterinsights_sitenote_active":false,"_monsterinsights_sitenote_note":"","_monsterinsights_sitenote_category":0},"categories":[19],"tags":[],"aioseo_notices":[],"gutentor_comment":0,"rttpg_featured_image_url":{"full":["https:\/\/arantv.az\/wp-content\/uploads\/2024\/05\/aciq-mn10.jpg",1200,675,false],"landscape":["https:\/\/arantv.az\/wp-content\/uploads\/2024\/05\/aciq-mn10.jpg",1200,675,false],"portraits":["https:\/\/arantv.az\/wp-content\/uploads\/2024\/05\/aciq-mn10.jpg",1200,675,false],"thumbnail":["https:\/\/arantv.az\/wp-content\/uploads\/2024\/05\/aciq-mn10-500x280.jpg",500,280,true],"medium":["https:\/\/arantv.az\/wp-content\/uploads\/2024\/05\/aciq-mn10-649x365.jpg",649,365,true],"large":["https:\/\/arantv.az\/wp-content\/uploads\/2024\/05\/aciq-mn10-840x473.jpg",640,360,true],"1536x1536":["https:\/\/arantv.az\/wp-content\/uploads\/2024\/05\/aciq-mn10.jpg",1200,675,false],"2048x2048":["https:\/\/arantv.az\/wp-content\/uploads\/2024\/05\/aciq-mn10.jpg",1200,675,false],"post-thumbnail":["https:\/\/arantv.az\/wp-content\/uploads\/2024\/05\/aciq-mn10-240x172.jpg",240,172,true],"advps-thumb-one":["https:\/\/arantv.az\/wp-content\/uploads\/2024\/05\/aciq-mn10-1200x620.jpg",1200,620,true]},"rttpg_author":{"display_name":"V\u00fcsal Rafiqo\u011flu","author_link":"https:\/\/arantv.az\/?author=2"},"rttpg_comment":0,"rttpg_category":"<a href=\"https:\/\/arantv.az\/?cat=19\" rel=\"category\">G\u00fcnd\u0259m<\/a>","rttpg_excerpt":"Az\u0259rbaycandan \u00c7in\u0259 f\u0131nd\u0131q ixrac\u0131 m\u0259qs\u0259dil\u0259 qar\u015f\u0131l\u0131ql\u0131 protokollar\u0131n imzalanmas\u0131 \u00fc\u00e7\u00fcn dan\u0131\u015f\u0131qlar davam etdirilir. &#8220;Report&#8221; x\u0259b\u0259r verir ki, bunu Az\u0259rbaycan Qida T\u0259hl\u00fck\u0259sizliyi Agentliyinin (AQTA) \u0130dxal v\u0259 \u0130xraca N\u0259zar\u0259t \u015e\u00f6b\u0259sinin ba\u015f m\u0259sl\u0259h\u0259t\u00e7isi V\u0259fa S\u0259f\u0259rli Bak\u0131da ke\u00e7iril\u0259n &#8220;Ya\u015f\u0131l d\u00fcnya namin\u0259&#8221; m\u00f6vzusunda Bitki Sa\u011flaml\u0131\u011f\u0131 Forumunda bildirib. &#8220;\u00c7in\u0259 f\u0131nd\u0131q, el\u0259c\u0259 d\u0259 alma, nar v\u0259 badam ixrac\u0131 \u00fc\u00e7\u00fcn agentlik risk qiym\u0259tl\u0259ndirm\u0259sinin n\u0259tic\u0259l\u0259rini&hellip;","_links":{"self":[{"href":"https:\/\/arantv.az\/index.php?rest_route=\/wp\/v2\/posts\/723706"}],"collection":[{"href":"https:\/\/arantv.az\/index.php?rest_route=\/wp\/v2\/posts"}],"about":[{"href":"https:\/\/arantv.az\/index.php?rest_route=\/wp\/v2\/types\/post"}],"author":[{"embeddable":true,"href":"https:\/\/arantv.az\/index.php?rest_route=\/wp\/v2\/users\/2"}],"replies":[{"embeddable":true,"href":"https:\/\/arantv.az\/index.php?rest_route=%2Fwp%2Fv2%2Fcomments&post=723706"}],"version-history":[{"count":0,"href":"https:\/\/arantv.az\/index.php?rest_route=\/wp\/v2\/posts\/723706\/revisions"}],"wp:featuredmedia":[{"embeddable":true,"href":"https:\/\/arantv.az\/index.php?rest_route=\/wp\/v2\/media\/723707"}],"wp:attachment":[{"href":"https:\/\/arantv.az\/index.php?rest_route=%2Fwp%2Fv2%2Fmedia&parent=723706"}],"wp:term":[{"taxonomy":"category","embeddable":true,"href":"https:\/\/arantv.az\/index.php?rest_route=%2Fwp%2Fv2%2Fcategories&post=723706"},{"taxonomy":"post_tag","embeddable":true,"href":"https:\/\/arantv.az\/index.php?rest_route=%2Fwp%2Fv2%2Ftags&post=723706"}],"curies":[{"name":"wp","href":"https:\/\/api.w.org\/{rel}","templated":true}]}}