{"id":723713,"date":"2024-05-21T18:20:12","date_gmt":"2024-05-21T14:20:12","guid":{"rendered":"https:\/\/arantv.az\/?p=723713"},"modified":"2024-05-21T18:20:12","modified_gmt":"2024-05-21T14:20:12","slug":"sulhm%c9%99ramlilarin-qarabagdan-cixarilmasi-davamli-sulh%c9%99-g%c9%99tir%c9%99-bil%c9%99r-international-policy-digest","status":"publish","type":"post","link":"https:\/\/arantv.az\/?p=723713","title":{"rendered":"S\u00fclhm\u0259raml\u0131lar\u0131n Qaraba\u011fdan \u00e7\u0131xar\u0131lmas\u0131 davaml\u0131 s\u00fclh\u0259 g\u0259tir\u0259 bil\u0259r &#8211; &#8220;International Policy Digest&#8221;"},"content":{"rendered":"<p><em><strong>&#8220;Rusiya Az\u0259rbaycan\u0131n Qaraba\u011f b\u00f6lg\u0259sind\u0259n 2000-\u0259 yax\u0131n s\u00fclhm\u0259raml\u0131s\u0131n\u0131 \u00e7\u0131xar\u0131b. Bu g\u00f6zl\u0259nilm\u0259z add\u0131m Az\u0259rbaycan v\u0259 Erm\u0259nistan aras\u0131nda davam ed\u0259n normalla\u015fmaya t\u00f6hf\u0259 ver\u0259 bil\u0259r&#8221;.<\/strong><\/em><\/p>\n<p><strong>ARANTV.AZ\u00a0 x\u0259b\u0259r verir ki,<\/strong>\u00a0\u00a0bu bar\u0259d\u0259 &#8220;International Policy Digest&#8221; n\u0259\u015frind\u0259 d\u0259rc olunan &#8220;Rusiya s\u00fclhm\u0259raml\u0131 kontingentinin Qaraba\u011fdan \u00e7\u0131xar\u0131lmas\u0131 davaml\u0131 s\u00fclh\u0259 g\u0259tir\u0259 bil\u0259r&#8221; adl\u0131 m\u0259qal\u0259d\u0259 bildirilib.<\/p>\n<p>Kri\u015fna Nag\u0131n m\u00fc\u0259llifi oldu\u011fu ara\u015fd\u0131rmada 2020-ci ild\u0259 iki \u00f6lk\u0259 aras\u0131nda at\u0259\u015fk\u0259s raz\u0131la\u015fmas\u0131n\u0131n \u015f\u0259rtl\u0259rin\u0259 \u0259sas\u0259n, b\u00f6lg\u0259d\u0259 1960 Rusiya h\u0259rb\u00e7isi, y\u00fczl\u0259rl\u0259 zirehli transportyor v\u0259 dig\u0259r h\u0259rbi texnika yerl\u0259\u015fdirildiyi v\u0259 s\u00fclhm\u0259raml\u0131 mandat\u0131n 2025-ci ilin noyabr\u0131nda ba\u015fa \u00e7atmal\u0131 oldu\u011fu xat\u0131rlad\u0131l\u0131b:<\/p>\n<p>&#8220;Beyn\u0259lxalq s\u0259viyy\u0259d\u0259 Az\u0259rbaycan\u0131n bir hiss\u0259si kimi tan\u0131nan da\u011fl\u0131q b\u00f6lg\u0259, Sovet \u0130ttifaq\u0131n\u0131n son g\u00fcnl\u0259rind\u0259 ba\u015flayan Birinci Qaraba\u011f m\u00fcharib\u0259sind\u0259n sonra t\u0259xmin\u0259n 30 il \u0259rzind\u0259 Erm\u0259nistan t\u0259r\u0259find\u0259n i\u015f\u011fal edilib. Az\u0259rbaycan 2020-ci ild\u0259 \u0130kinci Qaraba\u011f m\u00fcharib\u0259si v\u0259 2023-c\u00fc ilin sentyabr\u0131nda s\u00fclhm\u0259raml\u0131 kontingentin m\u00fcdaxil\u0259 etm\u0259diyi antiterror t\u0259dbirl\u0259ri n\u0259tic\u0259sind\u0259 \u0259raziy\u0259 n\u0259zar\u0259ti b\u0259rpa edib. Bundan alt\u0131 ay sonra Rusiya prezidentinin m\u0259tbuat katibi Dmitri Peskov Rusiya s\u00fclhm\u0259raml\u0131lar\u0131n\u0131n Qaraba\u011fdan \u00e7\u0131xar\u0131lmas\u0131na ba\u015fland\u0131\u011f\u0131n\u0131 t\u0259sdiql\u0259yib. Az\u0259rbaycan Prezidentinin k\u00f6m\u0259k\u00e7isi, Prezident Administrasiyas\u0131n\u0131n Xarici siyas\u0259t m\u0259s\u0259l\u0259l\u0259ri \u015f\u00f6b\u0259sinin m\u00fcdiri Hikm\u0259t Hac\u0131yev d\u0259 Rusiya s\u00fclhm\u0259raml\u0131lar\u0131n\u0131n Az\u0259rbaycan \u0259razisind\u0259n \u00e7\u0131xar\u0131lmas\u0131 bar\u0259d\u0259 m\u0259lumat\u0131 t\u0259sdiql\u0259yib. &#8220;2020-ci il noyabr\u0131n 10-da imzalanm\u0131\u015f \u00dc\u00e7t\u0259r\u0259fli B\u0259yanata \u0259sas\u0259n, Az\u0259rbaycan Respublikas\u0131n\u0131n \u0259razisind\u0259 m\u00fcv\u0259qq\u0259ti olaraq yerl\u0259\u015fdirilmi\u015f Rusiya Federasiyas\u0131 s\u00fclhm\u0259raml\u0131lar\u0131n\u0131n \u00f6lk\u0259mizin \u0259razisind\u0259n vaxt\u0131ndan \u0259vv\u0259l \u00e7\u0131xar\u0131lmas\u0131 bar\u0259d\u0259 h\u0259r iki \u00f6lk\u0259nin ali r\u0259hb\u0259rliyi t\u0259r\u0259find\u0259n q\u0259rar q\u0259bul edilib&#8221;, &#8211; dey\u0259 o, AZ\u018fRTAC informasiya agentliyin\u0259 m\u00fcnasib\u0259t bildirib&#8221;.<\/p>\n<p>M\u00fc\u0259llif s\u00fclhm\u0259raml\u0131 kontingentin \u00e7\u0131xar\u0131lmas\u0131n\u0131n Rusiya il\u0259 onun m\u00fctt\u0259fiqi Erm\u0259nistan aras\u0131nda artan fikir ayr\u0131l\u0131\u011f\u0131 fonunda ba\u015f verdiyin\u0259 diqq\u0259t \u00e7\u0259kib:<\/p>\n<p>&#8220;Erm\u0259nistan bu yax\u0131nlarda Rusiyan\u0131n KTMT h\u0259rbi blokuna \u00fczvl\u00fcy\u00fcn\u00fc dayand\u0131rmaqla v\u0259 AB\u015e il\u0259 birg\u0259 h\u0259rbi t\u0259liml\u0259r ke\u00e7irm\u0259kl\u0259 Moskvadan uzaqla\u015f\u0131b. \u0130r\u0259van h\u0259m d\u0259 Avropa \u0130ttifaq\u0131 il\u0259 daha s\u0131x inteqrasiyaya can at\u0131r. Bu yenid\u0259nqurma Az\u0259rbaycan v\u0259 Erm\u0259nistana fikir ayr\u0131l\u0131qlar\u0131n\u0131 k\u0259nar m\u00fcdaxil\u0259 olmadan birba\u015fa h\u0259ll etm\u0259k imkan\u0131 verir. Bu yax\u0131nlarda Bak\u0131 il\u0259 \u0130r\u0259van aras\u0131nda d\u00f6rd s\u0259rh\u0259d k\u0259ndinin Az\u0259rbaycan\u0131n n\u0259zar\u0259tin\u0259 verilm\u0259si v\u0259 iki \u00f6lk\u0259 aras\u0131nda ilk s\u0259rh\u0259d dir\u0259kl\u0259rinin qura\u015fd\u0131r\u0131lmas\u0131 il\u0259 ba\u011fl\u0131 raz\u0131la\u015fma he\u00e7 kimin i\u015ftirak\u0131 olmadan \u0259ld\u0259 edilib. \u00d6t\u0259n ild\u0259n q\u0259bul edil\u0259n Az\u0259rbaycan v\u0259 Erm\u0259nistan m\u00fcnasib\u0259tl\u0259rin\u0259 qar\u0131\u015fmamaq kimi Q\u0259rb yana\u015fmas\u0131 \u00fcmidverici g\u00f6r\u00fcn\u00fcr.<\/p>\n<p><img src=\"https:\/\/ikisahil.az\/upload\/\/2024\/01\/03\/\/-fb508ef017042933423825374131085390.jpg\" alt=\"\" \/><\/p>\n<p>Sovet \u0130ttifaq\u0131n\u0131n da\u011f\u0131lmas\u0131n\u0131 t\u0259nziml\u0259y\u0259n 1991-ci il Alma-Ata B\u0259yannam\u0259sin\u0259 \u0259saslanan \u00fcmumi s\u0259rh\u0259din m\u00fc\u0259yy\u0259nl\u0259\u015fdirilm\u0259sin\u0259 dair konsensus x\u00fcsusil\u0259 \u00fcmidvericidir. Az\u0259rbaycan\u0131 Nax\u00e7\u0131vanla birl\u0259\u015fdir\u0259n Erm\u0259nistan \u0259razisind\u0259n ke\u00e7\u0259n n\u0259qliyyat mar\u015frutu olan Z\u0259ng\u0259zur d\u0259hlizi m\u00fcbahis\u0259li m\u0259s\u0259l\u0259 olaraq qal\u0131r. Buna baxmayaraq, Az\u0259rbaycan 2020-ci il b\u0259yanat\u0131nda n\u0259z\u0259rd\u0259 tutuldu\u011fu kimi, Erm\u0259nistan \u0259razisinin 34 kilometrlik zola\u011f\u0131 il\u0259 Nax\u00e7\u0131van\u0131 Az\u0259rbaycandan ay\u0131ran avtomobil v\u0259 d\u0259mir yolunun birg\u0259 tikintisini d\u0259st\u0259kl\u0259yir. Az\u0259rbaycan Prezidentinin x\u00fcsusi tap\u015f\u0131r\u0131qlar \u00fczr\u0259 n\u00fcmay\u0259nd\u0259si El\u00e7in \u018fmirb\u0259yov Almaniyan\u0131n &#8220;Die Zeit&#8221; q\u0259zetin\u0259 m\u00fcsahib\u0259sin\u0259 bel\u0259 deyib: &#8220;Erm\u0259nistan t\u0259crid v\u0259ziyy\u0259tind\u0259n \u00e7\u0131xa bil\u0259r. O, tranzit haqlar\u0131n\u0131 toplaya v\u0259 T\u00fcrkiy\u0259 il\u0259 m\u00fcnasib\u0259tl\u0259rini yax\u015f\u0131la\u015fd\u0131ra bil\u0259r&#8221;. E.\u018fmirb\u0259yov \u0259lav\u0259 edib ki, \u0259g\u0259r Erm\u0259nistan bu t\u0259klifi r\u0259dd ets\u0259, biz d\u0259 \u0130randan c\u0259nuba do\u011fru avtomobil v\u0259 d\u0259mir yolu \u00e7\u0259k\u0259 bil\u0259rik ki, bu da c\u0259mi 10 kilometr uzun olar&#8221;.<\/p>\n<p>Kri\u015fna Nag iki \u00f6lk\u0259 aras\u0131nda \u0259m\u0259kda\u015fl\u0131\u011fa ciddi t\u0259kan kimi ke\u00e7\u0259n ilin dekabr\u0131nda, Erm\u0259nistan\u0131n Az\u0259rbaycan\u0131n bu il Bak\u0131da COP29 konfrans\u0131na ev sahibliyi etm\u0259k t\u0259klifini d\u0259st\u0259kl\u0259m\u0259sini g\u00f6st\u0259rib.<\/p>\n<p>&#8220;\u0130ki qon\u015fu aras\u0131nda bu ilk beyn\u0259lxalq d\u0259st\u0259k jesti onu g\u00f6st\u0259rir ki, k\u0259nar g\u00fccl\u0259r \u00f6z geosiyasi planlar\u0131n\u0131 s\u0131r\u0131maqdan \u00e7\u0259kindiyi t\u0259qdird\u0259 regional \u0259m\u0259kda\u015fl\u0131q m\u00fcmk\u00fcnd\u00fcr. Fransa kimi \u00f6lk\u0259l\u0259r C\u0259nubi Qafqaza m\u00fcdaxil\u0259 etm\u0259m\u0259k siyas\u0259tini davam etdirm\u0259li, Az\u0259rbaycan, Erm\u0259nistan v\u0259 G\u00fcrc\u00fcstana \u0259m\u0259kda\u015fl\u0131q etm\u0259l\u0259rin\u0259, fikir ayr\u0131l\u0131qlar\u0131n\u0131 \u00f6zl\u0259rinin h\u0259ll etm\u0259l\u0259rin\u0259 imkan verm\u0259lidirl\u0259r. Bu yana\u015fma \u015e\u0259rql\u0259 Q\u0259rbin qov\u015fa\u011f\u0131nda yerl\u0259\u015f\u0259n regiona s\u00fclh g\u0259tir\u0259 bil\u0259r&#8221;, &#8211; dey\u0259 m\u00fc\u0259llif s\u00f6zl\u0259rini yekunla\u015fd\u0131r\u0131b.<\/p>\n","protected":false},"excerpt":{"rendered":"<p>&#8220;Rusiya Az\u0259rbaycan\u0131n Qaraba\u011f b\u00f6lg\u0259sind\u0259n 2000-\u0259 yax\u0131n s\u00fclhm\u0259raml\u0131s\u0131n\u0131 \u00e7\u0131xar\u0131b. Bu g\u00f6zl\u0259nilm\u0259z add\u0131m Az\u0259rbaycan v\u0259 Erm\u0259nistan aras\u0131nda davam ed\u0259n normalla\u015fmaya t\u00f6hf\u0259 ver\u0259 bil\u0259r&#8221;. ARANTV.AZ\u00a0 x\u0259b\u0259r verir ki,\u00a0\u00a0bu bar\u0259d\u0259 &#8220;International Policy Digest&#8221; n\u0259\u015frind\u0259 d\u0259rc olunan &#8220;Rusiya s\u00fclhm\u0259raml\u0131 kontingentinin Qaraba\u011fdan \u00e7\u0131xar\u0131lmas\u0131 davaml\u0131 s\u00fclh\u0259 g\u0259tir\u0259 bil\u0259r&#8221; adl\u0131 m\u0259qal\u0259d\u0259 bildirilib. Kri\u015fna Nag\u0131n m\u00fc\u0259llifi oldu\u011fu ara\u015fd\u0131rmada 2020-ci ild\u0259 iki \u00f6lk\u0259 aras\u0131nda at\u0259\u015fk\u0259s raz\u0131la\u015fmas\u0131n\u0131n \u015f\u0259rtl\u0259rin\u0259 \u0259sas\u0259n, b\u00f6lg\u0259d\u0259 1960 Rusiya h\u0259rb\u00e7isi, y\u00fczl\u0259rl\u0259 zirehli transportyor v\u0259 dig\u0259r h\u0259rbi texnika yerl\u0259\u015fdirildiyi v\u0259 s\u00fclhm\u0259raml\u0131 mandat\u0131n 2025-ci ilin noyabr\u0131nda ba\u015fa \u00e7atmal\u0131 oldu\u011fu xat\u0131rlad\u0131l\u0131b: &#8220;Beyn\u0259lxalq s\u0259viyy\u0259d\u0259 Az\u0259rbaycan\u0131n bir hiss\u0259si kimi tan\u0131nan da\u011fl\u0131q b\u00f6lg\u0259, Sovet&hellip;<\/p>\n","protected":false},"author":2,"featured_media":723714,"comment_status":"closed","ping_status":"closed","sticky":false,"template":"","format":"standard","meta":{"om_disable_all_campaigns":false,"_monsterinsights_skip_tracking":false,"_monsterinsights_sitenote_active":false,"_monsterinsights_sitenote_note":"","_monsterinsights_sitenote_category":0},"categories":[4],"tags":[],"aioseo_notices":[],"gutentor_comment":0,"rttpg_featured_image_url":{"full":["https:\/\/arantv.az\/wp-content\/uploads\/2024\/05\/9bc99c59171629936625384024210311981.jpg",975,540,false],"landscape":["https:\/\/arantv.az\/wp-content\/uploads\/2024\/05\/9bc99c59171629936625384024210311981.jpg",975,540,false],"portraits":["https:\/\/arantv.az\/wp-content\/uploads\/2024\/05\/9bc99c59171629936625384024210311981.jpg",975,540,false],"thumbnail":["https:\/\/arantv.az\/wp-content\/uploads\/2024\/05\/9bc99c59171629936625384024210311981-500x280.jpg",500,280,true],"medium":["https:\/\/arantv.az\/wp-content\/uploads\/2024\/05\/9bc99c59171629936625384024210311981-660x365.jpg",660,365,true],"large":["https:\/\/arantv.az\/wp-content\/uploads\/2024\/05\/9bc99c59171629936625384024210311981-840x465.jpg",640,354,true],"1536x1536":["https:\/\/arantv.az\/wp-content\/uploads\/2024\/05\/9bc99c59171629936625384024210311981.jpg",975,540,false],"2048x2048":["https:\/\/arantv.az\/wp-content\/uploads\/2024\/05\/9bc99c59171629936625384024210311981.jpg",975,540,false],"post-thumbnail":["https:\/\/arantv.az\/wp-content\/uploads\/2024\/05\/9bc99c59171629936625384024210311981-240x172.jpg",240,172,true],"advps-thumb-one":["https:\/\/arantv.az\/wp-content\/uploads\/2024\/05\/9bc99c59171629936625384024210311981.jpg",975,540,false]},"rttpg_author":{"display_name":"V\u00fcsal Rafiqo\u011flu","author_link":"https:\/\/arantv.az\/?author=2"},"rttpg_comment":0,"rttpg_category":"<a href=\"https:\/\/arantv.az\/?cat=4\" rel=\"category\">Siyas\u0259t<\/a>","rttpg_excerpt":"&#8220;Rusiya Az\u0259rbaycan\u0131n Qaraba\u011f b\u00f6lg\u0259sind\u0259n 2000-\u0259 yax\u0131n s\u00fclhm\u0259raml\u0131s\u0131n\u0131 \u00e7\u0131xar\u0131b. Bu g\u00f6zl\u0259nilm\u0259z add\u0131m Az\u0259rbaycan v\u0259 Erm\u0259nistan aras\u0131nda davam ed\u0259n normalla\u015fmaya t\u00f6hf\u0259 ver\u0259 bil\u0259r&#8221;. ARANTV.AZ\u00a0 x\u0259b\u0259r verir ki,\u00a0\u00a0bu bar\u0259d\u0259 &#8220;International Policy Digest&#8221; n\u0259\u015frind\u0259 d\u0259rc olunan &#8220;Rusiya s\u00fclhm\u0259raml\u0131 kontingentinin Qaraba\u011fdan \u00e7\u0131xar\u0131lmas\u0131 davaml\u0131 s\u00fclh\u0259 g\u0259tir\u0259 bil\u0259r&#8221; adl\u0131 m\u0259qal\u0259d\u0259 bildirilib. Kri\u015fna Nag\u0131n m\u00fc\u0259llifi oldu\u011fu ara\u015fd\u0131rmada 2020-ci ild\u0259 iki \u00f6lk\u0259 aras\u0131nda at\u0259\u015fk\u0259s&hellip;","_links":{"self":[{"href":"https:\/\/arantv.az\/index.php?rest_route=\/wp\/v2\/posts\/723713"}],"collection":[{"href":"https:\/\/arantv.az\/index.php?rest_route=\/wp\/v2\/posts"}],"about":[{"href":"https:\/\/arantv.az\/index.php?rest_route=\/wp\/v2\/types\/post"}],"author":[{"embeddable":true,"href":"https:\/\/arantv.az\/index.php?rest_route=\/wp\/v2\/users\/2"}],"replies":[{"embeddable":true,"href":"https:\/\/arantv.az\/index.php?rest_route=%2Fwp%2Fv2%2Fcomments&post=723713"}],"version-history":[{"count":0,"href":"https:\/\/arantv.az\/index.php?rest_route=\/wp\/v2\/posts\/723713\/revisions"}],"wp:featuredmedia":[{"embeddable":true,"href":"https:\/\/arantv.az\/index.php?rest_route=\/wp\/v2\/media\/723714"}],"wp:attachment":[{"href":"https:\/\/arantv.az\/index.php?rest_route=%2Fwp%2Fv2%2Fmedia&parent=723713"}],"wp:term":[{"taxonomy":"category","embeddable":true,"href":"https:\/\/arantv.az\/index.php?rest_route=%2Fwp%2Fv2%2Fcategories&post=723713"},{"taxonomy":"post_tag","embeddable":true,"href":"https:\/\/arantv.az\/index.php?rest_route=%2Fwp%2Fv2%2Ftags&post=723713"}],"curies":[{"name":"wp","href":"https:\/\/api.w.org\/{rel}","templated":true}]}}