{"id":723721,"date":"2024-05-21T21:03:18","date_gmt":"2024-05-21T17:03:18","guid":{"rendered":"https:\/\/arantv.az\/?p=723721"},"modified":"2024-05-21T21:03:18","modified_gmt":"2024-05-21T17:03:18","slug":"sulhm%c9%99ramlilarin-qarabagdan-cixarilmasi-davamli-sulh%c9%99-g%c9%99tir%c9%99-bil%c9%99r","status":"publish","type":"post","link":"https:\/\/arantv.az\/?p=723721","title":{"rendered":"&#8220;S\u00fclhm\u0259raml\u0131lar\u0131n Qaraba\u011fdan \u00e7\u0131xar\u0131lmas\u0131 davaml\u0131 s\u00fclh\u0259 g\u0259tir\u0259 bil\u0259r&#8221;"},"content":{"rendered":"<p><strong>AB\u015e-da yay\u0131mlanan \u201cInternational Policy Digest\u201d n\u0259\u015frind\u0259 s\u00fclhr\u0259maml\u0131lar\u0131n b\u00f6lg\u0259ni t\u0259rk etm\u0259sind\u0259n sonra Az\u0259rbaycan il\u0259 Erm\u0259nistan aras\u0131nda davaml\u0131 s\u00fclh\u00fcn \u0259ld\u0259 olunmas\u0131 \u00fc\u00e7\u00fcn yeni imkanlar\u0131n yaranmas\u0131ndan b\u0259hs ed\u0259n m\u0259qal\u0259 d\u0259rc olunub.<\/strong><\/p>\n<p>M\u0259qal\u0259d\u0259 2020-ci ild\u0259 \u0259ld\u0259 edilmi\u015f at\u0259\u015fk\u0259s \u015f\u0259rtl\u0259rin\u0259 \u0259sas\u0259n, 1960 rus \u0259sg\u0259rinin, y\u00fczl\u0259rl\u0259 zirehli transportyorun v\u0259 dig\u0259r h\u0259rbi texnikan\u0131n b\u00f6lg\u0259d\u0259 yerl\u0259\u015fdirildiyi vur\u011fulan\u0131b. Qeyd edilib ki, s\u00fclhm\u0259raml\u0131 kontingentin missiyas\u0131 2025-ci ilin noyabr\u0131nda ba\u015fa \u00e7atmal\u0131 olsa da, Rusiya s\u00fclhm\u0259raml\u0131lar\u0131 b\u00f6lg\u0259d\u0259n \u00e7\u0131xar\u0131b.<\/p>\n<p>Yaz\u0131da Qaraba\u011f\u0131n beyn\u0259lxalq s\u0259viyy\u0259d\u0259 Az\u0259rbaycan\u0131n \u0259razisi kimi tan\u0131nd\u0131\u011f\u0131 diqq\u0259t\u0259 \u00e7atd\u0131r\u0131l\u0131b. Bildirilib ki, Qaraba\u011f b\u00f6lg\u0259si Sovet \u0130ttifaq\u0131n\u0131n s\u00fcqut etdiyi d\u00f6vrl\u0259rd\u0259 ba\u015flayan Birinci Qaraba\u011f m\u00fcharib\u0259sind\u0259n sonra Erm\u0259nistan t\u0259r\u0259find\u0259n t\u0259xmin\u0259n otuz il i\u015f\u011fal alt\u0131nda saxlan\u0131l\u0131b: \u201cAz\u0259rbaycan 2020-ci ild\u0259 \u0130kinci Qaraba\u011f m\u00fcharib\u0259sind\u0259 v\u0259 2023-c\u00fc ilin sentyabr\u0131nda \u0259raziy\u0259 n\u0259zar\u0259ti b\u0259rpa edib. Alt\u0131 ay sonra Rusiya Qaraba\u011fdan s\u00fclhm\u0259raml\u0131lar\u0131n\u0131 \u00e7\u0131xar\u0131b. Bu bar\u0259d\u0259 Kremlin s\u00f6z\u00e7\u00fcs\u00fc Dmitri Peskov m\u0259lumat verib\u201d.<\/p>\n<p>M\u0259qal\u0259d\u0259 Az\u0259rbaycan Respublikas\u0131 Prezidentinin k\u00f6m\u0259k\u00e7isi &#8211; Prezident Administrasiyas\u0131n\u0131n Xarici siyas\u0259t m\u0259s\u0259l\u0259l\u0259ri \u015f\u00f6b\u0259sinin m\u00fcdiri Hikm\u0259t Hac\u0131yevin bu bar\u0259d\u0259\u00a0AZ\u018fRTAC-a a\u00e7\u0131qlamas\u0131ndan sitat g\u0259tirilib: \u201c2020-ci il noyabr\u0131n 10-da imzalanm\u0131\u015f \u00fc\u00e7t\u0259r\u0259fli B\u0259yanata \u0259sas\u0259n, Az\u0259rbaycan Respublikas\u0131n\u0131n \u0259razisind\u0259 m\u00fcv\u0259qq\u0259ti olaraq yerl\u0259\u015fdirilmi\u015f Rusiya Federasiyas\u0131 s\u00fclhm\u0259raml\u0131lar\u0131n\u0131n \u00f6lk\u0259mizin \u0259razisind\u0259n vaxt\u0131ndan \u0259vv\u0259l \u00e7\u0131xar\u0131lmas\u0131 bar\u0259d\u0259 h\u0259r iki \u00f6lk\u0259nin ali r\u0259hb\u0259rliyi t\u0259r\u0259find\u0259n q\u0259rar q\u0259bul edilib\u201d.<\/p>\n<p>Yaz\u0131da iki \u00f6lk\u0259 aras\u0131nda Alma-Ata Protokollar\u0131 \u0259sas\u0131nda s\u0259rh\u0259dl\u0259rin delimitasiyas\u0131 v\u0259 demarkasiyas\u0131 istiqam\u0259tind\u0259 \u0259ld\u0259 olunan raz\u0131l\u0131\u011f\u0131n v\u0259 at\u0131lan add\u0131mlar\u0131n x\u00fcsusil\u0259 \u00fcmidverici oldu\u011fu bildirilib. H\u0259m\u00e7inin Z\u0259ng\u0259zur d\u0259hlizi haqq\u0131nda da m\u0259lumat verilib, bu m\u0259s\u0259l\u0259nin h\u0259l\u0259 d\u0259 h\u0259llini tapmad\u0131\u011f\u0131 vur\u011fulan\u0131b. Qeyd edilib ki, Az\u0259rbaycan 2020-ci ild\u0259 imzalanm\u0131\u015f b\u0259yanatda n\u0259z\u0259rd\u0259 tutuldu\u011fu kimi, Nax\u00e7\u0131vanla \u0259laq\u0259sinin b\u0259rpa olunmas\u0131 \u00fc\u00e7\u00fcn Erm\u0259nistan \u0259razisind\u0259 34 kilometrlik yolun v\u0259 d\u0259mir yolunun tikintisini d\u0259st\u0259kl\u0259yir.<\/p>\n<p>M\u0259qal\u0259d\u0259 Az\u0259rbaycan Respublikas\u0131 Prezidentinin x\u00fcsusi tap\u015f\u0131r\u0131qlar \u00fczr\u0259 n\u00fcmay\u0259nd\u0259si El\u00e7in \u018fmirb\u0259yovun Almaniyan\u0131n \u201cDie Zeit\u201d q\u0259zetin\u0259 m\u00fcsahib\u0259sind\u0259n d\u0259 sitat g\u0259tirilib: \u201cErm\u0259nistan t\u0259crid v\u0259ziyy\u0259tini a\u015fa, tranzit g\u0259lirl\u0259ri \u0259ld\u0259 ed\u0259 v\u0259 T\u00fcrkiy\u0259 il\u0259 m\u00fcnasib\u0259tl\u0259rini yax\u015f\u0131la\u015fd\u0131ra bil\u0259r\u201d. O, qeyd edib ki, Erm\u0259nistan bu t\u0259klifi r\u0259dd ed\u0259rs\u0259, Az\u0259rbaycan yolu v\u0259 d\u0259mir yolunu \u0130ran vasit\u0259sil\u0259 daha c\u0259nubda da in\u015fa ed\u0259 bil\u0259r ki, bu da yaln\u0131z on kilometr uzun olacaq.<\/p>\n<p>N\u0259\u015frd\u0259n Az\u0259rbaycan\u0131n COP29-a ev sahibliyi haqq\u0131nda da m\u0259lumat veril\u0259r\u0259k bildirilib: \u201cKe\u00e7\u0259n ilin dekabr\u0131nda \u0259h\u0259miyy\u0259tli \u0259m\u0259kda\u015fl\u0131q g\u00f6st\u0259ricisi olaraq, Erm\u0259nistan Az\u0259rbaycan\u0131n bu il Bak\u0131da ke\u00e7iril\u0259c\u0259k COP29 t\u0259dbirin\u0259 ev sahibliyi t\u0259klifini d\u0259st\u0259kl\u0259di. \u0130ki qon\u015fu aras\u0131nda ilk beyn\u0259lxalq d\u0259st\u0259k jesti olan bu add\u0131m xarici g\u00fccl\u0259r geopolitik maraqlar\u0131n\u0131 g\u00fcdm\u0259kd\u0259n \u0259l \u00e7\u0259k\u0259rs\u0259 regionda \u0259m\u0259kda\u015fl\u0131\u011f\u0131n m\u00fcmk\u00fcn oldu\u011funu g\u00f6st\u0259rir\u201d.<\/p>\n<p>M\u0259qal\u0259nin tam m\u0259tni il\u0259 a\u015fa\u011f\u0131dak\u0131 link vasit\u0259sil\u0259 tan\u0131\u015f olmaq m\u00fcmk\u00fcnd\u00fcr:\u00a0<a href=\"https:\/\/intpolicydigest.org\/russia-s-withdrawal-from-karabakh-could-lead-to-a-lasting-peace\/#google_vignette\" target=\"_blank\" rel=\"noopener\">https:\/\/intpolicydigest.org\/russia-s-withdrawal-from-karabakh-could-lead-to-a-lasting-peace\/#google_vignette<\/a><\/p>\n<p><strong><em>Ayt\u0259n Abbasl\u0131<br \/>\n<\/em><\/strong><strong><em>AZ\u018fRTAC-\u0131n x\u00fcsusi m\u00fcxbiri<br \/>\n<\/em><\/strong><strong><em>London<\/em><\/strong><\/p>\n","protected":false},"excerpt":{"rendered":"<p>AB\u015e-da yay\u0131mlanan \u201cInternational Policy Digest\u201d n\u0259\u015frind\u0259 s\u00fclhr\u0259maml\u0131lar\u0131n b\u00f6lg\u0259ni t\u0259rk etm\u0259sind\u0259n sonra Az\u0259rbaycan il\u0259 Erm\u0259nistan aras\u0131nda davaml\u0131 s\u00fclh\u00fcn \u0259ld\u0259 olunmas\u0131 \u00fc\u00e7\u00fcn yeni imkanlar\u0131n yaranmas\u0131ndan b\u0259hs ed\u0259n m\u0259qal\u0259 d\u0259rc olunub. M\u0259qal\u0259d\u0259 2020-ci ild\u0259 \u0259ld\u0259 edilmi\u015f at\u0259\u015fk\u0259s \u015f\u0259rtl\u0259rin\u0259 \u0259sas\u0259n, 1960 rus \u0259sg\u0259rinin, y\u00fczl\u0259rl\u0259 zirehli transportyorun v\u0259 dig\u0259r h\u0259rbi texnikan\u0131n b\u00f6lg\u0259d\u0259 yerl\u0259\u015fdirildiyi vur\u011fulan\u0131b. Qeyd edilib ki, s\u00fclhm\u0259raml\u0131 kontingentin missiyas\u0131 2025-ci ilin noyabr\u0131nda ba\u015fa \u00e7atmal\u0131 olsa da, Rusiya s\u00fclhm\u0259raml\u0131lar\u0131 b\u00f6lg\u0259d\u0259n \u00e7\u0131xar\u0131b. Yaz\u0131da Qaraba\u011f\u0131n beyn\u0259lxalq s\u0259viyy\u0259d\u0259 Az\u0259rbaycan\u0131n \u0259razisi kimi tan\u0131nd\u0131\u011f\u0131 diqq\u0259t\u0259 \u00e7atd\u0131r\u0131l\u0131b. Bildirilib ki, Qaraba\u011f b\u00f6lg\u0259si Sovet \u0130ttifaq\u0131n\u0131n s\u00fcqut etdiyi d\u00f6vrl\u0259rd\u0259 ba\u015flayan Birinci Qaraba\u011f m\u00fcharib\u0259sind\u0259n sonra&hellip;<\/p>\n","protected":false},"author":2,"featured_media":723722,"comment_status":"closed","ping_status":"closed","sticky":false,"template":"","format":"standard","meta":{"om_disable_all_campaigns":false,"_monsterinsights_skip_tracking":false,"_monsterinsights_sitenote_active":false,"_monsterinsights_sitenote_note":"","_monsterinsights_sitenote_category":0},"categories":[4],"tags":[],"aioseo_notices":[],"gutentor_comment":0,"rttpg_featured_image_url":{"full":["https:\/\/arantv.az\/wp-content\/uploads\/2024\/05\/a8e75400628547852e605d3e7a5d28f4.jpg",480,320,false],"landscape":["https:\/\/arantv.az\/wp-content\/uploads\/2024\/05\/a8e75400628547852e605d3e7a5d28f4.jpg",480,320,false],"portraits":["https:\/\/arantv.az\/wp-content\/uploads\/2024\/05\/a8e75400628547852e605d3e7a5d28f4.jpg",480,320,false],"thumbnail":["https:\/\/arantv.az\/wp-content\/uploads\/2024\/05\/a8e75400628547852e605d3e7a5d28f4-480x280.jpg",480,280,true],"medium":["https:\/\/arantv.az\/wp-content\/uploads\/2024\/05\/a8e75400628547852e605d3e7a5d28f4.jpg",480,320,false],"large":["https:\/\/arantv.az\/wp-content\/uploads\/2024\/05\/a8e75400628547852e605d3e7a5d28f4.jpg",480,320,false],"1536x1536":["https:\/\/arantv.az\/wp-content\/uploads\/2024\/05\/a8e75400628547852e605d3e7a5d28f4.jpg",480,320,false],"2048x2048":["https:\/\/arantv.az\/wp-content\/uploads\/2024\/05\/a8e75400628547852e605d3e7a5d28f4.jpg",480,320,false],"post-thumbnail":["https:\/\/arantv.az\/wp-content\/uploads\/2024\/05\/a8e75400628547852e605d3e7a5d28f4-240x172.jpg",240,172,true],"advps-thumb-one":["https:\/\/arantv.az\/wp-content\/uploads\/2024\/05\/a8e75400628547852e605d3e7a5d28f4.jpg",480,320,false]},"rttpg_author":{"display_name":"V\u00fcsal Rafiqo\u011flu","author_link":"https:\/\/arantv.az\/?author=2"},"rttpg_comment":0,"rttpg_category":"<a href=\"https:\/\/arantv.az\/?cat=4\" rel=\"category\">Siyas\u0259t<\/a>","rttpg_excerpt":"AB\u015e-da yay\u0131mlanan \u201cInternational Policy Digest\u201d n\u0259\u015frind\u0259 s\u00fclhr\u0259maml\u0131lar\u0131n b\u00f6lg\u0259ni t\u0259rk etm\u0259sind\u0259n sonra Az\u0259rbaycan il\u0259 Erm\u0259nistan aras\u0131nda davaml\u0131 s\u00fclh\u00fcn \u0259ld\u0259 olunmas\u0131 \u00fc\u00e7\u00fcn yeni imkanlar\u0131n yaranmas\u0131ndan b\u0259hs ed\u0259n m\u0259qal\u0259 d\u0259rc olunub. M\u0259qal\u0259d\u0259 2020-ci ild\u0259 \u0259ld\u0259 edilmi\u015f at\u0259\u015fk\u0259s \u015f\u0259rtl\u0259rin\u0259 \u0259sas\u0259n, 1960 rus \u0259sg\u0259rinin, y\u00fczl\u0259rl\u0259 zirehli transportyorun v\u0259 dig\u0259r h\u0259rbi texnikan\u0131n b\u00f6lg\u0259d\u0259 yerl\u0259\u015fdirildiyi vur\u011fulan\u0131b. Qeyd edilib ki, s\u00fclhm\u0259raml\u0131 kontingentin missiyas\u0131&hellip;","_links":{"self":[{"href":"https:\/\/arantv.az\/index.php?rest_route=\/wp\/v2\/posts\/723721"}],"collection":[{"href":"https:\/\/arantv.az\/index.php?rest_route=\/wp\/v2\/posts"}],"about":[{"href":"https:\/\/arantv.az\/index.php?rest_route=\/wp\/v2\/types\/post"}],"author":[{"embeddable":true,"href":"https:\/\/arantv.az\/index.php?rest_route=\/wp\/v2\/users\/2"}],"replies":[{"embeddable":true,"href":"https:\/\/arantv.az\/index.php?rest_route=%2Fwp%2Fv2%2Fcomments&post=723721"}],"version-history":[{"count":0,"href":"https:\/\/arantv.az\/index.php?rest_route=\/wp\/v2\/posts\/723721\/revisions"}],"wp:featuredmedia":[{"embeddable":true,"href":"https:\/\/arantv.az\/index.php?rest_route=\/wp\/v2\/media\/723722"}],"wp:attachment":[{"href":"https:\/\/arantv.az\/index.php?rest_route=%2Fwp%2Fv2%2Fmedia&parent=723721"}],"wp:term":[{"taxonomy":"category","embeddable":true,"href":"https:\/\/arantv.az\/index.php?rest_route=%2Fwp%2Fv2%2Fcategories&post=723721"},{"taxonomy":"post_tag","embeddable":true,"href":"https:\/\/arantv.az\/index.php?rest_route=%2Fwp%2Fv2%2Ftags&post=723721"}],"curies":[{"name":"wp","href":"https:\/\/api.w.org\/{rel}","templated":true}]}}