{"id":723729,"date":"2024-05-21T21:16:26","date_gmt":"2024-05-21T17:16:26","guid":{"rendered":"https:\/\/arantv.az\/?p=723729"},"modified":"2024-05-21T21:16:26","modified_gmt":"2024-05-21T17:16:26","slug":"ilkin-suleymanovun-apellyasiya-m%c9%99hk%c9%99m%c9%99sin%c9%99-yeni-s%c9%99dr-t%c9%99yin-olundu","status":"publish","type":"post","link":"https:\/\/arantv.az\/?p=723729","title":{"rendered":"\u0130lkin S\u00fcleymanovun apellyasiya m\u0259hk\u0259m\u0259sin\u0259 yeni s\u0259dr t\u0259yin olundu"},"content":{"rendered":"<p>\u0130lkin S\u00fcleymanovun bir m\u00fcdd\u0259tdir t\u0259xir\u0259 d\u00fc\u015f\u0259n n\u00f6vb\u0259ti apellyasiya m\u0259hk\u0259m\u0259sin\u0259 yeni s\u0259dr t\u0259yin edilib, n\u00f6vb\u0259ti prosesin vaxt\u0131 m\u0259lum olub.<\/p>\n<p>&#8220;Report&#8221;un m\u0259lumat\u0131na g\u00f6r\u0259, G\u0259nc\u0259 Apellyasiya M\u0259hk\u0259m\u0259sind\u0259 ke\u00e7iril\u0259c\u0259k proses\u0259 Rafiq C\u0259f\u0259rov s\u0259drlik ed\u0259c\u0259k. Dig\u0259r hakiml\u0259r is\u0259 \u018flzamin Abdullayev v\u0259 Salman H\u00fcseynov olacaq.<\/p>\n<p>N\u00f6vb\u0259ti m\u0259hk\u0259m\u0259 may\u0131n 22-n\u0259 t\u0259yin olunub.<\/p>\n<p>Qeyd ed\u0259k ki, \u0130lkin S\u00fcleymanovun apellyasiya m\u0259hk\u0259m\u0259si bir m\u00fcdd\u0259tdir ki, \u00f6nc\u0259ki hakim Teyyub Muxtarovun t\u0259yinat\u0131 il\u0259 ba\u011fl\u0131 t\u0259xir\u0259 sal\u0131nm\u0131\u015fd\u0131.<\/p>\n<p>Xat\u0131rladaq ki, Tovuz rayonunun Dondar Qu\u015f\u00e7u k\u0259nd sakini N.Quliyeva 2019-cu il noyabr\u0131n 21-d\u0259 itkin d\u00fc\u015f\u00fcb, onun meyiti 2020-ci il yanvar\u0131n alt\u0131s\u0131nda yand\u0131r\u0131lm\u0131\u015f halda tap\u0131l\u0131b. 2020-ci il yanvar\u0131n 10-da is\u0259 hadis\u0259ni t\u00f6r\u0259tm\u0259kd\u0259 \u015f\u00fcbh\u0259li bilin\u0259n Dondar Qu\u015f\u00e7u k\u0259nd sakini, 1973-c\u00fc il t\u0259v\u0259ll\u00fcdl\u00fc \u0130.S\u00fcleymanov saxlan\u0131laraq istintaqa c\u0259lb edilib.<\/p>\n<p>Ona Cinay\u0259t M\u0259c\u0259ll\u0259sinin 120.2.4 (x\u00fcsusi amans\u0131zl\u0131qla q\u0259sd\u0259n adam \u00f6ld\u00fcrm\u0259), 120.2.9 (t\u0259qsirkar \u015f\u0259xs \u00fc\u00e7\u00fcn a\u015fkar sur\u0259td\u0259 k\u00f6m\u0259ksiz v\u0259ziyy\u0259td\u0259 olan adam\u0131 q\u0259sd\u0259n \u00f6ld\u00fcrm\u0259), 144.3 (adam o\u011furlu\u011fu) v\u0259 ba\u015fqa madd\u0259l\u0259rind\u0259 n\u0259z\u0259rd\u0259 tutulan ittiham elan olunub. \u0130lkin S\u00fcleymanov m\u0259hk\u0259m\u0259nin q\u0259rar\u0131 il\u0259 18 il m\u00fcdd\u0259tin\u0259 azadl\u0131qdan m\u0259hrum edilib.<\/p>\n","protected":false},"excerpt":{"rendered":"<p>\u0130lkin S\u00fcleymanovun bir m\u00fcdd\u0259tdir t\u0259xir\u0259 d\u00fc\u015f\u0259n n\u00f6vb\u0259ti apellyasiya m\u0259hk\u0259m\u0259sin\u0259 yeni s\u0259dr t\u0259yin edilib, n\u00f6vb\u0259ti prosesin vaxt\u0131 m\u0259lum olub. &#8220;Report&#8221;un m\u0259lumat\u0131na g\u00f6r\u0259, G\u0259nc\u0259 Apellyasiya M\u0259hk\u0259m\u0259sind\u0259 ke\u00e7iril\u0259c\u0259k proses\u0259 Rafiq C\u0259f\u0259rov s\u0259drlik ed\u0259c\u0259k. Dig\u0259r hakiml\u0259r is\u0259 \u018flzamin Abdullayev v\u0259 Salman H\u00fcseynov olacaq. N\u00f6vb\u0259ti m\u0259hk\u0259m\u0259 may\u0131n 22-n\u0259 t\u0259yin olunub. Qeyd ed\u0259k ki, \u0130lkin S\u00fcleymanovun apellyasiya m\u0259hk\u0259m\u0259si bir m\u00fcdd\u0259tdir ki, \u00f6nc\u0259ki hakim Teyyub Muxtarovun t\u0259yinat\u0131 il\u0259 ba\u011fl\u0131 t\u0259xir\u0259 sal\u0131nm\u0131\u015fd\u0131. Xat\u0131rladaq ki, Tovuz rayonunun Dondar Qu\u015f\u00e7u k\u0259nd sakini N.Quliyeva 2019-cu il noyabr\u0131n 21-d\u0259 itkin d\u00fc\u015f\u00fcb, onun meyiti 2020-ci il yanvar\u0131n alt\u0131s\u0131nda yand\u0131r\u0131lm\u0131\u015f halda tap\u0131l\u0131b. 2020-ci il&hellip;<\/p>\n","protected":false},"author":2,"featured_media":723730,"comment_status":"closed","ping_status":"closed","sticky":false,"template":"","format":"standard","meta":{"om_disable_all_campaigns":false,"_monsterinsights_skip_tracking":false,"_monsterinsights_sitenote_active":false,"_monsterinsights_sitenote_note":"","_monsterinsights_sitenote_category":0},"categories":[5],"tags":[],"aioseo_notices":[],"gutentor_comment":0,"rttpg_featured_image_url":{"full":["https:\/\/arantv.az\/wp-content\/uploads\/2024\/05\/ilkin_41716309386.png",492,330,false],"landscape":["https:\/\/arantv.az\/wp-content\/uploads\/2024\/05\/ilkin_41716309386.png",492,330,false],"portraits":["https:\/\/arantv.az\/wp-content\/uploads\/2024\/05\/ilkin_41716309386.png",492,330,false],"thumbnail":["https:\/\/arantv.az\/wp-content\/uploads\/2024\/05\/ilkin_41716309386-492x280.png",492,280,true],"medium":["https:\/\/arantv.az\/wp-content\/uploads\/2024\/05\/ilkin_41716309386.png",492,330,false],"large":["https:\/\/arantv.az\/wp-content\/uploads\/2024\/05\/ilkin_41716309386.png",492,330,false],"1536x1536":["https:\/\/arantv.az\/wp-content\/uploads\/2024\/05\/ilkin_41716309386.png",492,330,false],"2048x2048":["https:\/\/arantv.az\/wp-content\/uploads\/2024\/05\/ilkin_41716309386.png",492,330,false],"post-thumbnail":["https:\/\/arantv.az\/wp-content\/uploads\/2024\/05\/ilkin_41716309386-240x172.png",240,172,true],"advps-thumb-one":["https:\/\/arantv.az\/wp-content\/uploads\/2024\/05\/ilkin_41716309386.png",492,330,false]},"rttpg_author":{"display_name":"V\u00fcsal Rafiqo\u011flu","author_link":"https:\/\/arantv.az\/?author=2"},"rttpg_comment":0,"rttpg_category":"<a href=\"https:\/\/arantv.az\/?cat=5\" rel=\"category\">Hadis\u0259<\/a>","rttpg_excerpt":"\u0130lkin S\u00fcleymanovun bir m\u00fcdd\u0259tdir t\u0259xir\u0259 d\u00fc\u015f\u0259n n\u00f6vb\u0259ti apellyasiya m\u0259hk\u0259m\u0259sin\u0259 yeni s\u0259dr t\u0259yin edilib, n\u00f6vb\u0259ti prosesin vaxt\u0131 m\u0259lum olub. &#8220;Report&#8221;un m\u0259lumat\u0131na g\u00f6r\u0259, G\u0259nc\u0259 Apellyasiya M\u0259hk\u0259m\u0259sind\u0259 ke\u00e7iril\u0259c\u0259k proses\u0259 Rafiq C\u0259f\u0259rov s\u0259drlik ed\u0259c\u0259k. Dig\u0259r hakiml\u0259r is\u0259 \u018flzamin Abdullayev v\u0259 Salman H\u00fcseynov olacaq. N\u00f6vb\u0259ti m\u0259hk\u0259m\u0259 may\u0131n 22-n\u0259 t\u0259yin olunub. Qeyd ed\u0259k ki, \u0130lkin S\u00fcleymanovun apellyasiya m\u0259hk\u0259m\u0259si bir m\u00fcdd\u0259tdir ki,&hellip;","_links":{"self":[{"href":"https:\/\/arantv.az\/index.php?rest_route=\/wp\/v2\/posts\/723729"}],"collection":[{"href":"https:\/\/arantv.az\/index.php?rest_route=\/wp\/v2\/posts"}],"about":[{"href":"https:\/\/arantv.az\/index.php?rest_route=\/wp\/v2\/types\/post"}],"author":[{"embeddable":true,"href":"https:\/\/arantv.az\/index.php?rest_route=\/wp\/v2\/users\/2"}],"replies":[{"embeddable":true,"href":"https:\/\/arantv.az\/index.php?rest_route=%2Fwp%2Fv2%2Fcomments&post=723729"}],"version-history":[{"count":0,"href":"https:\/\/arantv.az\/index.php?rest_route=\/wp\/v2\/posts\/723729\/revisions"}],"wp:featuredmedia":[{"embeddable":true,"href":"https:\/\/arantv.az\/index.php?rest_route=\/wp\/v2\/media\/723730"}],"wp:attachment":[{"href":"https:\/\/arantv.az\/index.php?rest_route=%2Fwp%2Fv2%2Fmedia&parent=723729"}],"wp:term":[{"taxonomy":"category","embeddable":true,"href":"https:\/\/arantv.az\/index.php?rest_route=%2Fwp%2Fv2%2Fcategories&post=723729"},{"taxonomy":"post_tag","embeddable":true,"href":"https:\/\/arantv.az\/index.php?rest_route=%2Fwp%2Fv2%2Ftags&post=723729"}],"curies":[{"name":"wp","href":"https:\/\/api.w.org\/{rel}","templated":true}]}}