{"id":723877,"date":"2024-05-22T16:01:17","date_gmt":"2024-05-22T12:01:17","guid":{"rendered":"https:\/\/arantv.az\/?p=723877"},"modified":"2024-05-22T16:01:17","modified_gmt":"2024-05-22T12:01:17","slug":"bizim-sozumuz-s%c9%99n%c9%99ddir-dey%c9%99n-qonsu","status":"publish","type":"post","link":"https:\/\/arantv.az\/?p=723877","title":{"rendered":"\u201cBizim s\u00f6z\u00fcm\u00fcz s\u0259n\u0259ddir\u201d dey\u0259n qon\u015fu"},"content":{"rendered":"<h3><strong>Az\u0259rbaycan-\u0130ran m\u00fcnasib\u0259tl\u0259ri zaman-zaman s\u0131naqlara m\u0259ruz qalsa da, \u015f\u00fck\u00fcr ki, h\u0259m Bak\u0131, h\u0259m Tehran iki qon\u015fu d\u00f6vl\u0259t aras\u0131nda normalla\u015fman\u0131 saxlaya bilirl\u0259r&#8230;<\/strong><\/h3>\n<p>\u0130ran r\u0259smil\u0259rinin q\u0259zada h\u0259lak olmas\u0131n\u0131n s\u0259b\u0259bl\u0259rinin \u201c\u0259r\u0259b sa\u00e7\u0131na\u201d b\u0259nz\u0259m\u0259si indiki d\u00fcnya reall\u0131\u011f\u0131na uy\u011fundur. \u0130ran d\u00fcnyan\u0131n hans\u0131 qaynar b\u00f6lg\u0259sind\u0259 var, ona \u00f6t\u0259ri diqq\u0259t ed\u0259k. Suriyada var. \u0130raqda var. Livanda var. F\u0259l\u0259stind\u0259 var. Y\u0259m\u0259nd\u0259 var. Bu, birba\u015fa h\u0259rbi i\u015ftirak\u0131 oldu\u011fu\u00a0 \u00f6lk\u0259l\u0259rdir. B\u0259hreyn, \u018ffqan\u0131stan v\u0259 Pakistan\u0131n da ad\u0131 siyasi t\u0259siri olan \u00f6lk\u0259l\u0259rin siyah\u0131s\u0131na \u0259lav\u0259 oluna bil\u0259r. Yerl\u0259\u015fdiyi \u0259lveri\u015fli co\u011frafiyaya baxmayaraq, o da ger\u00e7\u0259klikdir ki, t\u0259sir dair\u0259sini ist\u0259diyi kimi geni\u015fl\u0259ndir\u0259 bilm\u0259yib, amma Orta Asiyadan Afrikaya kim\u0259 uzatmaq ist\u0259diyi \u201c\u0259l\u201di d\u0259 var. Son aylar is\u0259 Q\u0259rb onu \u0259vv\u0259l Ukrayna m\u00fcharib\u0259sind\u0259 Rusiyaya h\u0259rbi d\u0259st\u0259kl\u0259di su\u00e7lad\u0131, sonra da Yax\u0131n \u015e\u0259rqd\u0259 \u0130srail-F\u0259l\u0259stin m\u00fcnaqi\u015f\u0259sind\u0259&#8230; \u00dcst\u0259lik, bura AB\u015e-\u0131n sadiq m\u00fctt\u0259fiql\u0259ri olan S\u0259udiyy\u0259 \u018fr\u0259bistan\u0131 v\u0259 Birl\u0259\u015fmi\u015f \u018fr\u0259b \u018fmirlikl\u0259ri il\u0259 \u0130ran\u0131n g\u0259rgin m\u00fcnasib\u0259tl\u0259rini d\u0259 \u0259lav\u0259 ets\u0259k, \u201ck\u0259l\u0259fin ucunu\u201d axtarmaq lap \u00e7\u0259tinl\u0259\u015f\u0259r. \u0130ran dostu az, d\u00fc\u015fm\u0259ni \u00e7ox olan d\u00f6vl\u0259tdir. D\u00fc\u015fm\u0259nin \u00e7oxdursa, ba\u015f\u0131na g\u0259l\u0259n h\u0259r q\u0259zada m\u00fctl\u0259q bir su\u00e7lu axtarmal\u0131san, \u015f\u00fcbh\u0259l\u0259nm\u0259lis\u0259n&#8230;<img loading=\"lazy\" src=\"https:\/\/cdn.musavat.com\/news\/video\/NewFolder\/ali-fotolar\/fb36c08-iran-705.jpg\" alt=\"fb36c08-iran-705.jpg (45 KB)\" width=\"705\" height=\"395\" \/><\/p>\n<p>R\u0259isinin prezident se\u00e7ildikd\u0259n sonra ilk r\u0259smi s\u0259f\u0259r etdiyi (h\u0259m d\u0259 pandemiya d\u00f6vr\u00fcnd\u0259) Rusiya il\u0259 \u0259laq\u0259l\u0259r\u0259 g\u00f6r\u0259 sui-q\u0259sd\u0259 m\u0259ruz qalmas\u0131 haqda iddialar da var. \u00c7ar Rusiyas\u0131 il\u0259 \u0130ran \u0259laq\u0259l\u0259ri y\u00fczilliy\u0259 s\u00f6yk\u0259nir. \u0130ran v\u0259 Rusiya b\u00fct\u00fcn zamanlarda bir-birini anlaya bil\u0259n iki d\u00f6vl\u0259t olaraq yollar\u0131n\u0131 davam edirl\u0259r. D\u00fcnyan\u0131n bu m\u00fcnasib\u0259tl\u0259r\u0259 bax\u0131\u015f\u0131 bizi ba\u011flamaz, biz\u0259 d\u00f6vl\u0259t olaraq, bu qon\u015fular aras\u0131nda da s\u00fclh v\u0259 mehriban qon\u015fuluq \u0259laq\u0259l\u0259ri laz\u0131md\u0131r.<\/p>\n<p><img loading=\"lazy\" src=\"https:\/\/cdn.musavat.com\/news\/video\/NewFolder\/ali-fotolar\/1015025315_0_0_1600_1068_1920x0_80_0_0_353b7352945c96b0516524aaa233a20f.jpg\" alt=\"1015025315_0_0_1600_1068_1920x0_80_0_0_353b7352945c96b0516524aaa233a20f.jpg (308 KB)\" width=\"750\" height=\"500\" \/><\/p>\n<p>\u0130ran \u0130slam inqilab\u0131ndan sonra qapal\u0131 rejim olsa da, m\u0259s\u0259l\u0259n, \u015eimali Koreyaya b\u0259nz\u0259m\u0259z. \u0130ran i\u00e7i-\u00e7\u00f6l\u00fc il\u0259 o q\u0259d\u0259r m\u00fcr\u0259kk\u0259b sistemdir ki, onun t\u0259hlil edib n\u0259tic\u0259y\u0259 varmaq \u00e7\u0259tindir. R\u0259isi d\u00fcnya siyas\u0259tind\u0259 x\u00fcsusi a\u011f\u0131rl\u0131\u011f\u0131 olmayan prezident idi. Amma bu, onun \u015f\u0259xsin\u0259 ba\u011fl\u0131 m\u0259s\u0259l\u0259 d\u0259 deyildi. \u0130randan k\u0259nara \u00e7\u0131xmayan Ali Dini Liderin y\u00f6nl\u0259ndirdiyi \u00f6lk\u0259d\u0259 m\u0259hdud s\u0259lahiyy\u0259ti olan prezident \u00f6lk\u0259ni xaricl\u0259 \u0259laq\u0259l\u0259ndir\u0259n vasit\u0259\u00e7idir. Bu s\u0259b\u0259bd\u0259n \u0130ran prezidentl\u0259ri he\u00e7 vaxt d\u00fcnya liderl\u0259ri s\u0131ras\u0131nda yer tutma\u011fa h\u0259v\u0259sl\u0259nmir. R\u0259isid\u0259n \u0259vv\u0259lki prezident H\u0259s\u0259n Ruhani zaman\u0131nda, 2016-2017-ci ill\u0259rd\u0259 \u0130ran, Avropa Birliyi v\u0259 AB\u015e n\u00fcv\u0259 raz\u0131la\u015fmas\u0131 \u00fc\u00e7\u00fcn masaya oturdu. Ruhani h\u00f6kum\u0259tinin bir az da g\u00fcl\u0259r\u00fcz olan o vaxtk\u0131 xarici i\u015fl\u0259r naziri\u00a0 M\u0259h\u0259mm\u0259d Cavad Z\u0259rif avropal\u0131lar\u0131n v\u0259 AB\u015e d\u00f6vl\u0259t katibi Con Kerrinin \u0259hat\u0259sind\u0259 f\u0259rqli g\u00f6r\u00fcn\u00fcrd\u00fc, amma tablo \u0130ran v\u0259 d\u00fcnya \u00fc\u00e7\u00fcn laz\u0131ml\u0131 idi. T\u0259\u0259ss\u00fcf ki, Tramp A\u011f Ev\u0259 g\u0259l\u0259n kimi bu tarixi raz\u0131la\u015fman\u0131n \u00fcst\u00fcnd\u0259n x\u0259tt \u00e7\u0259kdi, indiy\u0259d\u0259k d\u0259 bunun\u00a0 tutarl\u0131 s\u0259b\u0259bini dey\u0259 bilmir&#8230;<\/p>\n<p><img loading=\"lazy\" src=\"https:\/\/cdn.musavat.com\/news\/video\/NewFolder\/ali-fotolar\/ee.png\" alt=\"ee.png (387 KB)\" width=\"781\" height=\"483\" \/><\/p>\n<p>R\u0259isinin Xudaf\u0259rind\u0259 Az\u0259rbaycan-\u0130ran \u0259laq\u0259l\u0259ri haqda b\u0259y\u0259nil\u0259n \u00e7\u0131x\u0131\u015f\u0131 \u0259lb\u0259tt\u0259 ki, s\u0131rf \u00f6z\u00fcn\u00fcn m\u00f6vqeyi hesab oluna bilm\u0259zdi, bu, d\u00f6vl\u0259t \u0259rkan\u0131 il\u0259 \u00fcmumi raz\u0131la\u015fd\u0131r\u0131lm\u0131\u015f tezisl\u0259r idi. Az\u0259rbaycan-\u0130ran m\u00fcnasib\u0259tl\u0259ri zaman-zaman s\u0131naqlara m\u0259ruz qalmas\u0131 da ger\u00e7\u0259klikdir, amma \u015f\u00fck\u00fcr ki, h\u0259m Bak\u0131, h\u0259m Tehran bu m\u00fcnasib\u0259tl\u0259rin q\u0131r\u0131lmamas\u0131 \u00fc\u00e7\u00fcn diplomatik \u00e7aba s\u0259rf ed\u0259r\u0259k iki qon\u015fu d\u00f6vl\u0259t aras\u0131nda normalla\u015fman\u0131 saxlaya bilirl\u0259r.<\/p>\n<p>D\u00fcnya siyas\u0259tind\u0259 el\u0259 bir m\u00fcr\u0259kk\u0259b zaman ya\u015fan\u0131r ki, h\u0259tta m\u0259s\u0259l\u0259n, NATO v\u0259 Avropa Birliyi kimi monolit g\u00f6r\u00fcn\u0259n birlikl\u0259rd\u0259\u00a0 \u00e7atlar yaran\u0131r. Qon\u015fuluqda da iki f\u0259rqli rejiml\u0259rin, amma tarixi bax\u0131mdan \u00e7ox yax\u0131n d\u00f6vl\u0259tl\u0259rin aras\u0131nda\u00a0 g\u0259rginlikl\u0259r olmas\u0131 b\u0259lk\u0259 d\u0259 t\u0259\u0259cc\u00fcbl\u00fc deyil. Zaman\u0131nda d\u00fcnya medias\u0131 bel\u0259 iddia edirdi ki, guya Az\u0259rbaycan \u00f6z \u0259razisind\u0259n \u0130rana Q\u0259rbin h\u0259rbi m\u00fcdaxil\u0259sin\u0259 raz\u0131l\u0131q ver\u0259 bil\u0259r. Prezident \u0130lham \u018fliyev is\u0259 m\u00fcnasib\u0259tl\u0259rd\u0259n as\u0131l\u0131 olmayaraq, he\u00e7 vaxt qon\u015fu \u0130rana h\u0259rbi m\u00fcdaxil\u0259 \u00fc\u00e7\u00fcn f\u00fcrs\u0259t verilm\u0259y\u0259c\u0259yini\u00a0 b\u0259yan edib. Bu \u201cBizim s\u00f6z\u00fcm\u00fcz s\u0259n\u0259ddir\u201d dey\u0259n Prezident \u018fliyevin d\u0259yi\u015fm\u0259z m\u00f6vqeyidir v\u0259 b\u0259lk\u0259 d\u0259 ba\u015fqa\u00a0 d\u00f6vl\u0259t bizim yerimizd\u0259 tam f\u0259rqli m\u00f6vqe tutard\u0131. M\u0259s\u0259l\u0259n, Q\u0259rbin m\u00fcdaxil\u0259si m\u00f6vzusu aktual olanda \u0130rana h\u00fccum plan\u0131n Erm\u0259nistandan m\u00fcmk\u00fcn olaca\u011f\u0131 haqda da \u00e7ox yaz\u0131rd\u0131lar. Bu plan indi g\u00fcnd\u0259md\u0259 deyil, amma Q\u0259rbin Erm\u0259nistanla gizli oyunlar\u0131, b\u00f6lg\u0259y\u0259 h\u0259rbi q\u00fcvv\u0259l\u0259r yerl\u0259\u015fdirm\u0259k c\u0259hdi \u0130ran\u0131 narahat etm\u0259kd\u0259dir. \u0130rana bunu b\u00f6lg\u0259y\u0259 t\u0259hl\u00fck\u0259 kimi deyir, amma onun da f\u0259rqind\u0259dir ki, Q\u0259rb Erm\u0259nistanda daha ciddi h\u0259rbi q\u00fcvv\u0259l\u0259r yerl\u0259\u015fdir\u0259rs\u0259, bu birba\u015fa Tehran\u0131n t\u0259hl\u00fck\u0259sizliyin\u0259 t\u0259hdiddir. Pa\u015finyan\u0131n R\u0259isinin d\u0259fnin\u0259 getm\u0259si qon\u015fuluqda t\u0259qdir edil\u0259si add\u0131md\u0131r. Amma bu, Erm\u0259nistan\u0131n n\u0259 vaxtsa \u0130rana arxadan z\u0259rb\u0259 vurmayaca\u011f\u0131na z\u0259man\u0259t vermir. \u0130ran da bunu bilir&#8230;<\/p>\n<p><img loading=\"lazy\" src=\"https:\/\/cdn.musavat.com\/news\/video\/NewFolder\/ali-fotolar\/333333333.jpg\" alt=\"333333333.jpg (57 KB)\" width=\"640\" height=\"427\" \/><\/p>\n<p>\u0130ran d\u00f6vl\u0259t r\u0259smil\u0259rinin q\u0259zada h\u0259lak olmas\u0131n\u0131n \u015fokunu tezlikl\u0259 adladacaq. Az\u0259rbaycan da \u0130ran r\u0259smil\u0259ri il\u0259 vida m\u0259rasimind\u0259 \u0259n y\u00fcks\u0259k s\u0259viyy\u0259d\u0259 t\u0259msil olundu. \u0130nd\u0259n sonra \u0259sas odur ki, bu m\u00f6vzuda m\u00fcmk\u00fcn spekulyasiyalar bu d\u00f6vl\u0259tin qon\u015fular\u0131, x\u00fcsusil\u0259 Az\u0259rbaycanla m\u00fcnasib\u0259tl\u0259rin\u0259 x\u0259l\u0259l g\u0259tirm\u0259sin. R\u0259smi Bak\u0131 bunu arzulay\u0131r v\u0259 Tehranda da f\u0259rqli d\u00fc\u015f\u00fcnm\u0259dikl\u0259rini d\u00fcnyas\u0131n\u0131 d\u0259yi\u015f\u0259n R\u0259isinin son a\u00e7\u0131qlamalar\u0131 da t\u0259sdiq edirdi&#8230;<\/p>\n<p>&nbsp;<\/p>\n<div class=\"news-author text-left\"><a href=\"https:\/\/www.musavat.com\/author\/nazim-sabiroglu_14\"><img class=\"img-responsive img-author\" src=\"https:\/\/cdn.musavat.com\/authors\/thumbnails\/0b1621208614b01a85702805e300e7b6.jpg\" \/>Nazim SAB\u0130RO\u011eLU<\/a><\/div>\n","protected":false},"excerpt":{"rendered":"<p>Az\u0259rbaycan-\u0130ran m\u00fcnasib\u0259tl\u0259ri zaman-zaman s\u0131naqlara m\u0259ruz qalsa da, \u015f\u00fck\u00fcr ki, h\u0259m Bak\u0131, h\u0259m Tehran iki qon\u015fu d\u00f6vl\u0259t aras\u0131nda normalla\u015fman\u0131 saxlaya bilirl\u0259r&#8230; \u0130ran r\u0259smil\u0259rinin q\u0259zada h\u0259lak olmas\u0131n\u0131n s\u0259b\u0259bl\u0259rinin \u201c\u0259r\u0259b sa\u00e7\u0131na\u201d b\u0259nz\u0259m\u0259si indiki d\u00fcnya reall\u0131\u011f\u0131na uy\u011fundur. \u0130ran d\u00fcnyan\u0131n hans\u0131 qaynar b\u00f6lg\u0259sind\u0259 var, ona \u00f6t\u0259ri diqq\u0259t ed\u0259k. Suriyada var. \u0130raqda var. Livanda var. F\u0259l\u0259stind\u0259 var. Y\u0259m\u0259nd\u0259 var. Bu, birba\u015fa h\u0259rbi i\u015ftirak\u0131 oldu\u011fu\u00a0 \u00f6lk\u0259l\u0259rdir. B\u0259hreyn, \u018ffqan\u0131stan v\u0259 Pakistan\u0131n da ad\u0131 siyasi t\u0259siri olan \u00f6lk\u0259l\u0259rin siyah\u0131s\u0131na \u0259lav\u0259 oluna bil\u0259r. Yerl\u0259\u015fdiyi \u0259lveri\u015fli co\u011frafiyaya baxmayaraq, o da ger\u00e7\u0259klikdir ki, t\u0259sir dair\u0259sini ist\u0259diyi kimi geni\u015fl\u0259ndir\u0259 bilm\u0259yib, amma Orta Asiyadan&hellip;<\/p>\n","protected":false},"author":2,"featured_media":723878,"comment_status":"closed","ping_status":"closed","sticky":false,"template":"","format":"standard","meta":{"om_disable_all_campaigns":false,"_monsterinsights_skip_tracking":false,"_monsterinsights_sitenote_active":false,"_monsterinsights_sitenote_note":"","_monsterinsights_sitenote_category":0},"categories":[19],"tags":[],"aioseo_notices":[],"gutentor_comment":0,"rttpg_featured_image_url":{"full":["https:\/\/arantv.az\/wp-content\/uploads\/2024\/05\/e652cf44cefa2715a9e2ae1076b85539.jpg",870,500,false],"landscape":["https:\/\/arantv.az\/wp-content\/uploads\/2024\/05\/e652cf44cefa2715a9e2ae1076b85539.jpg",870,500,false],"portraits":["https:\/\/arantv.az\/wp-content\/uploads\/2024\/05\/e652cf44cefa2715a9e2ae1076b85539.jpg",870,500,false],"thumbnail":["https:\/\/arantv.az\/wp-content\/uploads\/2024\/05\/e652cf44cefa2715a9e2ae1076b85539-500x280.jpg",500,280,true],"medium":["https:\/\/arantv.az\/wp-content\/uploads\/2024\/05\/e652cf44cefa2715a9e2ae1076b85539-635x365.jpg",635,365,true],"large":["https:\/\/arantv.az\/wp-content\/uploads\/2024\/05\/e652cf44cefa2715a9e2ae1076b85539-840x483.jpg",640,368,true],"1536x1536":["https:\/\/arantv.az\/wp-content\/uploads\/2024\/05\/e652cf44cefa2715a9e2ae1076b85539.jpg",870,500,false],"2048x2048":["https:\/\/arantv.az\/wp-content\/uploads\/2024\/05\/e652cf44cefa2715a9e2ae1076b85539.jpg",870,500,false],"post-thumbnail":["https:\/\/arantv.az\/wp-content\/uploads\/2024\/05\/e652cf44cefa2715a9e2ae1076b85539-240x172.jpg",240,172,true],"advps-thumb-one":["https:\/\/arantv.az\/wp-content\/uploads\/2024\/05\/e652cf44cefa2715a9e2ae1076b85539.jpg",870,500,false]},"rttpg_author":{"display_name":"V\u00fcsal Rafiqo\u011flu","author_link":"https:\/\/arantv.az\/?author=2"},"rttpg_comment":0,"rttpg_category":"<a href=\"https:\/\/arantv.az\/?cat=19\" rel=\"category\">G\u00fcnd\u0259m<\/a>","rttpg_excerpt":"Az\u0259rbaycan-\u0130ran m\u00fcnasib\u0259tl\u0259ri zaman-zaman s\u0131naqlara m\u0259ruz qalsa da, \u015f\u00fck\u00fcr ki, h\u0259m Bak\u0131, h\u0259m Tehran iki qon\u015fu d\u00f6vl\u0259t aras\u0131nda normalla\u015fman\u0131 saxlaya bilirl\u0259r&#8230; \u0130ran r\u0259smil\u0259rinin q\u0259zada h\u0259lak olmas\u0131n\u0131n s\u0259b\u0259bl\u0259rinin \u201c\u0259r\u0259b sa\u00e7\u0131na\u201d b\u0259nz\u0259m\u0259si indiki d\u00fcnya reall\u0131\u011f\u0131na uy\u011fundur. \u0130ran d\u00fcnyan\u0131n hans\u0131 qaynar b\u00f6lg\u0259sind\u0259 var, ona \u00f6t\u0259ri diqq\u0259t ed\u0259k. Suriyada var. \u0130raqda var. Livanda var. F\u0259l\u0259stind\u0259 var. Y\u0259m\u0259nd\u0259 var. Bu, birba\u015fa&hellip;","_links":{"self":[{"href":"https:\/\/arantv.az\/index.php?rest_route=\/wp\/v2\/posts\/723877"}],"collection":[{"href":"https:\/\/arantv.az\/index.php?rest_route=\/wp\/v2\/posts"}],"about":[{"href":"https:\/\/arantv.az\/index.php?rest_route=\/wp\/v2\/types\/post"}],"author":[{"embeddable":true,"href":"https:\/\/arantv.az\/index.php?rest_route=\/wp\/v2\/users\/2"}],"replies":[{"embeddable":true,"href":"https:\/\/arantv.az\/index.php?rest_route=%2Fwp%2Fv2%2Fcomments&post=723877"}],"version-history":[{"count":0,"href":"https:\/\/arantv.az\/index.php?rest_route=\/wp\/v2\/posts\/723877\/revisions"}],"wp:featuredmedia":[{"embeddable":true,"href":"https:\/\/arantv.az\/index.php?rest_route=\/wp\/v2\/media\/723878"}],"wp:attachment":[{"href":"https:\/\/arantv.az\/index.php?rest_route=%2Fwp%2Fv2%2Fmedia&parent=723877"}],"wp:term":[{"taxonomy":"category","embeddable":true,"href":"https:\/\/arantv.az\/index.php?rest_route=%2Fwp%2Fv2%2Fcategories&post=723877"},{"taxonomy":"post_tag","embeddable":true,"href":"https:\/\/arantv.az\/index.php?rest_route=%2Fwp%2Fv2%2Ftags&post=723877"}],"curies":[{"name":"wp","href":"https:\/\/api.w.org\/{rel}","templated":true}]}}