{"id":723880,"date":"2024-05-22T16:01:48","date_gmt":"2024-05-22T12:01:48","guid":{"rendered":"https:\/\/arantv.az\/?p=723880"},"modified":"2024-05-22T16:01:48","modified_gmt":"2024-05-22T12:01:48","slug":"diqq%c9%99t-az%c9%99rbaycan-v%c9%99-erm%c9%99nistan-bas-nazirl%c9%99ri-tehranda-xamenei-pasinyana-n%c9%99l%c9%99r-dedi-canli","status":"publish","type":"post","link":"https:\/\/arantv.az\/?p=723880","title":{"rendered":"D\u0130QQ\u018fT! Az\u0259rbaycan v\u0259 Erm\u0259nistan ba\u015f nazirl\u0259ri Tehranda: Xamenei Pa\u015finyana n\u0259l\u0259r dedi? CANLI"},"content":{"rendered":"<p><strong>Ba\u015f nazir \u018fli \u018fs\u0259dov \u0130ran \u0130slam Respublikas\u0131na s\u0259f\u0259r edib. Ba\u015f nazir v\u0259 onun r\u0259hb\u0259rlik etdiyi n\u00fcmay\u0259nd\u0259 hey\u0259ti Tehrandad\u0131r. Ba\u015f nazir \u018fli \u018fs\u0259dovun r\u0259hb\u0259rlik etdiyi n\u00fcmay\u0259nd\u0259 hey\u0259ti \u0130ran \u0130slam Respublikas\u0131n\u0131n Prezidenti Seyid \u0130brahim R\u0259isinin, xarici i\u015fl\u0259r naziri H\u00fcseyn \u018fmir Abdullahiyan\u0131n v\u0259 dig\u0259r m\u00fc\u015fayi\u0259t ed\u0259n \u015f\u0259xsl\u0259rin helikopter q\u0259zas\u0131nda faci\u0259li sur\u0259td\u0259 h\u0259lak olmalar\u0131 il\u0259 \u0259laq\u0259dar Tehranda ke\u00e7iril\u0259n r\u0259smi an\u0131m m\u0259rasimin\u0259 qat\u0131lacaq.<\/strong><\/p>\n<p>\u201c\u0130ran\u0131n Erm\u0259nistanla \u0259laq\u0259l\u0259ri geni\u015fl\u0259ndirm\u0259k siyas\u0259ti davam ed\u0259c\u0259k\u201d. Musavat.com x\u0259b\u0259r verir ki, bunu is\u0259 \u0130ran\u0131n ali dini lideri \u018fli Xamenei Erm\u0259nistan\u0131n Ba\u015f naziri Nikol Pa\u015finyanla g\u00f6r\u00fc\u015f\u00fc zaman\u0131 deyib. \u201cM\u0259rhum prezidentimizin Erm\u0259nistan\u0131n s\u0259rh\u0259d probleml\u0259rin\u0259 b\u00f6y\u00fck h\u0259ssasl\u0131\u011f\u0131 var idi, bu h\u0259ssasl\u0131q v\u0259 diqq\u0259t bundan sonra da n\u0259z\u0259r\u0259 al\u0131nmal\u0131d\u0131r.<\/p>\n<p>\u0130ran\u0131n Erm\u0259nistanla \u0259laq\u0259l\u0259ri geni\u015fl\u0259ndirm\u0259k siyas\u0259ti c\u0259nab M\u00fcxbirin r\u0259hb\u0259rliyi alt\u0131nda davam ed\u0259c\u0259k. \u0130ran v\u0259 Erm\u0259nistan aras\u0131nda m\u00fcnasib\u0259tl\u0259rin \u0259leyhdarlar\u0131 var, ona g\u00f6r\u0259 d\u0259 h\u0259r iki \u00f6lk\u0259 il\u0259 ba\u011fl\u0131 m\u0259s\u0259l\u0259l\u0259r b\u00f6y\u00fck diqq\u0259tl\u0259 h\u0259ll olunmal\u0131d\u0131r\u201d, &#8211; o bildirib.<\/p>\n<p>G\u00fcnd\u0259md\u0259 ikinci m\u00f6vzu Ukrayna m\u00fcnaqi\u015f\u0259sidir. Rusiya ordusu Donetsk vilay\u0259tind\u0259ki Kle\u015feyevka k\u0259ndini \u0259l\u0259 ke\u00e7irib. Rusiya M\u00fcdafi\u0259 Nazirliyinin yayd\u0131\u011f\u0131 b\u0259yanatda qeyd olunub.<\/p>\n<p>Ukrayna Silahl\u0131 Q\u00fcvv\u0259l\u0259ri is\u0259 Xarkov vilay\u0259tind\u0259 Rusiyan\u0131n h\u00fccumunu dayand\u0131ra bilib. \u201cBild\u201d n\u0259\u015frinin analitiki Yulian R\u00f6pke bildirib. \u201cBild\u201d n\u0259\u015frind\u0259 yay\u0131mlanan m\u0259qal\u0259d\u0259 qeyd is\u0259 edilib ki, Ukrayna bunu AB\u015e-d\u0259n g\u0259l\u0259n silahlar say\u0259sind\u0259 ed\u0259 bilib.<\/p>\n<p>\u201cRusiya Silahl\u0131 Q\u00fcvv\u0259l\u0259ri Liptsi k\u0259ndi istiqam\u0259tind\u0259 ilk \u00fc\u00e7 g\u00fcnd\u0259 tutduqlar\u0131 eyni s\u0259rh\u0259d k\u0259ndl\u0259rind\u0259 qal\u0131blar. Vol\u00e7ansk b\u00f6lg\u0259sind\u0259 \u015f\u0259h\u0259r u\u011frunda d\u00f6y\u00fc\u015fl\u0259r davam edir, lakin burada da dem\u0259k olar ki, he\u00e7 bir ir\u0259lil\u0259yi\u015f yoxdur. Buna s\u0259b\u0259b Ukraynan\u0131n yeni Amerika silahlar\u0131ndan istifad\u0259 etm\u0259sidir.<\/p>\n<p>Ukrayna Silahl\u0131 Q\u00fcvv\u0259l\u0259ri \u201cGLSDB\u201d bombalar\u0131ndan, \u201cJavelin\u201d-l\u0259rd\u0259n v\u0259 155 mm-lik artilleriya m\u0259rmil\u0259rind\u0259n f\u0259al \u015f\u0259kild\u0259 istifad\u0259 edir\u201d, &#8211; dey\u0259 qeyd olunub. Ukrayna Silahl\u0131 Q\u00fcvv\u0259l\u0259ri Luqanskda da rus ordusuna m\u0259xsus &#8220;Mista-S&#8221; haubitsas\u0131n\u0131 m\u0259hv edib.<\/p>\n<p>TVMusavat-\u0131n bu g\u00fcn saat 16:00-da canl\u0131 yay\u0131mlanan \u201cH\u0259ft\u0259 i\u00e7i\u201d verili\u015find\u0259 apar\u0131c\u0131 Emil Salamo\u011flu professor Qabil H\u00fcseynli il\u0259 \u0130ran v\u0259 Ukrayna g\u00fcnd\u0259ml\u0259rini m\u00fczakir\u0259 edir.<\/p>\n<p><strong>Facebook s\u0259hif\u0259sinin \u00fcnvan\u0131:<\/strong><\/p>\n<p><a href=\"https:\/\/www.facebook.com\/NewMusavat\">https:\/\/www.facebook.com\/NewMusavat<\/a><\/p>\n<p><strong>Youtube s\u0259hif\u0259sinin \u00fcnvan\u0131:<\/strong><\/p>\n<p><a href=\"https:\/\/www.youtube.com\/user\/TVmusavat\">https:\/\/www.youtube.com\/user\/TVmusavat<\/a><\/p>\n","protected":false},"excerpt":{"rendered":"<p>Ba\u015f nazir \u018fli \u018fs\u0259dov \u0130ran \u0130slam Respublikas\u0131na s\u0259f\u0259r edib. Ba\u015f nazir v\u0259 onun r\u0259hb\u0259rlik etdiyi n\u00fcmay\u0259nd\u0259 hey\u0259ti Tehrandad\u0131r. Ba\u015f nazir \u018fli \u018fs\u0259dovun r\u0259hb\u0259rlik etdiyi n\u00fcmay\u0259nd\u0259 hey\u0259ti \u0130ran \u0130slam Respublikas\u0131n\u0131n Prezidenti Seyid \u0130brahim R\u0259isinin, xarici i\u015fl\u0259r naziri H\u00fcseyn \u018fmir Abdullahiyan\u0131n v\u0259 dig\u0259r m\u00fc\u015fayi\u0259t ed\u0259n \u015f\u0259xsl\u0259rin helikopter q\u0259zas\u0131nda faci\u0259li sur\u0259td\u0259 h\u0259lak olmalar\u0131 il\u0259 \u0259laq\u0259dar Tehranda ke\u00e7iril\u0259n r\u0259smi an\u0131m m\u0259rasimin\u0259 qat\u0131lacaq. \u201c\u0130ran\u0131n Erm\u0259nistanla \u0259laq\u0259l\u0259ri geni\u015fl\u0259ndirm\u0259k siyas\u0259ti davam ed\u0259c\u0259k\u201d. Musavat.com x\u0259b\u0259r verir ki, bunu is\u0259 \u0130ran\u0131n ali dini lideri \u018fli Xamenei Erm\u0259nistan\u0131n Ba\u015f naziri Nikol Pa\u015finyanla g\u00f6r\u00fc\u015f\u00fc zaman\u0131 deyib. \u201cM\u0259rhum prezidentimizin Erm\u0259nistan\u0131n s\u0259rh\u0259d probleml\u0259rin\u0259&hellip;<\/p>\n","protected":false},"author":2,"featured_media":723881,"comment_status":"closed","ping_status":"closed","sticky":false,"template":"","format":"standard","meta":{"om_disable_all_campaigns":false,"_monsterinsights_skip_tracking":false,"_monsterinsights_sitenote_active":false,"_monsterinsights_sitenote_note":"","_monsterinsights_sitenote_category":0},"categories":[4],"tags":[],"aioseo_notices":[],"gutentor_comment":0,"rttpg_featured_image_url":{"full":["https:\/\/arantv.az\/wp-content\/uploads\/2024\/05\/e52e71caca8984e66716e1abe09d1e7f.jpg",768,403,false],"landscape":["https:\/\/arantv.az\/wp-content\/uploads\/2024\/05\/e52e71caca8984e66716e1abe09d1e7f.jpg",768,403,false],"portraits":["https:\/\/arantv.az\/wp-content\/uploads\/2024\/05\/e52e71caca8984e66716e1abe09d1e7f.jpg",768,403,false],"thumbnail":["https:\/\/arantv.az\/wp-content\/uploads\/2024\/05\/e52e71caca8984e66716e1abe09d1e7f-500x280.jpg",500,280,true],"medium":["https:\/\/arantv.az\/wp-content\/uploads\/2024\/05\/e52e71caca8984e66716e1abe09d1e7f-660x346.jpg",660,346,true],"large":["https:\/\/arantv.az\/wp-content\/uploads\/2024\/05\/e52e71caca8984e66716e1abe09d1e7f.jpg",640,336,false],"1536x1536":["https:\/\/arantv.az\/wp-content\/uploads\/2024\/05\/e52e71caca8984e66716e1abe09d1e7f.jpg",768,403,false],"2048x2048":["https:\/\/arantv.az\/wp-content\/uploads\/2024\/05\/e52e71caca8984e66716e1abe09d1e7f.jpg",768,403,false],"post-thumbnail":["https:\/\/arantv.az\/wp-content\/uploads\/2024\/05\/e52e71caca8984e66716e1abe09d1e7f-240x172.jpg",240,172,true],"advps-thumb-one":["https:\/\/arantv.az\/wp-content\/uploads\/2024\/05\/e52e71caca8984e66716e1abe09d1e7f.jpg",768,403,false]},"rttpg_author":{"display_name":"V\u00fcsal Rafiqo\u011flu","author_link":"https:\/\/arantv.az\/?author=2"},"rttpg_comment":0,"rttpg_category":"<a href=\"https:\/\/arantv.az\/?cat=4\" rel=\"category\">Siyas\u0259t<\/a>","rttpg_excerpt":"Ba\u015f nazir \u018fli \u018fs\u0259dov \u0130ran \u0130slam Respublikas\u0131na s\u0259f\u0259r edib. Ba\u015f nazir v\u0259 onun r\u0259hb\u0259rlik etdiyi n\u00fcmay\u0259nd\u0259 hey\u0259ti Tehrandad\u0131r. Ba\u015f nazir \u018fli \u018fs\u0259dovun r\u0259hb\u0259rlik etdiyi n\u00fcmay\u0259nd\u0259 hey\u0259ti \u0130ran \u0130slam Respublikas\u0131n\u0131n Prezidenti Seyid \u0130brahim R\u0259isinin, xarici i\u015fl\u0259r naziri H\u00fcseyn \u018fmir Abdullahiyan\u0131n v\u0259 dig\u0259r m\u00fc\u015fayi\u0259t ed\u0259n \u015f\u0259xsl\u0259rin helikopter q\u0259zas\u0131nda faci\u0259li sur\u0259td\u0259 h\u0259lak olmalar\u0131 il\u0259 \u0259laq\u0259dar Tehranda ke\u00e7iril\u0259n r\u0259smi&hellip;","_links":{"self":[{"href":"https:\/\/arantv.az\/index.php?rest_route=\/wp\/v2\/posts\/723880"}],"collection":[{"href":"https:\/\/arantv.az\/index.php?rest_route=\/wp\/v2\/posts"}],"about":[{"href":"https:\/\/arantv.az\/index.php?rest_route=\/wp\/v2\/types\/post"}],"author":[{"embeddable":true,"href":"https:\/\/arantv.az\/index.php?rest_route=\/wp\/v2\/users\/2"}],"replies":[{"embeddable":true,"href":"https:\/\/arantv.az\/index.php?rest_route=%2Fwp%2Fv2%2Fcomments&post=723880"}],"version-history":[{"count":0,"href":"https:\/\/arantv.az\/index.php?rest_route=\/wp\/v2\/posts\/723880\/revisions"}],"wp:featuredmedia":[{"embeddable":true,"href":"https:\/\/arantv.az\/index.php?rest_route=\/wp\/v2\/media\/723881"}],"wp:attachment":[{"href":"https:\/\/arantv.az\/index.php?rest_route=%2Fwp%2Fv2%2Fmedia&parent=723880"}],"wp:term":[{"taxonomy":"category","embeddable":true,"href":"https:\/\/arantv.az\/index.php?rest_route=%2Fwp%2Fv2%2Fcategories&post=723880"},{"taxonomy":"post_tag","embeddable":true,"href":"https:\/\/arantv.az\/index.php?rest_route=%2Fwp%2Fv2%2Ftags&post=723880"}],"curies":[{"name":"wp","href":"https:\/\/api.w.org\/{rel}","templated":true}]}}