{"id":723889,"date":"2024-05-22T16:03:42","date_gmt":"2024-05-22T12:03:42","guid":{"rendered":"https:\/\/arantv.az\/?p=723889"},"modified":"2024-05-22T16:03:42","modified_gmt":"2024-05-22T12:03:42","slug":"bacisi-da-s%c9%99hriyarin-fikirl%c9%99rin%c9%99-reaksiya-verdi-qadin-bir-is-gor%c9%99nd%c9%99-foto","status":"publish","type":"post","link":"https:\/\/arantv.az\/?p=723889","title":{"rendered":"Bac\u0131s\u0131 da \u015e\u0259hriyar\u0131n fikirl\u0259rin\u0259 reaksiya verdi: &#8220;Qad\u0131n bir i\u015f g\u00f6r\u0259nd\u0259&#8230;&#8221; &#8211; FOTO"},"content":{"rendered":"<p>Az\u0259rbaycan qad\u0131n \u015fahmat millisinin \u00fczv\u00fc Zeyn\u0259b M\u0259mm\u0259dyarova qarda\u015f\u0131, ki\u015fi \u015fahmat y\u0131\u011fmam\u0131z\u0131n \u00fczv\u00fc \u015e\u0259hriyar M\u0259mm\u0259dyarovun &#8220;qad\u0131nlar h\u0259r sah\u0259d\u0259 ki\u015fil\u0259rd\u0259n gerid\u0259dir&#8221; fikrin\u0259 m\u00fcnasib\u0259t bildirib.<\/p>\n<p><strong>ARANTV.AZ\u00a0<\/strong> bildirir ki, &#8220;Qafqazinfo&#8221;ya a\u00e7\u0131qlama ver\u0259n Zeyn\u0259b M\u0259mm\u0259dyarova qarda\u015f\u0131 il\u0259 raz\u0131la\u015fd\u0131\u011f\u0131n\u0131 bildirib. O qeyd edib ki, ist\u0259nil\u0259n sah\u0259d\u0259 g\u00fccl\u00fc ki\u015fil\u0259r g\u00fccl\u00fc qad\u0131nlardan daha \u00e7oxdur:<\/p>\n<p>&#8220;M\u0259n \u015e\u0259hriyar\u0131n fikirl\u0259ri il\u0259 raz\u0131yam. H\u0259r insan\u0131n d\u00fc\u015f\u00fcnc\u0259si, fikri, m\u0259qs\u0259di f\u0259rqlidir v\u0259 \u00fcmumi deyil\u0259n s\u00f6z\u00fc h\u0259r k\u0259s ba\u015fqa c\u00fcr yozur. Sad\u0259c\u0259 \u015e\u0259hriyar o fikirl\u0259ri el\u0259 dey\u0259 bil\u0259rdi ki, xan\u0131mlar\u0131m\u0131z incim\u0259sinl\u0259r. D\u00fc\u015f\u00fcn\u00fcr\u0259m ki, ki\u015fil\u0259rin u\u011furlar\u0131n\u0131n arxas\u0131nda xarakteri g\u00fccl\u00fc olan qad\u0131nlar dayan\u0131r. \u018fg\u0259r ki\u015finin fikrini tamamlayan qad\u0131nlar olmasa, onlar da ideal n\u0259tic\u0259l\u0259r g\u00f6st\u0259r\u0259 bilm\u0259zl\u0259r. \u015e\u0259hriyarla niy\u0259 eyni d\u00fc\u015f\u00fcnc\u0259d\u0259 oldu\u011fuma ayd\u0131nl\u0131q g\u0259tirim. Bel\u0259 ki, u\u011furlar\u0131m\u0131zda atam\u0131n rolu b\u00f6y\u00fck olub, onun d\u00fc\u015f\u00fcnc\u0259l\u0259ri \u00f6n\u0259mli yer\u0259 sahibdir. Onun qurdu\u011fu planlar, c\u0131zd\u0131\u011f\u0131 yol biz\u0259 t\u0259sir edib. Amma atam bunlar\u0131 q\u0259tiyy\u0259n t\u0259kba\u015f\u0131na h\u0259yata ke\u00e7ir\u0259 bilm\u0259zdi. Onun fikirl\u0259rini diqq\u0259tl\u0259, h\u00f6rm\u0259tl\u0259, qay\u011f\u0131yla d\u0259st\u0259kl\u0259y\u0259n anam olub. \u018fg\u0259r anam\u0131n fikri ba\u015fqa c\u00fcr olsayd\u0131, atam\u0131n dedikl\u0259ri il\u0259 raz\u0131la\u015fmasayd\u0131, des\u0259ydi ki, g\u0259l u\u015faqlar\u0131 ba\u015fqa sah\u0259y\u0259 y\u00f6nl\u0259ndir\u0259k, naraz\u0131l\u0131q olsayd\u0131, h\u0259r g\u00fcn valideynl\u0259rimiz aras\u0131nda fikir ayr\u0131l\u0131\u011f\u0131 olsayd\u0131, ikisi d\u0259 bizi \u015fahmatda d\u0259st\u0259kl\u0259m\u0259s\u0259ydi, bel\u0259 n\u0259tic\u0259l\u0259r olmazd\u0131.<\/p>\n<p>Biz h\u0259yatda m\u00fcbariz\u0259 aparm\u0131\u015f\u0131q, \u015fahmatda yax\u015f\u0131 olmaq \u00fc\u00e7\u00fcn saatlarla m\u0259\u015fq etmi\u015fik. Bizim ba\u015f\u0131m\u0131z\u0131n \u00fcst\u00fcnd\u0259 r\u0259hb\u0259r olaraq atam dayan\u0131b, anam is\u0259 ona d\u0259st\u0259k olub. M\u0259s\u0259l\u0259n, anam\u0131z qoymazd\u0131 ki, atamdan icaz\u0259siz n\u0259s\u0259 ed\u0259k. He\u00e7 vaxt bel\u0259 bir \u015fey olmay\u0131b. Atamla anam i\u015fl\u0259rini el\u0259 qurublar ki, n\u0259tic\u0259d\u0259 biz d\u0259 d\u00fczg\u00fcn yolda olmu\u015fuq. \u018fg\u0259r biz m\u0259\u015fql\u0259rd\u0259n yorulanda anam\u0131za deyib h\u0259y\u0259t\u0259 d\u00fc\u015fs\u0259ydik, film\u0259 baxsayd\u0131q, u\u011furumuz da olmazd\u0131. U\u011fur qazanmaq \u00fc\u00e7\u00fcn valideynl\u0259rim s\u0259rt \u00fczl\u0259rini g\u00f6st\u0259r\u0259 bilib. D\u00fc\u015f\u00fcn\u00fcr\u0259m ki, atam\u0131n u\u011furlar\u0131 bizl\u0259rik, \u015e\u0259hriyard\u0131r v\u0259 bizik. \u015e\u0259hriyar b\u00f6y\u00fck h\u00f6rm\u0259t\u0259 sahibdir, bir \u00e7ox \u00f6lk\u0259l\u0259rd\u0259 tan\u0131n\u0131r.<\/p>\n<p>\u00d6lk\u0259miz g\u00fcn\u00fc-g\u00fcnd\u0259n inki\u015faf edir, d\u00fcnyaya g\u00f6st\u0259rdik ki, nec\u0259 g\u00fccl\u00fc \u00f6lk\u0259yik. D\u00f6vl\u0259timizin g\u00fcc\u00fcn\u00fc h\u0259r k\u0259s g\u00f6rd\u00fc. \u00d6lk\u0259 r\u0259hb\u0259rliyin\u0259 baxsaq, Prezidentimiz \u0130lham \u018fliyevin yan\u0131nda g\u00fccl\u00fc xan\u0131m dayan\u0131b. D\u0259f\u0259l\u0259rl\u0259 yar\u0131\u015flarda olanda m\u0259n\u0259 deyibl\u0259r ki, sizin \u00f6lk\u0259nin Birinci xan\u0131m\u0131 Mehriban \u018fliyeva \u00e7ox g\u00fccl\u00fc v\u0259 g\u00f6z\u0259l xan\u0131md\u0131r. Bu g\u00fcn Mehriban xan\u0131m\u0131n h\u0259yat yolda\u015f\u0131na, c\u0259nab Prezident\u0259 d\u0259st\u0259yini b\u00fct\u00fcn d\u00fcnya g\u00f6r\u00fcr. Yen\u0259 d\u0259 g\u00f6r\u00fcr\u00fck ki, g\u00fccl\u00fc ki\u015finin yan\u0131nda g\u00fccl\u00fc qad\u0131n var.<\/p>\n<p>\u015e\u0259hriyar\u0131n fikirl\u0259rin\u0259 g\u0259linc\u0259, o, \u00e7ox g\u00f6z\u0259l sual verdi ki, &#8220;hans\u0131 sah\u0259d\u0259 qad\u0131nlar ki\u015fil\u0259rd\u0259n \u00fcst\u00fcnd\u00fcr?&#8221; Y\u0259ni, \u015fahmatda g\u00fccl\u00fc bir qad\u0131n olub &#8211; Yudit Polqar. Ba\u015fqa kimin ad\u0131n\u0131 \u00e7\u0259k\u0259 bil\u0259rik? \u00c7oxluq ki\u015fil\u0259rdir. Qad\u0131nlar var, amma \u00fcst\u00fcnl\u00fck ki\u015fil\u0259rd\u0259dir.<\/p>\n<p>M\u0259n bir xan\u0131m olaraq 3 \u00f6vlad b\u00f6y\u00fcd\u00fcr\u0259m. Ki\u015fil\u0259rin i\u015fi is\u0259 tamam ba\u015fqad\u0131r. Onlar bir istiqam\u0259t\u0259 tam k\u00f6kl\u0259n\u0259 bilirl\u0259r. \u0130deologiyalar\u0131n\u0131 h\u0259yata ke\u00e7irm\u0259k \u00fc\u00e7\u00fcn diqq\u0259tl\u0259rini c\u0259ml\u0259y\u0259n varl\u0131qd\u0131rlar. Ki\u015fil\u0259ri bu zaman n\u0259 u\u015faqlar\u0131, n\u0259 h\u0259yat yolda\u015flar\u0131 narahat ed\u0259 bil\u0259r. Amma qad\u0131n bir i\u015f g\u00f6r\u0259nd\u0259 fikrini tam ona c\u0259ml\u0259y\u0259 bilmir. Vers\u0259 d\u0259, h\u0259r \u015feyi yen\u0259 d\u00fc\u015f\u00fcn\u00fcr. U\u015fa\u011f\u0131 d\u00fc\u015f\u00fcn\u00fcr, ail\u0259ni d\u00fc\u015f\u00fcn\u00fcr. Ana \u00f6vlad\u0131n\u0131 unuda bilm\u0259z, m\u0259i\u015f\u0259t probleml\u0259rini unuda bilm\u0259z. Qad\u0131n\u0131n fikri tam bir \u015fey\u0259 c\u0259ml\u0259n\u0259 bilmir. \u018fvv\u0259lc\u0259 bunu q\u0259bul etm\u0259k laz\u0131md\u0131r. Allah qad\u0131n\u0131 ba\u015fqa, ki\u015fini ba\u015fqa c\u00fcr yarad\u0131b. Qad\u0131n\u0131n beynind\u0259 m\u00fcxt\u0259lif d\u00fc\u015f\u00fcnc\u0259l\u0259r olur. \u00c7\u00fcnki onlar daha \u00e7ox \u015fey d\u00fc\u015f\u00fcn\u00fcr v\u0259 ist\u0259yir, daha tez ba\u015fa g\u0259lm\u0259si \u00fc\u00e7\u00fcn \u00e7al\u0131\u015f\u0131r. Ki\u015fil\u0259r is\u0259 i\u015fin\u0259 k\u00f6kl\u0259nir. Bu g\u00fcn d\u00fcnyada g\u00fccl\u00fc qad\u0131nlar barmaqla say\u0131lacaq q\u0259d\u0259rdir, ki\u015fil\u0259r is\u0259 daha \u00e7ox v\u0259 h\u0259tta qat-qat \u00e7oxdur. M\u0259s\u0259l\u0259n, siz hans\u0131sa sah\u0259d\u0259 g\u00fccl\u00fc qad\u0131n g\u00f6st\u0259r\u0259 bil\u0259rsiniz, amma m\u00fctl\u0259q ondan daha g\u00fccl\u00fc ki\u015fi var. Bu c\u00fcr d\u00fc\u015f\u00fcn\u00fcr\u0259m. M\u0259nim fikrim qarda\u015f\u0131m\u0131n s\u00f6zl\u0259rini tamamlayar&#8221;.<\/p>\n<p>\u015eahmat\u00e7\u0131m\u0131z qad\u0131nlarla ba\u011fl\u0131 h\u0259yata ke\u00e7irdiyi layih\u0259l\u0259rd\u0259n d\u0259 s\u00f6z a\u00e7\u0131b: &#8220;M\u0259n Az\u0259rbaycan \u015eahmat Federasiyas\u0131nda Qad\u0131n v\u0259 sosial komissiyan\u0131n s\u0259dri olaraq Saatl\u0131da 4 rayonu \u0259ha\u0259t ed\u0259n xan\u0131mlar \u00fc\u00e7\u00fcn yar\u0131\u015f ke\u00e7irdim. B\u00fct\u00fcn layih\u0259l\u0259rimd\u0259 xan\u0131mlara d\u0259st\u0259k olma\u011fa \u00e7al\u0131\u015f\u0131ram. M\u0259nim m\u0259qs\u0259dim \u00f6lk\u0259m\u0259 xidm\u0259t etm\u0259kdir, Az\u0259rbaycan \u00fc\u00e7\u00fcn \u0259limd\u0259n g\u0259l\u0259ni etm\u0259y\u0259 \u00e7al\u0131\u015faca\u011fam. M\u0259qs\u0259dim Az\u0259rbaycan xan\u0131mlar\u0131na d\u0259st\u0259k olmaqd\u0131r. Onlar g\u0259l\u0259c\u0259kd\u0259 y\u00fcks\u0259ks\u0259viyy\u0259li \u015fahmat\u00e7\u0131 olmasalar da, bunu \u00f6vladlar\u0131na \u00f6yr\u0259d\u0259 bilsinl\u0259r. H\u0259m\u00e7inin intellektual s\u0259viyy\u0259l\u0259ri yuxar\u0131 olsun. G\u0259l\u0259c\u0259kd\u0259 ana olark\u0259n \u00f6vladlar\u0131n\u0131n t\u0259hsilind\u0259 bu rol oynayacaq. Biz\u0259 intellektual, m\u00fcdrik qad\u0131nlar laz\u0131md\u0131r. Onsuz da Az\u0259rbaycan xalq\u0131 m\u00fcdrik xalqd\u0131r. U\u015faqlar son zamanlarda \u00e7ox laz\u0131ms\u0131z i\u015fl\u0259rl\u0259 m\u0259\u015f\u011ful olurlar. Telefon, plan\u015fet v\u0259 sosial \u015f\u0259b\u0259k\u0259l\u0259r q\u0131zlar\u0131m\u0131z\u0131n h\u0259yat\u0131na yax\u015f\u0131 t\u0259sir g\u00f6st\u0259rmir. \u0130st\u0259yir\u0259m ki, daha yax\u015f\u0131 olsun, \u015fahmatla maraqlans\u0131nlar, beyinl\u0259ri inki\u015faf etsin. \u015eahmat beyin gimnastikas\u0131d\u0131r v\u0259 bu, g\u0259l\u0259c\u0259y\u0259 t\u0259sir edir. Bir c\u0259miyy\u0259tin g\u00fccl\u00fc olmas\u0131 \u00fc\u00e7\u00fcn onlar\u0131n qad\u0131nlar\u0131 g\u00fccl\u00fc olmal\u0131d\u0131r. V\u0259t\u0259np\u0259rv\u0259r, t\u0259hsilli, savadl\u0131 xan\u0131mlar\u0131m\u0131z g\u0259l\u0259c\u0259yimizdir&#8221;.<\/p>\n","protected":false},"excerpt":{"rendered":"<p>Az\u0259rbaycan qad\u0131n \u015fahmat millisinin \u00fczv\u00fc Zeyn\u0259b M\u0259mm\u0259dyarova qarda\u015f\u0131, ki\u015fi \u015fahmat y\u0131\u011fmam\u0131z\u0131n \u00fczv\u00fc \u015e\u0259hriyar M\u0259mm\u0259dyarovun &#8220;qad\u0131nlar h\u0259r sah\u0259d\u0259 ki\u015fil\u0259rd\u0259n gerid\u0259dir&#8221; fikrin\u0259 m\u00fcnasib\u0259t bildirib. ARANTV.AZ\u00a0 bildirir ki, &#8220;Qafqazinfo&#8221;ya a\u00e7\u0131qlama ver\u0259n Zeyn\u0259b M\u0259mm\u0259dyarova qarda\u015f\u0131 il\u0259 raz\u0131la\u015fd\u0131\u011f\u0131n\u0131 bildirib. O qeyd edib ki, ist\u0259nil\u0259n sah\u0259d\u0259 g\u00fccl\u00fc ki\u015fil\u0259r g\u00fccl\u00fc qad\u0131nlardan daha \u00e7oxdur: &#8220;M\u0259n \u015e\u0259hriyar\u0131n fikirl\u0259ri il\u0259 raz\u0131yam. H\u0259r insan\u0131n d\u00fc\u015f\u00fcnc\u0259si, fikri, m\u0259qs\u0259di f\u0259rqlidir v\u0259 \u00fcmumi deyil\u0259n s\u00f6z\u00fc h\u0259r k\u0259s ba\u015fqa c\u00fcr yozur. Sad\u0259c\u0259 \u015e\u0259hriyar o fikirl\u0259ri el\u0259 dey\u0259 bil\u0259rdi ki, xan\u0131mlar\u0131m\u0131z incim\u0259sinl\u0259r. D\u00fc\u015f\u00fcn\u00fcr\u0259m ki, ki\u015fil\u0259rin u\u011furlar\u0131n\u0131n arxas\u0131nda xarakteri g\u00fccl\u00fc olan qad\u0131nlar dayan\u0131r. \u018fg\u0259r ki\u015finin fikrini tamamlayan&hellip;<\/p>\n","protected":false},"author":2,"featured_media":723890,"comment_status":"closed","ping_status":"closed","sticky":false,"template":"","format":"standard","meta":{"om_disable_all_campaigns":false,"_monsterinsights_skip_tracking":false,"_monsterinsights_sitenote_active":false,"_monsterinsights_sitenote_note":"","_monsterinsights_sitenote_category":0},"categories":[19],"tags":[],"aioseo_notices":[],"gutentor_comment":0,"rttpg_featured_image_url":{"full":["https:\/\/arantv.az\/wp-content\/uploads\/2024\/05\/8360f9f61313cb1de871ff6042b676b1.jpg",637,400,false],"landscape":["https:\/\/arantv.az\/wp-content\/uploads\/2024\/05\/8360f9f61313cb1de871ff6042b676b1.jpg",637,400,false],"portraits":["https:\/\/arantv.az\/wp-content\/uploads\/2024\/05\/8360f9f61313cb1de871ff6042b676b1.jpg",637,400,false],"thumbnail":["https:\/\/arantv.az\/wp-content\/uploads\/2024\/05\/8360f9f61313cb1de871ff6042b676b1-500x280.jpg",500,280,true],"medium":["https:\/\/arantv.az\/wp-content\/uploads\/2024\/05\/8360f9f61313cb1de871ff6042b676b1-581x365.jpg",581,365,true],"large":["https:\/\/arantv.az\/wp-content\/uploads\/2024\/05\/8360f9f61313cb1de871ff6042b676b1.jpg",637,400,false],"1536x1536":["https:\/\/arantv.az\/wp-content\/uploads\/2024\/05\/8360f9f61313cb1de871ff6042b676b1.jpg",637,400,false],"2048x2048":["https:\/\/arantv.az\/wp-content\/uploads\/2024\/05\/8360f9f61313cb1de871ff6042b676b1.jpg",637,400,false],"post-thumbnail":["https:\/\/arantv.az\/wp-content\/uploads\/2024\/05\/8360f9f61313cb1de871ff6042b676b1-240x172.jpg",240,172,true],"advps-thumb-one":["https:\/\/arantv.az\/wp-content\/uploads\/2024\/05\/8360f9f61313cb1de871ff6042b676b1.jpg",637,400,false]},"rttpg_author":{"display_name":"V\u00fcsal Rafiqo\u011flu","author_link":"https:\/\/arantv.az\/?author=2"},"rttpg_comment":0,"rttpg_category":"<a href=\"https:\/\/arantv.az\/?cat=19\" rel=\"category\">G\u00fcnd\u0259m<\/a>","rttpg_excerpt":"Az\u0259rbaycan qad\u0131n \u015fahmat millisinin \u00fczv\u00fc Zeyn\u0259b M\u0259mm\u0259dyarova qarda\u015f\u0131, ki\u015fi \u015fahmat y\u0131\u011fmam\u0131z\u0131n \u00fczv\u00fc \u015e\u0259hriyar M\u0259mm\u0259dyarovun &#8220;qad\u0131nlar h\u0259r sah\u0259d\u0259 ki\u015fil\u0259rd\u0259n gerid\u0259dir&#8221; fikrin\u0259 m\u00fcnasib\u0259t bildirib. ARANTV.AZ\u00a0 bildirir ki, &#8220;Qafqazinfo&#8221;ya a\u00e7\u0131qlama ver\u0259n Zeyn\u0259b M\u0259mm\u0259dyarova qarda\u015f\u0131 il\u0259 raz\u0131la\u015fd\u0131\u011f\u0131n\u0131 bildirib. O qeyd edib ki, ist\u0259nil\u0259n sah\u0259d\u0259 g\u00fccl\u00fc ki\u015fil\u0259r g\u00fccl\u00fc qad\u0131nlardan daha \u00e7oxdur: &#8220;M\u0259n \u015e\u0259hriyar\u0131n fikirl\u0259ri il\u0259 raz\u0131yam. H\u0259r insan\u0131n d\u00fc\u015f\u00fcnc\u0259si, fikri,&hellip;","_links":{"self":[{"href":"https:\/\/arantv.az\/index.php?rest_route=\/wp\/v2\/posts\/723889"}],"collection":[{"href":"https:\/\/arantv.az\/index.php?rest_route=\/wp\/v2\/posts"}],"about":[{"href":"https:\/\/arantv.az\/index.php?rest_route=\/wp\/v2\/types\/post"}],"author":[{"embeddable":true,"href":"https:\/\/arantv.az\/index.php?rest_route=\/wp\/v2\/users\/2"}],"replies":[{"embeddable":true,"href":"https:\/\/arantv.az\/index.php?rest_route=%2Fwp%2Fv2%2Fcomments&post=723889"}],"version-history":[{"count":0,"href":"https:\/\/arantv.az\/index.php?rest_route=\/wp\/v2\/posts\/723889\/revisions"}],"wp:featuredmedia":[{"embeddable":true,"href":"https:\/\/arantv.az\/index.php?rest_route=\/wp\/v2\/media\/723890"}],"wp:attachment":[{"href":"https:\/\/arantv.az\/index.php?rest_route=%2Fwp%2Fv2%2Fmedia&parent=723889"}],"wp:term":[{"taxonomy":"category","embeddable":true,"href":"https:\/\/arantv.az\/index.php?rest_route=%2Fwp%2Fv2%2Fcategories&post=723889"},{"taxonomy":"post_tag","embeddable":true,"href":"https:\/\/arantv.az\/index.php?rest_route=%2Fwp%2Fv2%2Ftags&post=723889"}],"curies":[{"name":"wp","href":"https:\/\/api.w.org\/{rel}","templated":true}]}}