{"id":723924,"date":"2024-05-22T17:30:25","date_gmt":"2024-05-22T13:30:25","guid":{"rendered":"https:\/\/arantv.az\/?p=723924"},"modified":"2024-05-22T17:30:25","modified_gmt":"2024-05-22T13:30:25","slug":"bas-nazirin-r%c9%99hb%c9%99rlik-etdiyi-az%c9%99rbaycan-numay%c9%99nd%c9%99-hey%c9%99ti-iranda-r%c9%99smi-anim-m%c9%99rasimind%c9%99-istirak-edib","status":"publish","type":"post","link":"https:\/\/arantv.az\/?p=723924","title":{"rendered":"Ba\u015f nazirin r\u0259hb\u0259rlik etdiyi Az\u0259rbaycan n\u00fcmay\u0259nd\u0259 hey\u0259ti \u0130randa r\u0259smi an\u0131m m\u0259rasimind\u0259 i\u015ftirak edib"},"content":{"rendered":"<p>May\u0131n 22-d\u0259 Az\u0259rbaycan Respublikas\u0131 Prezidentinin tap\u015f\u0131r\u0131\u011f\u0131na uy\u011fun olaraq Ba\u015f nazir \u018fli \u018fs\u0259dovun r\u0259hb\u0259rlik etdiyi n\u00fcmay\u0259nd\u0259 hey\u0259ti \u0130ran \u0130slam Respublikas\u0131n\u0131n Prezidenti Seyid \u0130brahim R\u0259isinin, xarici i\u015fl\u0259r naziri H\u00fcseyn \u018fmir Abdullahiyan\u0131n v\u0259 dig\u0259r m\u00fc\u015fayi\u0259t ed\u0259n \u015f\u0259xsl\u0259rin helikopter q\u0259zas\u0131nda faci\u0259li sur\u0259td\u0259 h\u0259lak olmalar\u0131 il\u0259 \u0259laq\u0259dar Tehran \u015f\u0259h\u0259rind\u0259 ke\u00e7iril\u0259n r\u0259smi an\u0131m m\u0259rasimind\u0259 i\u015ftirak edib.<\/p>\n<p>Bu bar\u0259d\u0259\u00a0<strong>Oxu.Az<\/strong>-a Nazirl\u0259r Kabinetind\u0259n m\u0259lumat verilib.<\/p>\n<p>Ba\u015f nazir \u018fli \u018fs\u0259dov \u0130ran \u0130slam Respublikas\u0131n\u0131n Birinci vitse-prezidenti, Prezidentin v\u0259zif\u0259sini icra ed\u0259n M\u0259h\u0259mm\u0259d Moxberl\u0259 g\u00f6r\u00fc\u015f\u0259r\u0259k ona Az\u0259rbaycan Respublikas\u0131n\u0131n Prezidenti, h\u00f6kum\u0259ti v\u0259 xalq\u0131 ad\u0131ndan d\u0259rin h\u00fcznl\u0259 ba\u015fsa\u011fl\u0131\u011f\u0131 verdi.<\/p>\n<p>Bildirilib ki, b\u00f6y\u00fck d\u00f6vl\u0259t xadimi, g\u00f6rk\u0259mli siyas\u0259t\u00e7i Seyid \u0130brahim R\u0259isi b\u00fct\u00fcn h\u0259yat\u0131n\u0131 \u00f6lk\u0259sin\u0259 f\u0259dakarl\u0131qla v\u0259 s\u0259daq\u0259tl\u0259 xidm\u0259t\u0259 h\u0259sr edib.<\/p>\n<p>Az\u0259rbaycan n\u00fcmay\u0259nd\u0259 hey\u0259tin\u0259 xarici i\u015fl\u0259r naziri Ceyhun Bayramov, h\u0259m\u00e7inin Milli M\u0259clisin Az\u0259rbaycan-\u0130ran parlamentl\u0259raras\u0131 \u0259laq\u0259l\u0259r \u00fczr\u0259 i\u015f\u00e7i qrupunun \u00fczvl\u0259ri \u018fziz \u018fl\u0259kb\u0259rov, Cavan\u015fir Pa\u015fazad\u0259, C\u0259bi Quliyev v\u0259 dig\u0259r r\u0259smi \u015f\u0259xsl\u0259r daxildir.<\/p>\n<p>&nbsp;<\/p>\n<div class=\"gallery-area\">\n<div class=\"gallery-slide swiper swiper-initialized swiper-horizontal swiper-pointer-events swiper-backface-hidden\">\n<div id=\"swiper-wrapper-a3e66b3191091fc34\" class=\"swiper-wrapper\" aria-live=\"polite\">\n<div class=\"swiper-slide swiper-slide-duplicate swiper-slide-prev\" role=\"group\" data-swiper-slide-index=\"3\" aria-label=\"4 \/ 4\"><a href=\"https:\/\/images.oxu.az\/2024\/05\/22\/PRpQrzbYkhQ08AavLdM0STbgsuBU0Xz60uGVD5se:1200.jpg.webp\" data-fancybox=\"gallery\"><img loading=\"lazy\" src=\"https:\/\/images.oxu.az\/2024\/05\/22\/PRpQrzbYkhQ08AavLdM0STbgsuBU0Xz60uGVD5se:640.jpg.webp\" alt=\"\" width=\"640\" height=\"419\" \/><\/a><\/div>\n<div class=\"swiper-slide swiper-slide-active\" role=\"group\" data-swiper-slide-index=\"0\" aria-label=\"1 \/ 4\"><a href=\"https:\/\/images.oxu.az\/2024\/05\/22\/sBb6IVV561CweQjF9HDPr1m1orbqGEq1bqpIsYc1:1200.jpg.webp\" data-fancybox=\"gallery\"><img loading=\"lazy\" src=\"https:\/\/images.oxu.az\/2024\/05\/22\/sBb6IVV561CweQjF9HDPr1m1orbqGEq1bqpIsYc1:640.jpg.webp\" alt=\"\" width=\"640\" height=\"419\" \/><\/a><\/div>\n<div class=\"swiper-slide swiper-slide-next\" role=\"group\" data-swiper-slide-index=\"1\" aria-label=\"2 \/ 4\"><a href=\"https:\/\/images.oxu.az\/2024\/05\/22\/I6alZz0y9AzdalnTdk4zPVN7MAubwrtkzxzd53Ty:1200.jpg.webp\" data-fancybox=\"gallery\"><img loading=\"lazy\" src=\"https:\/\/images.oxu.az\/2024\/05\/22\/I6alZz0y9AzdalnTdk4zPVN7MAubwrtkzxzd53Ty:640.jpg.webp\" alt=\"\" width=\"640\" height=\"419\" \/><\/a><\/div>\n<div class=\"swiper-slide\" role=\"group\" data-swiper-slide-index=\"2\" aria-label=\"3 \/ 4\"><a href=\"https:\/\/images.oxu.az\/2024\/05\/22\/Gj0NlccQYysA4WcR8wOsE0jTqNC2TnxraldNDZpY:1200.jpg.webp\" data-fancybox=\"gallery\"><img loading=\"lazy\" src=\"https:\/\/images.oxu.az\/2024\/05\/22\/Gj0NlccQYysA4WcR8wOsE0jTqNC2TnxraldNDZpY:640.jpg.webp\" alt=\"\" width=\"640\" height=\"419\" \/><\/a><\/div>\n<div class=\"swiper-slide swiper-slide-duplicate-prev\" role=\"group\" data-swiper-slide-index=\"3\" aria-label=\"4 \/ 4\"><a href=\"https:\/\/images.oxu.az\/2024\/05\/22\/PRpQrzbYkhQ08AavLdM0STbgsuBU0Xz60uGVD5se:1200.jpg.webp\" data-fancybox=\"gallery\"><img loading=\"lazy\" src=\"https:\/\/images.oxu.az\/2024\/05\/22\/PRpQrzbYkhQ08AavLdM0STbgsuBU0Xz60uGVD5se:640.jpg.webp\" alt=\"\" width=\"640\" height=\"419\" \/><\/a><\/div>\n<div class=\"swiper-slide swiper-slide-duplicate swiper-slide-duplicate-active\" role=\"group\" data-swiper-slide-index=\"0\" aria-label=\"1 \/ 4\"><a href=\"https:\/\/images.oxu.az\/2024\/05\/22\/sBb6IVV561CweQjF9HDPr1m1orbqGEq1bqpIsYc1:1200.jpg.webp\" data-fancybox=\"gallery\"><img loading=\"lazy\" src=\"https:\/\/images.oxu.az\/2024\/05\/22\/sBb6IVV561CweQjF9HDPr1m1orbqGEq1bqpIsYc1:640.jpg.webp\" alt=\"\" width=\"640\" height=\"419\" \/><\/a><\/div>\n<\/div>\n<\/div>\n<div class=\"gallery-thumbs-slide\">\n<div class=\"swiper swiper-initialized swiper-horizontal swiper-pointer-events swiper-free-mode swiper-watch-progress swiper-backface-hidden swiper-thumbs\">\n<div id=\"swiper-wrapper-2bf9d01060fb334ce\" class=\"swiper-wrapper\" aria-live=\"polite\">\n<div class=\"swiper-slide swiper-slide-thumb-active swiper-slide-visible swiper-slide-active\" role=\"group\" aria-label=\"1 \/ 4\"><img loading=\"lazy\" src=\"https:\/\/images.oxu.az\/2024\/05\/22\/sBb6IVV561CweQjF9HDPr1m1orbqGEq1bqpIsYc1:105.jpg.webp\" alt=\"\" width=\"640\" height=\"419\" \/><\/div>\n<div class=\"swiper-slide swiper-slide-visible swiper-slide-next\" role=\"group\" aria-label=\"2 \/ 4\"><img loading=\"lazy\" src=\"https:\/\/images.oxu.az\/2024\/05\/22\/I6alZz0y9AzdalnTdk4zPVN7MAubwrtkzxzd53Ty:105.jpg.webp\" alt=\"\" width=\"640\" height=\"419\" \/><\/div>\n<div class=\"swiper-slide swiper-slide-visible\" role=\"group\" aria-label=\"3 \/ 4\"><img loading=\"lazy\" src=\"https:\/\/images.oxu.az\/2024\/05\/22\/Gj0NlccQYysA4WcR8wOsE0jTqNC2TnxraldNDZpY:105.jpg.webp\" alt=\"\" width=\"640\" height=\"419\" \/><\/div>\n<div class=\"swiper-slide swiper-slide-visible\" role=\"group\" aria-label=\"4 \/ 4\"><img loading=\"lazy\" src=\"https:\/\/images.oxu.az\/2024\/05\/22\/PRpQrzbYkhQ08AavLdM0STbgsuBU0Xz60uGVD5se:105.jpg.webp\" alt=\"\" width=\"640\" height=\"419\" \/><\/div>\n<\/div>\n<\/div>\n<\/div>\n<\/div>\n<p>&nbsp;<\/p>\n<p><strong>14:22<\/strong><\/p>\n<p>Az\u0259rbaycan\u0131n Ba\u015f naziri \u018fli \u018fs\u0259dov v\u0259 xarici i\u015fl\u0259r naziri Ceyhun Bayramov may\u0131n 19-da helikopter q\u0259zas\u0131nda h\u0259yat\u0131n\u0131 itir\u0259n \u0130ran prezidenti v\u0259 dig\u0259r d\u00f6vl\u0259t r\u0259smil\u0259rinin vida m\u0259rasimin\u0259 qat\u0131lmaq m\u0259qs\u0259di il\u0259 Tehrana s\u0259f\u0259r edibl\u0259r.<\/p>\n<p>Az\u0259rbaycan r\u0259smil\u0259rini Tehran aeroportunda \u0130ran r\u0259smil\u0259ri qar\u015f\u0131lay\u0131blar.<\/p>\n<p>Qeyd ed\u0259k ki, \u0130ran \u0130slam Respublikas\u0131n\u0131n Prezidenti Seyid \u0130brahim R\u0259isinin, xarici i\u015fl\u0259r naziri H\u00fcseyn \u018fmir Abdullahiyan\u0131n v\u0259 onlar\u0131 m\u00fc\u015fayi\u0259t ed\u0259n dig\u0259r \u015f\u0259xsl\u0259rin helikopter q\u0259zas\u0131nda faci\u0259li sur\u0259td\u0259 h\u0259lak olmalar\u0131 il\u0259 \u0259laq\u0259dar d\u00fcnyan\u0131n m\u00fcxt\u0259lif \u00f6lk\u0259l\u0259rind\u0259n olan d\u00f6vl\u0259t xadiml\u0259ri Tehranda ke\u00e7iril\u0259n r\u0259smi an\u0131m m\u0259rasimin\u0259 qat\u0131lacaqlar.<\/p>\n<p><iframe loading=\"lazy\" id=\"telegram-post-oxuaze-93233\" src=\"https:\/\/t.me\/oxuaze\/93233?embed=1\" width=\"100%\" height=\"\" frameborder=\"0\" scrolling=\"no\" data-mce-fragment=\"1\"><\/iframe><\/p>\n<p>M\u0259nb\u0259: Snn.ir<\/p>\n<p><strong>09:48<\/strong><\/p>\n<p>Ba\u015f nazir \u018fli \u018fs\u0259dov \u0130ran \u0130slam Respublikas\u0131na s\u0259f\u0259r ed\u0259c\u0259k.<\/p>\n<p>Bu bar\u0259d\u0259 Nazirl\u0259r Kabineti m\u0259lumat yay\u0131b.<\/p>\n<p>Bildirilib ki, may\u0131n 22-d\u0259 Az\u0259rbaycan Respublikas\u0131 Prezidentinin tap\u015f\u0131r\u0131\u011f\u0131na uy\u011fun olaraq Ba\u015f nazir \u018fli \u018fs\u0259dovun r\u0259hb\u0259rlik etdiyi n\u00fcmay\u0259nd\u0259 hey\u0259ti \u0130ran \u0130slam Respublikas\u0131n\u0131n Prezidenti \u0130brahim R\u0259isinin, xarici i\u015fl\u0259r naziri H\u00fcseyn \u018fmir-Abdullahian\u0131n v\u0259 dig\u0259r m\u00fc\u015fayi\u0259t ed\u0259n \u015f\u0259xsl\u0259rin helikopter q\u0259zas\u0131nda faci\u0259li sur\u0259td\u0259 h\u0259lak olmalar\u0131 il\u0259 \u0259laq\u0259dar Tehran \u015f\u0259h\u0259rind\u0259 ke\u00e7iril\u0259n r\u0259smi an\u0131m m\u0259rasimind\u0259 i\u015ftirak ed\u0259c\u0259k.<\/p>\n<p>N\u00fcmay\u0259nd\u0259 hey\u0259tin\u0259 xarici i\u015fl\u0259r naziri Ceyhun Bayramov, Milli M\u0259clisin Az\u0259rbaycan-\u0130ran parlamentl\u0259raras\u0131 \u0259laq\u0259l\u0259r \u00fczr\u0259 i\u015f\u00e7i qrupunun \u00fczvl\u0259ri v\u0259 dig\u0259r r\u0259smi \u015f\u0259xsl\u0259r daxildir.<\/p>\n","protected":false},"excerpt":{"rendered":"<p>May\u0131n 22-d\u0259 Az\u0259rbaycan Respublikas\u0131 Prezidentinin tap\u015f\u0131r\u0131\u011f\u0131na uy\u011fun olaraq Ba\u015f nazir \u018fli \u018fs\u0259dovun r\u0259hb\u0259rlik etdiyi n\u00fcmay\u0259nd\u0259 hey\u0259ti \u0130ran \u0130slam Respublikas\u0131n\u0131n Prezidenti Seyid \u0130brahim R\u0259isinin, xarici i\u015fl\u0259r naziri H\u00fcseyn \u018fmir Abdullahiyan\u0131n v\u0259 dig\u0259r m\u00fc\u015fayi\u0259t ed\u0259n \u015f\u0259xsl\u0259rin helikopter q\u0259zas\u0131nda faci\u0259li sur\u0259td\u0259 h\u0259lak olmalar\u0131 il\u0259 \u0259laq\u0259dar Tehran \u015f\u0259h\u0259rind\u0259 ke\u00e7iril\u0259n r\u0259smi an\u0131m m\u0259rasimind\u0259 i\u015ftirak edib. Bu bar\u0259d\u0259\u00a0Oxu.Az-a Nazirl\u0259r Kabinetind\u0259n m\u0259lumat verilib. Ba\u015f nazir \u018fli \u018fs\u0259dov \u0130ran \u0130slam Respublikas\u0131n\u0131n Birinci vitse-prezidenti, Prezidentin v\u0259zif\u0259sini icra ed\u0259n M\u0259h\u0259mm\u0259d Moxberl\u0259 g\u00f6r\u00fc\u015f\u0259r\u0259k ona Az\u0259rbaycan Respublikas\u0131n\u0131n Prezidenti, h\u00f6kum\u0259ti v\u0259 xalq\u0131 ad\u0131ndan d\u0259rin h\u00fcznl\u0259 ba\u015fsa\u011fl\u0131\u011f\u0131 verdi. Bildirilib ki, b\u00f6y\u00fck d\u00f6vl\u0259t xadimi, g\u00f6rk\u0259mli&hellip;<\/p>\n","protected":false},"author":2,"featured_media":723925,"comment_status":"closed","ping_status":"closed","sticky":false,"template":"","format":"standard","meta":{"om_disable_all_campaigns":false,"_monsterinsights_skip_tracking":false,"_monsterinsights_sitenote_active":false,"_monsterinsights_sitenote_note":"","_monsterinsights_sitenote_category":0},"categories":[4],"tags":[],"aioseo_notices":[],"gutentor_comment":0,"rttpg_featured_image_url":{"full":["https:\/\/arantv.az\/wp-content\/uploads\/2024\/05\/photo_106383.jpg",750,467,false],"landscape":["https:\/\/arantv.az\/wp-content\/uploads\/2024\/05\/photo_106383.jpg",750,467,false],"portraits":["https:\/\/arantv.az\/wp-content\/uploads\/2024\/05\/photo_106383.jpg",750,467,false],"thumbnail":["https:\/\/arantv.az\/wp-content\/uploads\/2024\/05\/photo_106383-500x280.jpg",500,280,true],"medium":["https:\/\/arantv.az\/wp-content\/uploads\/2024\/05\/photo_106383-586x365.jpg",586,365,true],"large":["https:\/\/arantv.az\/wp-content\/uploads\/2024\/05\/photo_106383.jpg",640,399,false],"1536x1536":["https:\/\/arantv.az\/wp-content\/uploads\/2024\/05\/photo_106383.jpg",750,467,false],"2048x2048":["https:\/\/arantv.az\/wp-content\/uploads\/2024\/05\/photo_106383.jpg",750,467,false],"post-thumbnail":["https:\/\/arantv.az\/wp-content\/uploads\/2024\/05\/photo_106383-240x172.jpg",240,172,true],"advps-thumb-one":["https:\/\/arantv.az\/wp-content\/uploads\/2024\/05\/photo_106383.jpg",750,467,false]},"rttpg_author":{"display_name":"V\u00fcsal Rafiqo\u011flu","author_link":"https:\/\/arantv.az\/?author=2"},"rttpg_comment":0,"rttpg_category":"<a href=\"https:\/\/arantv.az\/?cat=4\" rel=\"category\">Siyas\u0259t<\/a>","rttpg_excerpt":"May\u0131n 22-d\u0259 Az\u0259rbaycan Respublikas\u0131 Prezidentinin tap\u015f\u0131r\u0131\u011f\u0131na uy\u011fun olaraq Ba\u015f nazir \u018fli \u018fs\u0259dovun r\u0259hb\u0259rlik etdiyi n\u00fcmay\u0259nd\u0259 hey\u0259ti \u0130ran \u0130slam Respublikas\u0131n\u0131n Prezidenti Seyid \u0130brahim R\u0259isinin, xarici i\u015fl\u0259r naziri H\u00fcseyn \u018fmir Abdullahiyan\u0131n v\u0259 dig\u0259r m\u00fc\u015fayi\u0259t ed\u0259n \u015f\u0259xsl\u0259rin helikopter q\u0259zas\u0131nda faci\u0259li sur\u0259td\u0259 h\u0259lak olmalar\u0131 il\u0259 \u0259laq\u0259dar Tehran \u015f\u0259h\u0259rind\u0259 ke\u00e7iril\u0259n r\u0259smi an\u0131m m\u0259rasimind\u0259 i\u015ftirak edib. Bu bar\u0259d\u0259\u00a0Oxu.Az-a Nazirl\u0259r Kabinetind\u0259n m\u0259lumat&hellip;","_links":{"self":[{"href":"https:\/\/arantv.az\/index.php?rest_route=\/wp\/v2\/posts\/723924"}],"collection":[{"href":"https:\/\/arantv.az\/index.php?rest_route=\/wp\/v2\/posts"}],"about":[{"href":"https:\/\/arantv.az\/index.php?rest_route=\/wp\/v2\/types\/post"}],"author":[{"embeddable":true,"href":"https:\/\/arantv.az\/index.php?rest_route=\/wp\/v2\/users\/2"}],"replies":[{"embeddable":true,"href":"https:\/\/arantv.az\/index.php?rest_route=%2Fwp%2Fv2%2Fcomments&post=723924"}],"version-history":[{"count":0,"href":"https:\/\/arantv.az\/index.php?rest_route=\/wp\/v2\/posts\/723924\/revisions"}],"wp:featuredmedia":[{"embeddable":true,"href":"https:\/\/arantv.az\/index.php?rest_route=\/wp\/v2\/media\/723925"}],"wp:attachment":[{"href":"https:\/\/arantv.az\/index.php?rest_route=%2Fwp%2Fv2%2Fmedia&parent=723924"}],"wp:term":[{"taxonomy":"category","embeddable":true,"href":"https:\/\/arantv.az\/index.php?rest_route=%2Fwp%2Fv2%2Fcategories&post=723924"},{"taxonomy":"post_tag","embeddable":true,"href":"https:\/\/arantv.az\/index.php?rest_route=%2Fwp%2Fv2%2Ftags&post=723924"}],"curies":[{"name":"wp","href":"https:\/\/api.w.org\/{rel}","templated":true}]}}