{"id":723934,"date":"2024-05-22T17:37:49","date_gmt":"2024-05-22T13:37:49","guid":{"rendered":"https:\/\/arantv.az\/?p=723934"},"modified":"2024-05-22T17:37:49","modified_gmt":"2024-05-22T13:37:49","slug":"sahib%c9%99-qafarova-turkiy%c9%99li-parlamentaril%c9%99rl%c9%99-gorusub-fotolar","status":"publish","type":"post","link":"https:\/\/arantv.az\/?p=723934","title":{"rendered":"Sahib\u0259 Qafarova t\u00fcrkiy\u0259li parlamentaril\u0259rl\u0259 g\u00f6r\u00fc\u015f\u00fcb &#8211; FOTOLAR"},"content":{"rendered":"<div class=\"text-content\" data-id=\"\" data-url=\"\">\n<p><strong>Milli M\u0259clisin s\u0259dri Sahib\u0259 Qafarova T\u00fcrkiy\u0259 B\u00f6y\u00fck Mill\u0259t M\u0259clisinin (TBMM) Milli t\u0259hsil, m\u0259d\u0259niyy\u0259t, g\u0259nclik v\u0259 idman komissiyas\u0131n\u0131n s\u0259dri Mahmut \u00d6z\u0259rin ba\u015f\u00e7\u0131l\u0131q etdiyi n\u00fcmay\u0259nd\u0259 hey\u0259ti il\u0259 g\u00f6r\u00fc\u015f\u00fcb.<\/strong><\/p>\n<p><strong>ARANTV.AZ <\/strong>\u00a0bu bar\u0259d\u0259 Milli M\u0259clisin M\u0259tbuat v\u0259 ictimaiyy\u0259tl\u0259 \u0259laq\u0259l\u0259r \u015f\u00f6b\u0259sin\u0259 istinad\u0259n x\u0259b\u0259r verir.<\/p>\n<p>G\u00f6r\u00fc\u015fd\u0259 qarda\u015f \u00f6lk\u0259l\u0259rimiz aras\u0131nda \u0259laq\u0259l\u0259rin \u0259n y\u00fcks\u0259k s\u0259viyy\u0259d\u0259 oldu\u011fu qeyd edil\u0259r\u0259k, xalqlar\u0131m\u0131z\u0131 birl\u0259\u015fdir\u0259n ortaq tarixi, dil, dini, milli-m\u0259n\u0259vi d\u0259y\u0259rl\u0259rin m\u00fcnasib\u0259tl\u0259rimizin \u0259sas\u0131nda dayand\u0131\u011f\u0131, xalqlar\u0131m\u0131z\u0131n h\u0259r zaman bir yerd\u0259 oldu\u011fu vur\u011fulan\u0131b. Bildirilib ki, ikit\u0259r\u0259fli \u0259laq\u0259l\u0259rin inki\u015faf\u0131nda ali v\u0259 y\u00fcks\u0259k s\u0259viyy\u0259li qar\u015f\u0131l\u0131ql\u0131 s\u0259f\u0259rl\u0259rin m\u00fcst\u0259sna rolu var. Bu m\u0259nada, iki \u00f6lk\u0259 r\u0259hb\u0259rl\u0259rinin qar\u015f\u0131l\u0131ql\u0131 s\u0259f\u0259rl\u0259rinin h\u0259yata ke\u00e7irilm\u0259si b\u00f6y\u00fck \u0259h\u0259miyy\u0259t k\u0259sb edir. S\u00f6hb\u0259td\u0259 bu g\u00fcn d\u00f6vl\u0259t ba\u015fc\u0131lar\u0131m\u0131z\u0131n liderliyi il\u0259 \u00f6lk\u0259l\u0259rimizin b\u00fct\u00fcn sah\u0259l\u0259rd\u0259 u\u011furlu \u0259m\u0259kda\u015fl\u0131\u011f\u0131ndan m\u0259mnunluq ifad\u0259 edilib. Bildirilib ki, prezidentl\u0259r \u0130lham \u018fliyev v\u0259 R\u0259c\u0259b Tayyib \u018frdo\u011fan\u0131n qar\u015f\u0131l\u0131ql\u0131 h\u00f6rm\u0259t v\u0259 etimada \u0259saslanan qarda\u015fl\u0131q m\u00fcnasib\u0259tl\u0259ri, siyasi irad\u0259si v\u0259 q\u0259tiyy\u0259ti Az\u0259rbaycan-T\u00fcrkiy\u0259 \u0259laq\u0259l\u0259rinin h\u0259r t\u0259r\u0259fli inki\u015faf\u0131nda v\u0259 m\u00fctt\u0259fiqlik s\u0259viyy\u0259sin\u0259 \u00e7atmas\u0131nda \u00e7ox m\u00fch\u00fcm rol oynay\u0131r.<\/p>\n<p>Milli M\u0259clisin s\u0259dri, Az\u0259rbaycan Prezidentinin \u201cBizim ail\u0259miz T\u00fcrk d\u00fcnyas\u0131d\u0131r\u201d fikrini xat\u0131rladaraq, \u00f6lk\u0259l\u0259rimizin t\u00fcrk d\u00f6vl\u0259tl\u0259ri aras\u0131nda da m\u00fcnasib\u0259tl\u0259rin inki\u015faf\u0131na m\u00fch\u00fcm t\u00f6hf\u0259l\u0259r verdiyini diqq\u0259t\u0259 \u00e7atd\u0131r\u0131b. O, bu sah\u0259d\u0259 parlamentl\u0259rin d\u0259 \u00fcz\u0259rin\u0259 m\u00fch\u00fcm v\u0259zif\u0259l\u0259r d\u00fc\u015fd\u00fcy\u00fcn\u00fc s\u00f6yl\u0259yib. S\u00f6hb\u0259t zaman\u0131 parlamentl\u0259rimizin d\u0259 \u00f6lk\u0259l\u0259rimiz v\u0259 xalqlar\u0131m\u0131z aras\u0131nda \u0259laq\u0259l\u0259rin inki\u015faf\u0131na d\u0259st\u0259k v\u0259 t\u00f6hf\u0259l\u0259r verdiyi, haz\u0131rda qanunverici orqanlar\u0131m\u0131z aras\u0131nda da \u0259m\u0259kda\u015fl\u0131\u011f\u0131n y\u00fcks\u0259k s\u0259viyy\u0259d\u0259 oldu\u011fu qeyd edilib. Bildirilib ki, bu g\u00fcn Milli M\u0259clisl\u0259 TBMM aras\u0131nda \u00e7ox\u015fax\u0259li ikit\u0259r\u0259fli \u0259m\u0259kda\u015fl\u0131qla yana\u015f\u0131, \u00fc\u00e7t\u0259r\u0259fli v\u0259 \u00e7oxt\u0259r\u0259fli formatlarda da i\u015fbirliyi m\u00f6vcuddur. H\u0259m\u00e7inin parlamentl\u0259rimiz beyn\u0259lxalq t\u0259\u015fkilatlarda s\u0259m\u0259r\u0259li f\u0259aliyy\u0259t g\u00f6st\u0259rir v\u0259 b\u00fct\u00fcn m\u0259s\u0259l\u0259l\u0259rd\u0259 ortaq m\u00f6vqed\u0259n \u00e7\u0131x\u0131\u015f edirl\u0259r.<\/p>\n<p>Spiker Sahib\u0259 Qafarova xat\u0131rlad\u0131b ki, Az\u0259rbaycan Milli M\u0259clisi il\u0259 T\u00fcrkiy\u0259 B\u00f6y\u00fck Mill\u0259t M\u0259clisi aras\u0131nda \u018fm\u0259kda\u015fl\u0131q haqq\u0131nda Sazi\u015f imzalan\u0131b ki, bu s\u0259n\u0259d parlamentl\u0259rimiz aras\u0131nda bir \u00e7ox sah\u0259l\u0259rd\u0259 \u0259laq\u0259l\u0259rin daha da d\u0259rinl\u0259\u015fm\u0259sini \u00f6z\u00fcnd\u0259 ehtiva edir. Bu sazi\u015f \u015eu\u015fa B\u0259yannam\u0259sinin parlamentl\u0259raras\u0131 \u0259m\u0259kda\u015fl\u0131\u011fa dair b\u0259ndinin h\u0259yata ke\u00e7irilm\u0259si v\u0259 Az\u0259rbaycan-T\u00fcrkiy\u0259 m\u00fctt\u0259fiqlik m\u00fcnasib\u0259tl\u0259rinin parlament s\u0259viyy\u0259sind\u0259 d\u0259 \u0259ks etdirilm\u0259si bax\u0131m\u0131ndan m\u00fch\u00fcm bir mexanizmdir. Bu m\u0259nada parlament komit\u0259l\u0259ri, dostluq qruplar\u0131 aras\u0131ndak\u0131 \u0259laq\u0259l\u0259r \u00e7ox \u00f6n\u0259mlidir. Az\u0259rbaycana s\u0259f\u0259rind\u0259n v\u0259 Milli M\u0259clisd\u0259 olma\u011f\u0131ndan m\u0259mnunlu\u011funu ifad\u0259 ed\u0259n T\u00fcrkiy\u0259 B\u00f6y\u00fck Mill\u0259t M\u0259clisinin komissiya s\u0259dri Mahmut \u00d6z\u0259r cari il may ay\u0131n\u0131n \u0259vv\u0259lind\u0259 VI \u00dcmumd\u00fcnya M\u0259d\u0259niyy\u0259tl\u0259raras\u0131 Dialoq Forumunda i\u015ftirak etm\u0259k m\u0259qs\u0259dil\u0259 \u00f6lk\u0259mizd\u0259 s\u0259f\u0259rd\u0259 oldu\u011funu v\u0259 Forumun \u00e7ox y\u00fcks\u0259k s\u0259viyy\u0259d\u0259 t\u0259\u015fkil edildiyini qeyd edib.<\/p>\n<p>G\u00f6r\u00fc\u015fd\u0259 qarda\u015f \u00f6lk\u0259l\u0259rimiz aras\u0131nda b\u00fct\u00fcn dig\u0259r sah\u0259l\u0259rd\u0259 oldu\u011fu kimi, t\u0259hsil sah\u0259sind\u0259 d\u0259 geni\u015f \u0259laq\u0259l\u0259rin oldu\u011fu bildirib. Spiker Sahib\u0259 Qafarova g\u0259nc n\u0259slin t\u0259rbiy\u0259si, ail\u0259 d\u0259y\u0259rl\u0259rimizin qorunmas\u0131 istiqam\u0259tind\u0259 t\u0259hsilin x\u00fcsusi rolunu vur\u011fulayaraq deyib ki, g\u0259nc n\u0259slin milli d\u0259y\u0259rl\u0259rimiz\u0259 ba\u011fl\u0131, qarda\u015fl\u0131q m\u00fcnasib\u0259tl\u0259rimiz\u0259 sadiqlik ruhunda yeti\u015fdirilm\u0259si \u00e7ox m\u00fch\u00fcm \u0259h\u0259miyy\u0259t k\u0259sb edir. T\u0259r\u0259fl\u0259r T\u00fcrkiy\u0259-Az\u0259rbaycan Universitetinin yarad\u0131lmas\u0131ndan m\u0259mnunluqlar\u0131n\u0131 ifad\u0259 ed\u0259r\u0259k, bunun \u00f6lk\u0259l\u0259rimiz aras\u0131nda qarda\u015fl\u0131\u011f\u0131n t\u0259zah\u00fcr\u00fc oldu\u011fu vur\u011fulan\u0131b. Qeyd edilib ki, bu universitet g\u0259ncl\u0259rimizin daha yax\u015f\u0131 t\u0259hsil almas\u0131na v\u0259 g\u0259l\u0259c\u0259k inki\u015faf\u0131na \u00f6z t\u00f6hf\u0259sini ver\u0259c\u0259k. G\u00f6r\u00fc\u015fd\u0259 Milli M\u0259clisin Elm v\u0259 t\u0259hsil komit\u0259sinin s\u0259dri B\u0259xtiyar \u018fliyev, TBMM \u00fczvl\u0259ri Naz\u0131m Mavi\u015f, Mehmet Emin \u00d6z, Nurten Yontar, \u015eenol Sunat, T\u00fcrkiy\u0259nin Az\u0259rbaycandak\u0131 s\u0259firi Cahit Ba\u011f\u00e7\u0131, Milli M\u0259clis Aparat\u0131n\u0131n r\u0259hb\u0259ri F\u0259rid Hac\u0131yev v\u0259 dig\u0259r r\u0259smi \u015f\u0259xsl\u0259r i\u015ftirak edibl\u0259r.<\/p>\n<p><strong>Musavat.com<\/strong><\/p>\n<\/div>\n<div>\n<div class=\"form-group\"><img class=\"img-responsive\" src=\"https:\/\/cdn.musavat.com\/news\/images\/Ayten\/PARLAM%201.jpeg\" \/><\/div>\n<div class=\"form-group\"><img class=\"img-responsive\" src=\"https:\/\/cdn.musavat.com\/news\/images\/Ayten\/PARLAM%202.jpeg\" \/><\/div>\n<div class=\"form-group\"><img class=\"img-responsive\" src=\"https:\/\/cdn.musavat.com\/news\/images\/Ayten\/PARLAM.jpeg\" \/><\/div>\n<\/div>\n","protected":false},"excerpt":{"rendered":"<p>Milli M\u0259clisin s\u0259dri Sahib\u0259 Qafarova T\u00fcrkiy\u0259 B\u00f6y\u00fck Mill\u0259t M\u0259clisinin (TBMM) Milli t\u0259hsil, m\u0259d\u0259niyy\u0259t, g\u0259nclik v\u0259 idman komissiyas\u0131n\u0131n s\u0259dri Mahmut \u00d6z\u0259rin ba\u015f\u00e7\u0131l\u0131q etdiyi n\u00fcmay\u0259nd\u0259 hey\u0259ti il\u0259 g\u00f6r\u00fc\u015f\u00fcb. ARANTV.AZ \u00a0bu bar\u0259d\u0259 Milli M\u0259clisin M\u0259tbuat v\u0259 ictimaiyy\u0259tl\u0259 \u0259laq\u0259l\u0259r \u015f\u00f6b\u0259sin\u0259 istinad\u0259n x\u0259b\u0259r verir. G\u00f6r\u00fc\u015fd\u0259 qarda\u015f \u00f6lk\u0259l\u0259rimiz aras\u0131nda \u0259laq\u0259l\u0259rin \u0259n y\u00fcks\u0259k s\u0259viyy\u0259d\u0259 oldu\u011fu qeyd edil\u0259r\u0259k, xalqlar\u0131m\u0131z\u0131 birl\u0259\u015fdir\u0259n ortaq tarixi, dil, dini, milli-m\u0259n\u0259vi d\u0259y\u0259rl\u0259rin m\u00fcnasib\u0259tl\u0259rimizin \u0259sas\u0131nda dayand\u0131\u011f\u0131, xalqlar\u0131m\u0131z\u0131n h\u0259r zaman bir yerd\u0259 oldu\u011fu vur\u011fulan\u0131b. Bildirilib ki, ikit\u0259r\u0259fli \u0259laq\u0259l\u0259rin inki\u015faf\u0131nda ali v\u0259 y\u00fcks\u0259k s\u0259viyy\u0259li qar\u015f\u0131l\u0131ql\u0131 s\u0259f\u0259rl\u0259rin m\u00fcst\u0259sna rolu var. Bu m\u0259nada, iki \u00f6lk\u0259 r\u0259hb\u0259rl\u0259rinin qar\u015f\u0131l\u0131ql\u0131 s\u0259f\u0259rl\u0259rinin h\u0259yata&hellip;<\/p>\n","protected":false},"author":2,"featured_media":723935,"comment_status":"closed","ping_status":"closed","sticky":false,"template":"","format":"standard","meta":{"om_disable_all_campaigns":false,"_monsterinsights_skip_tracking":false,"_monsterinsights_sitenote_active":false,"_monsterinsights_sitenote_note":"","_monsterinsights_sitenote_category":0},"categories":[4],"tags":[],"aioseo_notices":[],"gutentor_comment":0,"rttpg_featured_image_url":{"full":["https:\/\/arantv.az\/wp-content\/uploads\/2024\/05\/ef08be55365cf17500ac7e0025eac734.jpg",870,500,false],"landscape":["https:\/\/arantv.az\/wp-content\/uploads\/2024\/05\/ef08be55365cf17500ac7e0025eac734.jpg",870,500,false],"portraits":["https:\/\/arantv.az\/wp-content\/uploads\/2024\/05\/ef08be55365cf17500ac7e0025eac734.jpg",870,500,false],"thumbnail":["https:\/\/arantv.az\/wp-content\/uploads\/2024\/05\/ef08be55365cf17500ac7e0025eac734-500x280.jpg",500,280,true],"medium":["https:\/\/arantv.az\/wp-content\/uploads\/2024\/05\/ef08be55365cf17500ac7e0025eac734-635x365.jpg",635,365,true],"large":["https:\/\/arantv.az\/wp-content\/uploads\/2024\/05\/ef08be55365cf17500ac7e0025eac734-840x483.jpg",640,368,true],"1536x1536":["https:\/\/arantv.az\/wp-content\/uploads\/2024\/05\/ef08be55365cf17500ac7e0025eac734.jpg",870,500,false],"2048x2048":["https:\/\/arantv.az\/wp-content\/uploads\/2024\/05\/ef08be55365cf17500ac7e0025eac734.jpg",870,500,false],"post-thumbnail":["https:\/\/arantv.az\/wp-content\/uploads\/2024\/05\/ef08be55365cf17500ac7e0025eac734-240x172.jpg",240,172,true],"advps-thumb-one":["https:\/\/arantv.az\/wp-content\/uploads\/2024\/05\/ef08be55365cf17500ac7e0025eac734.jpg",870,500,false]},"rttpg_author":{"display_name":"V\u00fcsal Rafiqo\u011flu","author_link":"https:\/\/arantv.az\/?author=2"},"rttpg_comment":0,"rttpg_category":"<a href=\"https:\/\/arantv.az\/?cat=4\" rel=\"category\">Siyas\u0259t<\/a>","rttpg_excerpt":"Milli M\u0259clisin s\u0259dri Sahib\u0259 Qafarova T\u00fcrkiy\u0259 B\u00f6y\u00fck Mill\u0259t M\u0259clisinin (TBMM) Milli t\u0259hsil, m\u0259d\u0259niyy\u0259t, g\u0259nclik v\u0259 idman komissiyas\u0131n\u0131n s\u0259dri Mahmut \u00d6z\u0259rin ba\u015f\u00e7\u0131l\u0131q etdiyi n\u00fcmay\u0259nd\u0259 hey\u0259ti il\u0259 g\u00f6r\u00fc\u015f\u00fcb. ARANTV.AZ \u00a0bu bar\u0259d\u0259 Milli M\u0259clisin M\u0259tbuat v\u0259 ictimaiyy\u0259tl\u0259 \u0259laq\u0259l\u0259r \u015f\u00f6b\u0259sin\u0259 istinad\u0259n x\u0259b\u0259r verir. G\u00f6r\u00fc\u015fd\u0259 qarda\u015f \u00f6lk\u0259l\u0259rimiz aras\u0131nda \u0259laq\u0259l\u0259rin \u0259n y\u00fcks\u0259k s\u0259viyy\u0259d\u0259 oldu\u011fu qeyd edil\u0259r\u0259k, xalqlar\u0131m\u0131z\u0131 birl\u0259\u015fdir\u0259n ortaq tarixi, dil,&hellip;","_links":{"self":[{"href":"https:\/\/arantv.az\/index.php?rest_route=\/wp\/v2\/posts\/723934"}],"collection":[{"href":"https:\/\/arantv.az\/index.php?rest_route=\/wp\/v2\/posts"}],"about":[{"href":"https:\/\/arantv.az\/index.php?rest_route=\/wp\/v2\/types\/post"}],"author":[{"embeddable":true,"href":"https:\/\/arantv.az\/index.php?rest_route=\/wp\/v2\/users\/2"}],"replies":[{"embeddable":true,"href":"https:\/\/arantv.az\/index.php?rest_route=%2Fwp%2Fv2%2Fcomments&post=723934"}],"version-history":[{"count":0,"href":"https:\/\/arantv.az\/index.php?rest_route=\/wp\/v2\/posts\/723934\/revisions"}],"wp:featuredmedia":[{"embeddable":true,"href":"https:\/\/arantv.az\/index.php?rest_route=\/wp\/v2\/media\/723935"}],"wp:attachment":[{"href":"https:\/\/arantv.az\/index.php?rest_route=%2Fwp%2Fv2%2Fmedia&parent=723934"}],"wp:term":[{"taxonomy":"category","embeddable":true,"href":"https:\/\/arantv.az\/index.php?rest_route=%2Fwp%2Fv2%2Fcategories&post=723934"},{"taxonomy":"post_tag","embeddable":true,"href":"https:\/\/arantv.az\/index.php?rest_route=%2Fwp%2Fv2%2Ftags&post=723934"}],"curies":[{"name":"wp","href":"https:\/\/api.w.org\/{rel}","templated":true}]}}