{"id":723950,"date":"2024-05-22T17:43:13","date_gmt":"2024-05-22T13:43:13","guid":{"rendered":"https:\/\/arantv.az\/?p=723950"},"modified":"2024-05-22T17:43:13","modified_gmt":"2024-05-22T13:43:13","slug":"xudaf%c9%99rin-v%c9%99-qiz-qalasi-layih%c9%99l%c9%99ri-dostluga-xidm%c9%99t-ed%c9%99n-uzunmudd%c9%99tli-%c9%99m%c9%99kdasliq-korpusudur","status":"publish","type":"post","link":"https:\/\/arantv.az\/?p=723950","title":{"rendered":"\u201cXudaf\u0259rin\u201d v\u0259 \u201cQ\u0131z Qalas\u0131\u201d layih\u0259l\u0259ri dostlu\u011fa xidm\u0259t ed\u0259n uzunm\u00fcdd\u0259tli \u0259m\u0259kda\u015fl\u0131q k\u00f6rp\u00fcs\u00fcd\u00fcr"},"content":{"rendered":"<p><em><strong>D\u0259rin k\u00f6kl\u0259r\u0259 malik olan Az\u0259rbaycan Respublikas\u0131 il\u0259 \u0130ran \u0130slam Respublikas\u0131 aras\u0131ndak\u0131 \u0259laq\u0259l\u0259r ulu \u00f6nd\u0259r Heyd\u0259r \u018fliyevin hakimiyy\u0259t\u0259 qay\u0131d\u0131\u015f\u0131ndan sonra inki\u015faf etmi\u015fdir. B\u00fcn\u00f6vr\u0259si \u00dcmummilli Lider t\u0259r\u0259find\u0259n qoyulmu\u015f bu siyas\u0259t bu g\u00fcn Az\u0259rbaycan Respublikas\u0131n\u0131n Prezidenti \u0130lham \u018fliyev t\u0259r\u0259find\u0259n u\u011furla davam etdirilir. M\u00fcst\u0259qil siyas\u0259t y\u00fcr\u00fcd\u0259n Az\u0259rbaycan d\u00fcnya d\u00f6vl\u0259tl\u0259ri il\u0259 dostluq m\u00fcnasib\u0259tl\u0259rin\u0259 x\u00fcsusi \u00f6n\u0259m verir.<\/strong><\/em><\/p>\n<p>May\u0131n 19-da Az\u0259rbaycan Respublikas\u0131n\u0131n Prezidenti \u0130lham \u018fliyev v\u0259 \u0130ran \u0130slam Respublikas\u0131n\u0131n Prezidenti Seyid \u0130brahim R\u0259isi Az\u0259rbaycan Respublikas\u0131 il\u0259 \u0130ran \u0130slam Respublikas\u0131n\u0131n d\u00f6vl\u0259t s\u0259rh\u0259dind\u0259 g\u00f6r\u00fc\u015f\u00fcbl\u0259r. H\u0259r iki d\u00f6vl\u0259t ba\u015f\u00e7\u0131s\u0131n\u0131n i\u015ftirak\u0131 il\u0259 Araz \u00e7ay\u0131 \u00fcz\u0259rind\u0259 in\u015fa edilmi\u015f \u201cXudaf\u0259rin\u201d hidroqov\u015fa\u011f\u0131n\u0131n istismara verilm\u0259si v\u0259 \u201cQ\u0131z Qalas\u0131\u201d hidroqov\u015fa\u011f\u0131n\u0131n a\u00e7\u0131l\u0131\u015f m\u0259rasimi ke\u00e7irilib. Az\u0259rbaycan Respublikas\u0131 il\u0259 \u0130ran \u0130slam Respublikas\u0131 d\u00f6vl\u0259t s\u0259rh\u0259dind\u0259 &#8211; Araz \u00e7ay\u0131 \u00fcz\u0259rind\u0259 in\u015fa edil\u0259n \u201cXudaf\u0259rin\u201d v\u0259 \u201cQ\u0131z Qalas\u0131\u201d hidroqov\u015faqlar\u0131 elektrik enerjisi istehsal\u0131 v\u0259 suvarma m\u0259qs\u0259dil\u0259 tikilib.<\/p>\n<p>Hidroqov\u015faqlar\u0131n layih\u0259l\u0259ri Sovet \u0130ttifaq\u0131 il\u0259 \u0130ran aras\u0131nda 1977-ci ilin oktyabr\u0131nda imzalanan raz\u0131la\u015fma \u0259sas\u0131nda haz\u0131rlan\u0131b. Layih\u0259l\u0259ri 1990-c\u0131 ill\u0259rin \u0259vv\u0259ll\u0259rind\u0259 yenid\u0259n i\u015fl\u0259nil\u0259n hidroqov\u015faqlar\u0131n tikintisi Az\u0259rbaycan \u0259razisinin 20 faizi Erm\u0259nistan t\u0259r\u0259find\u0259n i\u015f\u011fal edilm\u0259si n\u0259tic\u0259sind\u0259 dayand\u0131r\u0131lsa da, sonrak\u0131 d\u00f6vrl\u0259rd\u0259 tikinti i\u015fl\u0259ri yaln\u0131z \u0130ran \u0130slam Respublikas\u0131 t\u0259r\u0259find\u0259n apar\u0131l\u0131b. Araz \u00e7ay\u0131n\u0131n su ehtiyatlar\u0131ndan s\u0259m\u0259r\u0259li istifad\u0259 olunmaqla elektrik enerjisinin istehsal\u0131 v\u0259 \u0259kin sah\u0259l\u0259rinin su t\u0259minat\u0131n\u0131n yax\u015f\u0131la\u015fd\u0131r\u0131lmas\u0131na xidm\u0259t ed\u0259c\u0259k \u201cXudaf\u0259rin\u201d v\u0259 \u201cQ\u0131z Qalas\u0131\u201d hidroqov\u015faqlar\u0131nda su b\u0259ndl\u0259rinin tikintisi \u00fczr\u0259 i\u015fl\u0259r tamamlan\u0131b, su anbarlar\u0131n\u0131n doldurulmas\u0131 i\u015fl\u0259rin\u0259 ba\u015flan\u0131l\u0131b. Haz\u0131rda \u201cXudaf\u0259rin\u201d su anbar\u0131nda 503 milyon kubmetr, \u201cQ\u0131z Qalas\u0131\u201d su anbar\u0131nda is\u0259 42 milyon kubmetr su y\u0131\u011f\u0131l\u0131b ki, bu da \u00fcmumi tutumun 40 v\u0259 85 faizini t\u0259\u015fkil edir.<\/p>\n<p>\u201cXudaf\u0259rin\u201d v\u0259 \u201cQ\u0131z Qalas\u0131\u201d h\u0259r iki \u00f6lk\u0259 \u00fc\u00e7\u00fcn ekoloji, enerji, iqtisadi \u0259h\u0259miyy\u0259t da\u015f\u0131yan infrastruktur layih\u0259l\u0259ri olmaqla b\u0259rab\u0259r, b\u00f6lg\u0259d\u0259 inki\u015fafa, t\u0259hl\u00fck\u0259sizliy\u0259, dostlu\u011fa xidm\u0259t ed\u0259n uzunm\u00fcdd\u0259tli \u0259m\u0259kda\u015fl\u0131q k\u00f6rp\u00fcs\u00fcd\u00fcr.<\/p>\n<p>\u201c\u0130ran-Az\u0259rbaycan birliyi, dostlu\u011fu sars\u0131lmazd\u0131r. He\u00e7 kim bizim aram\u0131za gir\u0259 bilm\u0259z. Bu s\u0259yl\u0259r \u0259b\u0259sdir v\u0259 biz bug\u00fcnk\u00fc m\u0259rasiml\u0259 bunu bir daha s\u00fcbut edirik\u201d, &#8211; dey\u0259 d\u00f6vl\u0259timizin ba\u015f\u00e7\u0131s\u0131 bildirib.<\/p>\n<p><strong>Aytac Axundova,<\/strong><br \/>\n<em>YAP X\u0259tai rayon t\u0259\u015fkilat\u0131n\u0131n &#8220;M\u0259hs\u0259ti 3&#8221; \u00fcnvan\u0131 \u00fczr\u0259 \u0259razi partiya t\u0259\u015fkilat\u0131n\u0131n \u00fczv\u00fc<\/em><\/p>\n","protected":false},"excerpt":{"rendered":"<p>D\u0259rin k\u00f6kl\u0259r\u0259 malik olan Az\u0259rbaycan Respublikas\u0131 il\u0259 \u0130ran \u0130slam Respublikas\u0131 aras\u0131ndak\u0131 \u0259laq\u0259l\u0259r ulu \u00f6nd\u0259r Heyd\u0259r \u018fliyevin hakimiyy\u0259t\u0259 qay\u0131d\u0131\u015f\u0131ndan sonra inki\u015faf etmi\u015fdir. B\u00fcn\u00f6vr\u0259si \u00dcmummilli Lider t\u0259r\u0259find\u0259n qoyulmu\u015f bu siyas\u0259t bu g\u00fcn Az\u0259rbaycan Respublikas\u0131n\u0131n Prezidenti \u0130lham \u018fliyev t\u0259r\u0259find\u0259n u\u011furla davam etdirilir. M\u00fcst\u0259qil siyas\u0259t y\u00fcr\u00fcd\u0259n Az\u0259rbaycan d\u00fcnya d\u00f6vl\u0259tl\u0259ri il\u0259 dostluq m\u00fcnasib\u0259tl\u0259rin\u0259 x\u00fcsusi \u00f6n\u0259m verir. May\u0131n 19-da Az\u0259rbaycan Respublikas\u0131n\u0131n Prezidenti \u0130lham \u018fliyev v\u0259 \u0130ran \u0130slam Respublikas\u0131n\u0131n Prezidenti Seyid \u0130brahim R\u0259isi Az\u0259rbaycan Respublikas\u0131 il\u0259 \u0130ran \u0130slam Respublikas\u0131n\u0131n d\u00f6vl\u0259t s\u0259rh\u0259dind\u0259 g\u00f6r\u00fc\u015f\u00fcbl\u0259r. H\u0259r iki d\u00f6vl\u0259t ba\u015f\u00e7\u0131s\u0131n\u0131n i\u015ftirak\u0131 il\u0259 Araz \u00e7ay\u0131 \u00fcz\u0259rind\u0259 in\u015fa edilmi\u015f \u201cXudaf\u0259rin\u201d hidroqov\u015fa\u011f\u0131n\u0131n istismara verilm\u0259si&hellip;<\/p>\n","protected":false},"author":2,"featured_media":723951,"comment_status":"closed","ping_status":"closed","sticky":false,"template":"","format":"standard","meta":{"om_disable_all_campaigns":false,"_monsterinsights_skip_tracking":false,"_monsterinsights_sitenote_active":false,"_monsterinsights_sitenote_note":"","_monsterinsights_sitenote_category":0},"categories":[19],"tags":[],"aioseo_notices":[],"gutentor_comment":0,"rttpg_featured_image_url":{"full":["https:\/\/arantv.az\/wp-content\/uploads\/2024\/05\/7f16109f171638273185298840010735677.jpg",975,540,false],"landscape":["https:\/\/arantv.az\/wp-content\/uploads\/2024\/05\/7f16109f171638273185298840010735677.jpg",975,540,false],"portraits":["https:\/\/arantv.az\/wp-content\/uploads\/2024\/05\/7f16109f171638273185298840010735677.jpg",975,540,false],"thumbnail":["https:\/\/arantv.az\/wp-content\/uploads\/2024\/05\/7f16109f171638273185298840010735677-500x280.jpg",500,280,true],"medium":["https:\/\/arantv.az\/wp-content\/uploads\/2024\/05\/7f16109f171638273185298840010735677-660x365.jpg",660,365,true],"large":["https:\/\/arantv.az\/wp-content\/uploads\/2024\/05\/7f16109f171638273185298840010735677-840x465.jpg",640,354,true],"1536x1536":["https:\/\/arantv.az\/wp-content\/uploads\/2024\/05\/7f16109f171638273185298840010735677.jpg",975,540,false],"2048x2048":["https:\/\/arantv.az\/wp-content\/uploads\/2024\/05\/7f16109f171638273185298840010735677.jpg",975,540,false],"post-thumbnail":["https:\/\/arantv.az\/wp-content\/uploads\/2024\/05\/7f16109f171638273185298840010735677-240x172.jpg",240,172,true],"advps-thumb-one":["https:\/\/arantv.az\/wp-content\/uploads\/2024\/05\/7f16109f171638273185298840010735677.jpg",975,540,false]},"rttpg_author":{"display_name":"V\u00fcsal Rafiqo\u011flu","author_link":"https:\/\/arantv.az\/?author=2"},"rttpg_comment":0,"rttpg_category":"<a href=\"https:\/\/arantv.az\/?cat=19\" rel=\"category\">G\u00fcnd\u0259m<\/a>","rttpg_excerpt":"D\u0259rin k\u00f6kl\u0259r\u0259 malik olan Az\u0259rbaycan Respublikas\u0131 il\u0259 \u0130ran \u0130slam Respublikas\u0131 aras\u0131ndak\u0131 \u0259laq\u0259l\u0259r ulu \u00f6nd\u0259r Heyd\u0259r \u018fliyevin hakimiyy\u0259t\u0259 qay\u0131d\u0131\u015f\u0131ndan sonra inki\u015faf etmi\u015fdir. B\u00fcn\u00f6vr\u0259si \u00dcmummilli Lider t\u0259r\u0259find\u0259n qoyulmu\u015f bu siyas\u0259t bu g\u00fcn Az\u0259rbaycan Respublikas\u0131n\u0131n Prezidenti \u0130lham \u018fliyev t\u0259r\u0259find\u0259n u\u011furla davam etdirilir. M\u00fcst\u0259qil siyas\u0259t y\u00fcr\u00fcd\u0259n Az\u0259rbaycan d\u00fcnya d\u00f6vl\u0259tl\u0259ri il\u0259 dostluq m\u00fcnasib\u0259tl\u0259rin\u0259 x\u00fcsusi \u00f6n\u0259m verir. May\u0131n 19-da Az\u0259rbaycan Respublikas\u0131n\u0131n&hellip;","_links":{"self":[{"href":"https:\/\/arantv.az\/index.php?rest_route=\/wp\/v2\/posts\/723950"}],"collection":[{"href":"https:\/\/arantv.az\/index.php?rest_route=\/wp\/v2\/posts"}],"about":[{"href":"https:\/\/arantv.az\/index.php?rest_route=\/wp\/v2\/types\/post"}],"author":[{"embeddable":true,"href":"https:\/\/arantv.az\/index.php?rest_route=\/wp\/v2\/users\/2"}],"replies":[{"embeddable":true,"href":"https:\/\/arantv.az\/index.php?rest_route=%2Fwp%2Fv2%2Fcomments&post=723950"}],"version-history":[{"count":0,"href":"https:\/\/arantv.az\/index.php?rest_route=\/wp\/v2\/posts\/723950\/revisions"}],"wp:featuredmedia":[{"embeddable":true,"href":"https:\/\/arantv.az\/index.php?rest_route=\/wp\/v2\/media\/723951"}],"wp:attachment":[{"href":"https:\/\/arantv.az\/index.php?rest_route=%2Fwp%2Fv2%2Fmedia&parent=723950"}],"wp:term":[{"taxonomy":"category","embeddable":true,"href":"https:\/\/arantv.az\/index.php?rest_route=%2Fwp%2Fv2%2Fcategories&post=723950"},{"taxonomy":"post_tag","embeddable":true,"href":"https:\/\/arantv.az\/index.php?rest_route=%2Fwp%2Fv2%2Ftags&post=723950"}],"curies":[{"name":"wp","href":"https:\/\/api.w.org\/{rel}","templated":true}]}}