{"id":723970,"date":"2024-05-22T19:35:55","date_gmt":"2024-05-22T15:35:55","guid":{"rendered":"https:\/\/arantv.az\/?p=723970"},"modified":"2024-05-22T19:35:55","modified_gmt":"2024-05-22T15:35:55","slug":"tacikistan-prezidenti-f%c9%99xri-xiyabanda-ulu-ond%c9%99rin-m%c9%99zarini-ziyar%c9%99t-edib","status":"publish","type":"post","link":"https:\/\/arantv.az\/?p=723970","title":{"rendered":"Tacikistan Prezidenti F\u0259xri xiyabanda ulu \u00f6nd\u0259rin m\u0259zar\u0131n\u0131 ziyar\u0259t edib"},"content":{"rendered":"<p>May\u0131n 22-d\u0259 Tacikistan Respublikas\u0131n\u0131n Prezidenti Emom\u0259li R\u0259hmon \u00f6lk\u0259miz\u0259 d\u00f6vl\u0259t s\u0259f\u0259ri \u00e7\u0259r\u00e7iv\u0259sind\u0259 F\u0259xri xiyabana g\u0259l\u0259r\u0259k xalq\u0131m\u0131z\u0131n \u00fcmummilli lideri, m\u00fcasir m\u00fcst\u0259qil Az\u0259rbaycan d\u00f6vl\u0259tinin memar\u0131 v\u0259 qurucusu Heyd\u0259r \u018fliyevin xatir\u0259sini ehtiramla yad edib, m\u0259zar\u0131 \u00f6n\u00fcn\u0259 \u0259klil qoyub.<\/p>\n<p><a class=\"azertac-link\" href=\"https:\/\/azertag.az\/xeber\/tacikistan_prezidenti_fexri_xiyabanda_ulu_onderin_mezarini_ziyaret_edib-3016970\" target=\"_blank\" rel=\"nofollow noopener\">AZ\u018fRTAC<\/a>\u00a0x\u0259b\u0259r verir ki, g\u00f6rk\u0259mli oftalmoloq-alim, akademik Z\u0259rif\u0259 xan\u0131m \u018fliyevan\u0131n da xatir\u0259si yad olunub, m\u0259zar\u0131 \u00fcz\u0259rin\u0259 t\u0259r g\u00fcll\u0259r d\u00fcz\u00fcl\u00fcb.<\/p>\n<p><strong>18:55<\/strong><\/p>\n<p>May\u0131n 22-d\u0259 Tacikistan Respublikas\u0131n\u0131n Prezidenti Emom\u0259li R\u0259hmon Az\u0259rbaycan Respublikas\u0131na d\u00f6vl\u0259t s\u0259f\u0259rin\u0259 g\u0259lib.<\/p>\n<p><a href=\"https:\/\/azertag.az\/xeber\/tacikistan_prezidenti_emomeli_rehmon_azerbaycana_dovlet_seferine_gelib-3016854\" target=\"_blank\" rel=\"nofollow noopener\">AZ\u018fRTAC<\/a>\u00a0x\u0259b\u0259r verir ki, h\u0259r iki \u00f6lk\u0259nin d\u00f6vl\u0259t bayraqlar\u0131n\u0131n dal\u011faland\u0131\u011f\u0131 Heyd\u0259r \u018fliyev Beyn\u0259lxalq Aeroportunda ali qona\u011f\u0131n \u015f\u0259r\u0259fin\u0259 f\u0259xri qarovul d\u0259st\u0259si d\u00fcz\u00fclm\u00fc\u015fd\u00fc.<\/p>\n<p>Tacikistan Respublikas\u0131n\u0131n Prezidenti Emom\u0259li R\u0259hmonu Az\u0259rbaycan Respublikas\u0131 Ba\u015f nazirinin birinci m\u00fcavini Yaqub Eyyubov, xarici i\u015fl\u0259r nazirinin m\u00fcavini Samir \u015e\u0259rifov v\u0259 dig\u0259r r\u0259smi \u015f\u0259xsl\u0259r qar\u015f\u0131lad\u0131lar.<\/p>\n<p><img loading=\"lazy\" src=\"https:\/\/images.oxu.az\/2024\/05\/22\/pDexwji1WltOA9dMc5eD27epPHG0NJzSxRZTAY4Y:640.jpg.webp\" alt=\"\" width=\"640\" height=\"428\" \/><\/p>\n","protected":false},"excerpt":{"rendered":"<p>May\u0131n 22-d\u0259 Tacikistan Respublikas\u0131n\u0131n Prezidenti Emom\u0259li R\u0259hmon \u00f6lk\u0259miz\u0259 d\u00f6vl\u0259t s\u0259f\u0259ri \u00e7\u0259r\u00e7iv\u0259sind\u0259 F\u0259xri xiyabana g\u0259l\u0259r\u0259k xalq\u0131m\u0131z\u0131n \u00fcmummilli lideri, m\u00fcasir m\u00fcst\u0259qil Az\u0259rbaycan d\u00f6vl\u0259tinin memar\u0131 v\u0259 qurucusu Heyd\u0259r \u018fliyevin xatir\u0259sini ehtiramla yad edib, m\u0259zar\u0131 \u00f6n\u00fcn\u0259 \u0259klil qoyub. AZ\u018fRTAC\u00a0x\u0259b\u0259r verir ki, g\u00f6rk\u0259mli oftalmoloq-alim, akademik Z\u0259rif\u0259 xan\u0131m \u018fliyevan\u0131n da xatir\u0259si yad olunub, m\u0259zar\u0131 \u00fcz\u0259rin\u0259 t\u0259r g\u00fcll\u0259r d\u00fcz\u00fcl\u00fcb. 18:55 May\u0131n 22-d\u0259 Tacikistan Respublikas\u0131n\u0131n Prezidenti Emom\u0259li R\u0259hmon Az\u0259rbaycan Respublikas\u0131na d\u00f6vl\u0259t s\u0259f\u0259rin\u0259 g\u0259lib. AZ\u018fRTAC\u00a0x\u0259b\u0259r verir ki, h\u0259r iki \u00f6lk\u0259nin d\u00f6vl\u0259t bayraqlar\u0131n\u0131n dal\u011faland\u0131\u011f\u0131 Heyd\u0259r \u018fliyev Beyn\u0259lxalq Aeroportunda ali qona\u011f\u0131n \u015f\u0259r\u0259fin\u0259 f\u0259xri qarovul d\u0259st\u0259si d\u00fcz\u00fclm\u00fc\u015fd\u00fc. Tacikistan Respublikas\u0131n\u0131n Prezidenti Emom\u0259li R\u0259hmonu&hellip;<\/p>\n","protected":false},"author":2,"featured_media":723971,"comment_status":"closed","ping_status":"closed","sticky":false,"template":"","format":"standard","meta":{"om_disable_all_campaigns":false,"_monsterinsights_skip_tracking":false,"_monsterinsights_sitenote_active":false,"_monsterinsights_sitenote_note":"","_monsterinsights_sitenote_category":0},"categories":[4],"tags":[],"aioseo_notices":[],"gutentor_comment":0,"rttpg_featured_image_url":{"full":["https:\/\/arantv.az\/wp-content\/uploads\/2024\/05\/17163897331763723783_1200x630.jpg",922,630,false],"landscape":["https:\/\/arantv.az\/wp-content\/uploads\/2024\/05\/17163897331763723783_1200x630.jpg",922,630,false],"portraits":["https:\/\/arantv.az\/wp-content\/uploads\/2024\/05\/17163897331763723783_1200x630.jpg",922,630,false],"thumbnail":["https:\/\/arantv.az\/wp-content\/uploads\/2024\/05\/17163897331763723783_1200x630-500x280.jpg",500,280,true],"medium":["https:\/\/arantv.az\/wp-content\/uploads\/2024\/05\/17163897331763723783_1200x630-534x365.jpg",534,365,true],"large":["https:\/\/arantv.az\/wp-content\/uploads\/2024\/05\/17163897331763723783_1200x630-840x574.jpg",640,437,true],"1536x1536":["https:\/\/arantv.az\/wp-content\/uploads\/2024\/05\/17163897331763723783_1200x630.jpg",922,630,false],"2048x2048":["https:\/\/arantv.az\/wp-content\/uploads\/2024\/05\/17163897331763723783_1200x630.jpg",922,630,false],"post-thumbnail":["https:\/\/arantv.az\/wp-content\/uploads\/2024\/05\/17163897331763723783_1200x630-240x172.jpg",240,172,true],"advps-thumb-one":["https:\/\/arantv.az\/wp-content\/uploads\/2024\/05\/17163897331763723783_1200x630-922x620.jpg",922,620,true]},"rttpg_author":{"display_name":"V\u00fcsal Rafiqo\u011flu","author_link":"https:\/\/arantv.az\/?author=2"},"rttpg_comment":0,"rttpg_category":"<a href=\"https:\/\/arantv.az\/?cat=4\" rel=\"category\">Siyas\u0259t<\/a>","rttpg_excerpt":"May\u0131n 22-d\u0259 Tacikistan Respublikas\u0131n\u0131n Prezidenti Emom\u0259li R\u0259hmon \u00f6lk\u0259miz\u0259 d\u00f6vl\u0259t s\u0259f\u0259ri \u00e7\u0259r\u00e7iv\u0259sind\u0259 F\u0259xri xiyabana g\u0259l\u0259r\u0259k xalq\u0131m\u0131z\u0131n \u00fcmummilli lideri, m\u00fcasir m\u00fcst\u0259qil Az\u0259rbaycan d\u00f6vl\u0259tinin memar\u0131 v\u0259 qurucusu Heyd\u0259r \u018fliyevin xatir\u0259sini ehtiramla yad edib, m\u0259zar\u0131 \u00f6n\u00fcn\u0259 \u0259klil qoyub. AZ\u018fRTAC\u00a0x\u0259b\u0259r verir ki, g\u00f6rk\u0259mli oftalmoloq-alim, akademik Z\u0259rif\u0259 xan\u0131m \u018fliyevan\u0131n da xatir\u0259si yad olunub, m\u0259zar\u0131 \u00fcz\u0259rin\u0259 t\u0259r g\u00fcll\u0259r d\u00fcz\u00fcl\u00fcb. 18:55 May\u0131n 22-d\u0259&hellip;","_links":{"self":[{"href":"https:\/\/arantv.az\/index.php?rest_route=\/wp\/v2\/posts\/723970"}],"collection":[{"href":"https:\/\/arantv.az\/index.php?rest_route=\/wp\/v2\/posts"}],"about":[{"href":"https:\/\/arantv.az\/index.php?rest_route=\/wp\/v2\/types\/post"}],"author":[{"embeddable":true,"href":"https:\/\/arantv.az\/index.php?rest_route=\/wp\/v2\/users\/2"}],"replies":[{"embeddable":true,"href":"https:\/\/arantv.az\/index.php?rest_route=%2Fwp%2Fv2%2Fcomments&post=723970"}],"version-history":[{"count":0,"href":"https:\/\/arantv.az\/index.php?rest_route=\/wp\/v2\/posts\/723970\/revisions"}],"wp:featuredmedia":[{"embeddable":true,"href":"https:\/\/arantv.az\/index.php?rest_route=\/wp\/v2\/media\/723971"}],"wp:attachment":[{"href":"https:\/\/arantv.az\/index.php?rest_route=%2Fwp%2Fv2%2Fmedia&parent=723970"}],"wp:term":[{"taxonomy":"category","embeddable":true,"href":"https:\/\/arantv.az\/index.php?rest_route=%2Fwp%2Fv2%2Fcategories&post=723970"},{"taxonomy":"post_tag","embeddable":true,"href":"https:\/\/arantv.az\/index.php?rest_route=%2Fwp%2Fv2%2Ftags&post=723970"}],"curies":[{"name":"wp","href":"https:\/\/api.w.org\/{rel}","templated":true}]}}