{"id":724028,"date":"2024-05-22T20:39:02","date_gmt":"2024-05-22T16:39:02","guid":{"rendered":"https:\/\/arantv.az\/?p=724028"},"modified":"2024-05-22T20:39:02","modified_gmt":"2024-05-22T16:39:02","slug":"prezident-emom%c9%99li-r%c9%99hmon-s%c9%99hidl%c9%99r-xiyabanini-ziyar%c9%99t-edib","status":"publish","type":"post","link":"https:\/\/arantv.az\/?p=724028","title":{"rendered":"Prezident Emom\u0259li R\u0259hmon \u015e\u0259hidl\u0259r xiyaban\u0131n\u0131 ziyar\u0259t edib"},"content":{"rendered":"<div class=\"post-detail-content-inner resize-area\">\n<p>Az\u0259rbaycanda d\u00f6vl\u0259t s\u0259f\u0259rind\u0259 olan Tacikistan Respublikas\u0131n\u0131n Prezidenti Emom\u0259li R\u0259hmon may\u0131n 22-d\u0259 \u015e\u0259hidl\u0259r xiyaban\u0131n\u0131 ziyar\u0259t edib.<\/p>\n<p><a class=\"azertac-link\" href=\"https:\/\/azertag.az\/xeber\/prezident_emomeli_rehmon_sehidler_xiyabanini_ziyaret_edib-3017022\" target=\"_blank\" rel=\"nofollow noopener\">AZ\u018fRTAC<\/a>\u00a0x\u0259b\u0259r verir ki, Prezident Emom\u0259li R\u0259hmon Az\u0259rbaycan\u0131n m\u00fcst\u0259qilliyi v\u0259 \u0259razi b\u00fct\u00f6vl\u00fcy\u00fc u\u011frunda m\u00fcbariz\u0259d\u0259 canlar\u0131ndan ke\u00e7mi\u015f q\u0259hr\u0259man V\u0259t\u0259n \u00f6vladlar\u0131n\u0131n xatir\u0259sini ehtiramla yad edib, &#8220;\u018fb\u0259di m\u0259\u015f\u0259l&#8221; abid\u0259sinin \u00f6n\u00fcn\u0259 \u0259klil qoyub.<\/p>\n<p>Sonra Bak\u0131n\u0131n \u0259n h\u00fcnd\u00fcr n\u00f6qt\u0259sind\u0259n paytaxt\u0131n m\u0259nz\u0259r\u0259sini seyr ed\u0259n ali qona\u011fa \u015e\u0259hidl\u0259r xiyaban\u0131n\u0131n tarixi v\u0259 \u015f\u0259h\u0259rd\u0259 g\u00f6r\u00fcl\u0259n abadl\u0131q-quruculuq i\u015fl\u0259ri bar\u0259d\u0259 m\u0259lumat verilib.<\/p>\n<p><img loading=\"lazy\" src=\"https:\/\/images.oxu.az\/2024\/05\/22\/xV0jAJGNmXeCgzjbeq7HcSNZbaIcLxGhvQZIOkjU:640.jpg.webp\" alt=\"\" width=\"640\" height=\"428\" \/><\/p>\n<p><img loading=\"lazy\" src=\"https:\/\/images.oxu.az\/2024\/05\/22\/J5uRlMi7rRDl8v5SgM3RrtUxyDLjjI6iO5bouMtc:640.jpg.webp\" alt=\"\" width=\"640\" height=\"428\" \/><\/p>\n<p><strong>19:30<\/strong><\/p>\n<p>May\u0131n 22-d\u0259 Tacikistan Respublikas\u0131n\u0131n Prezidenti Emom\u0259li R\u0259hmon \u00f6lk\u0259miz\u0259 d\u00f6vl\u0259t s\u0259f\u0259ri \u00e7\u0259r\u00e7iv\u0259sind\u0259 F\u0259xri xiyabana g\u0259l\u0259r\u0259k xalq\u0131m\u0131z\u0131n \u00fcmummilli lideri, m\u00fcasir m\u00fcst\u0259qil Az\u0259rbaycan d\u00f6vl\u0259tinin memar\u0131 v\u0259 qurucusu Heyd\u0259r \u018fliyevin xatir\u0259sini ehtiramla yad edib, m\u0259zar\u0131 \u00f6n\u00fcn\u0259 \u0259klil qoyub.<\/p>\n<p><a class=\"azertac-link\" href=\"https:\/\/azertag.az\/xeber\/tacikistan_prezidenti_fexri_xiyabanda_ulu_onderin_mezarini_ziyaret_edib-3016970\" target=\"_blank\" rel=\"nofollow noopener\">AZ\u018fRTAC<\/a>\u00a0x\u0259b\u0259r verir ki, g\u00f6rk\u0259mli oftalmoloq-alim, akademik Z\u0259rif\u0259 xan\u0131m \u018fliyevan\u0131n da xatir\u0259si yad olunub, m\u0259zar\u0131 \u00fcz\u0259rin\u0259 t\u0259r g\u00fcll\u0259r d\u00fcz\u00fcl\u00fcb.<\/p>\n<p><img loading=\"lazy\" src=\"https:\/\/images.oxu.az\/2024\/05\/22\/LbZFCJcc3ZRU4HOgil4Bx0MV8NUROQc6Kd8gpUBB:640.jpg.webp\" alt=\"\" width=\"640\" height=\"428\" \/><\/p>\n<p><img loading=\"lazy\" src=\"https:\/\/images.oxu.az\/2024\/05\/22\/wtkqVI4MRxpMtCXsLPwvoivp1fmk7XZIokG2gWeC:640.jpg.webp\" alt=\"\" width=\"640\" height=\"428\" \/><\/p>\n<p><strong>18:55<\/strong><\/p>\n<p>May\u0131n 22-d\u0259 Tacikistan Respublikas\u0131n\u0131n Prezidenti Emom\u0259li R\u0259hmon Az\u0259rbaycan Respublikas\u0131na d\u00f6vl\u0259t s\u0259f\u0259rin\u0259 g\u0259lib.<\/p>\n<p><a href=\"https:\/\/azertag.az\/xeber\/tacikistan_prezidenti_emomeli_rehmon_azerbaycana_dovlet_seferine_gelib-3016854\" target=\"_blank\" rel=\"nofollow noopener\">AZ\u018fRTAC<\/a>\u00a0x\u0259b\u0259r verir ki, h\u0259r iki \u00f6lk\u0259nin d\u00f6vl\u0259t bayraqlar\u0131n\u0131n dal\u011faland\u0131\u011f\u0131 Heyd\u0259r \u018fliyev Beyn\u0259lxalq Aeroportunda ali qona\u011f\u0131n \u015f\u0259r\u0259fin\u0259 f\u0259xri qarovul d\u0259st\u0259si d\u00fcz\u00fclm\u00fc\u015fd\u00fc.<\/p>\n<p>Tacikistan Respublikas\u0131n\u0131n Prezidenti Emom\u0259li R\u0259hmonu Az\u0259rbaycan Respublikas\u0131 Ba\u015f nazirinin birinci m\u00fcavini Yaqub Eyyubov, xarici i\u015fl\u0259r nazirinin m\u00fcavini Samir \u015e\u0259rifov v\u0259 dig\u0259r r\u0259smi \u015f\u0259xsl\u0259r qar\u015f\u0131lad\u0131lar.<\/p>\n<p>&nbsp;<\/p>\n<div class=\"gallery-area\">\n<div class=\"gallery-slide swiper swiper-initialized swiper-horizontal swiper-pointer-events swiper-backface-hidden\">\n<div id=\"swiper-wrapper-d9dce223e8a4c5c5\" class=\"swiper-wrapper\" aria-live=\"polite\">\n<div class=\"swiper-slide swiper-slide-duplicate swiper-slide-prev swiper-slide-duplicate-next\" role=\"group\" data-swiper-slide-index=\"1\" aria-label=\"2 \/ 2\"><a href=\"https:\/\/images.oxu.az\/2024\/05\/22\/pDexwji1WltOA9dMc5eD27epPHG0NJzSxRZTAY4Y:1200.jpg.webp\" data-fancybox=\"gallery\"><img loading=\"lazy\" src=\"https:\/\/images.oxu.az\/2024\/05\/22\/pDexwji1WltOA9dMc5eD27epPHG0NJzSxRZTAY4Y:640.jpg.webp\" alt=\"\" width=\"640\" height=\"419\" \/><\/a><\/div>\n<div class=\"swiper-slide swiper-slide-active\" role=\"group\" data-swiper-slide-index=\"0\" aria-label=\"1 \/ 2\"><a href=\"https:\/\/images.oxu.az\/2024\/05\/22\/1tlXRCXr1CkRTKsZuc455j2Qldye9HswsQ5tjm9M:1200.jpg.webp\" data-fancybox=\"gallery\"><img loading=\"lazy\" src=\"https:\/\/images.oxu.az\/2024\/05\/22\/1tlXRCXr1CkRTKsZuc455j2Qldye9HswsQ5tjm9M:640.jpg.webp\" alt=\"\" width=\"640\" height=\"419\" \/><\/a><\/div>\n<div class=\"swiper-slide swiper-slide-next swiper-slide-duplicate-prev\" role=\"group\" data-swiper-slide-index=\"1\" aria-label=\"2 \/ 2\"><a href=\"https:\/\/images.oxu.az\/2024\/05\/22\/pDexwji1WltOA9dMc5eD27epPHG0NJzSxRZTAY4Y:1200.jpg.webp\" data-fancybox=\"gallery\"><img loading=\"lazy\" src=\"https:\/\/images.oxu.az\/2024\/05\/22\/pDexwji1WltOA9dMc5eD27epPHG0NJzSxRZTAY4Y:640.jpg.webp\" alt=\"\" width=\"640\" height=\"419\" \/><\/a><\/div>\n<div class=\"swiper-slide swiper-slide-duplicate swiper-slide-duplicate-active\" role=\"group\" data-swiper-slide-index=\"0\" aria-label=\"1 \/ 2\"><a href=\"https:\/\/images.oxu.az\/2024\/05\/22\/1tlXRCXr1CkRTKsZuc455j2Qldye9HswsQ5tjm9M:1200.jpg.webp\" data-fancybox=\"gallery\"><img loading=\"lazy\" src=\"https:\/\/images.oxu.az\/2024\/05\/22\/1tlXRCXr1CkRTKsZuc455j2Qldye9HswsQ5tjm9M:640.jpg.webp\" alt=\"\" width=\"640\" height=\"419\" \/><\/a><\/div>\n<\/div>\n<\/div>\n<div class=\"gallery-thumbs-slide\">\n<div class=\"swiper swiper-initialized swiper-horizontal swiper-pointer-events swiper-free-mode swiper-watch-progress swiper-backface-hidden swiper-thumbs\">\n<div id=\"swiper-wrapper-87a5ddd39916ced9\" class=\"swiper-wrapper\" aria-live=\"polite\">\n<div class=\"swiper-slide swiper-slide-visible swiper-slide-active swiper-slide-thumb-active\" role=\"group\" aria-label=\"1 \/ 2\"><img loading=\"lazy\" src=\"https:\/\/images.oxu.az\/2024\/05\/22\/1tlXRCXr1CkRTKsZuc455j2Qldye9HswsQ5tjm9M:105.jpg.webp\" alt=\"\" width=\"640\" height=\"419\" \/><\/div>\n<div class=\"swiper-slide swiper-slide-visible swiper-slide-next\" role=\"group\" aria-label=\"2 \/ 2\"><img loading=\"lazy\" src=\"https:\/\/images.oxu.az\/2024\/05\/22\/pDexwji1WltOA9dMc5eD27epPHG0NJzSxRZTAY4Y:105.jpg.webp\" alt=\"\" width=\"640\" height=\"419\" \/><\/div>\n<\/div>\n<\/div>\n<\/div>\n<\/div>\n<p>&nbsp;<\/p>\n<\/div>\n<div class=\"tag-area tag-area--slider\">\n<div class=\"swiper swiper-initialized swiper-horizontal swiper-pointer-events swiper-free-mode swiper-watch-progress swiper-backface-hidden\">\n<div id=\"swiper-wrapper-10fc419092ac97574\" class=\"swiper-wrapper\" aria-live=\"polite\">\n<div class=\"swiper-slide swiper-slide-visible swiper-slide-active\" role=\"group\" aria-label=\"1 \/ 6\">\n<div class=\"tag-item\"><\/div>\n<\/div>\n<\/div>\n<\/div>\n<\/div>\n","protected":false},"excerpt":{"rendered":"<p>Az\u0259rbaycanda d\u00f6vl\u0259t s\u0259f\u0259rind\u0259 olan Tacikistan Respublikas\u0131n\u0131n Prezidenti Emom\u0259li R\u0259hmon may\u0131n 22-d\u0259 \u015e\u0259hidl\u0259r xiyaban\u0131n\u0131 ziyar\u0259t edib. AZ\u018fRTAC\u00a0x\u0259b\u0259r verir ki, Prezident Emom\u0259li R\u0259hmon Az\u0259rbaycan\u0131n m\u00fcst\u0259qilliyi v\u0259 \u0259razi b\u00fct\u00f6vl\u00fcy\u00fc u\u011frunda m\u00fcbariz\u0259d\u0259 canlar\u0131ndan ke\u00e7mi\u015f q\u0259hr\u0259man V\u0259t\u0259n \u00f6vladlar\u0131n\u0131n xatir\u0259sini ehtiramla yad edib, &#8220;\u018fb\u0259di m\u0259\u015f\u0259l&#8221; abid\u0259sinin \u00f6n\u00fcn\u0259 \u0259klil qoyub. Sonra Bak\u0131n\u0131n \u0259n h\u00fcnd\u00fcr n\u00f6qt\u0259sind\u0259n paytaxt\u0131n m\u0259nz\u0259r\u0259sini seyr ed\u0259n ali qona\u011fa \u015e\u0259hidl\u0259r xiyaban\u0131n\u0131n tarixi v\u0259 \u015f\u0259h\u0259rd\u0259 g\u00f6r\u00fcl\u0259n abadl\u0131q-quruculuq i\u015fl\u0259ri bar\u0259d\u0259 m\u0259lumat verilib. 19:30 May\u0131n 22-d\u0259 Tacikistan Respublikas\u0131n\u0131n Prezidenti Emom\u0259li R\u0259hmon \u00f6lk\u0259miz\u0259 d\u00f6vl\u0259t s\u0259f\u0259ri \u00e7\u0259r\u00e7iv\u0259sind\u0259 F\u0259xri xiyabana g\u0259l\u0259r\u0259k xalq\u0131m\u0131z\u0131n \u00fcmummilli lideri, m\u00fcasir m\u00fcst\u0259qil Az\u0259rbaycan d\u00f6vl\u0259tinin memar\u0131 v\u0259 qurucusu&hellip;<\/p>\n","protected":false},"author":2,"featured_media":724029,"comment_status":"closed","ping_status":"closed","sticky":false,"template":"","format":"standard","meta":{"om_disable_all_campaigns":false,"_monsterinsights_skip_tracking":false,"_monsterinsights_sitenote_active":false,"_monsterinsights_sitenote_note":"","_monsterinsights_sitenote_category":0},"categories":[4],"tags":[],"aioseo_notices":[],"gutentor_comment":0,"rttpg_featured_image_url":{"full":["https:\/\/arantv.az\/wp-content\/uploads\/2024\/05\/1716395556_111111.jpg",850,530,false],"landscape":["https:\/\/arantv.az\/wp-content\/uploads\/2024\/05\/1716395556_111111.jpg",850,530,false],"portraits":["https:\/\/arantv.az\/wp-content\/uploads\/2024\/05\/1716395556_111111.jpg",850,530,false],"thumbnail":["https:\/\/arantv.az\/wp-content\/uploads\/2024\/05\/1716395556_111111-500x280.jpg",500,280,true],"medium":["https:\/\/arantv.az\/wp-content\/uploads\/2024\/05\/1716395556_111111-585x365.jpg",585,365,true],"large":["https:\/\/arantv.az\/wp-content\/uploads\/2024\/05\/1716395556_111111-840x524.jpg",640,399,true],"1536x1536":["https:\/\/arantv.az\/wp-content\/uploads\/2024\/05\/1716395556_111111.jpg",850,530,false],"2048x2048":["https:\/\/arantv.az\/wp-content\/uploads\/2024\/05\/1716395556_111111.jpg",850,530,false],"post-thumbnail":["https:\/\/arantv.az\/wp-content\/uploads\/2024\/05\/1716395556_111111-240x172.jpg",240,172,true],"advps-thumb-one":["https:\/\/arantv.az\/wp-content\/uploads\/2024\/05\/1716395556_111111.jpg",850,530,false]},"rttpg_author":{"display_name":"V\u00fcsal Rafiqo\u011flu","author_link":"https:\/\/arantv.az\/?author=2"},"rttpg_comment":0,"rttpg_category":"<a href=\"https:\/\/arantv.az\/?cat=4\" rel=\"category\">Siyas\u0259t<\/a>","rttpg_excerpt":"Az\u0259rbaycanda d\u00f6vl\u0259t s\u0259f\u0259rind\u0259 olan Tacikistan Respublikas\u0131n\u0131n Prezidenti Emom\u0259li R\u0259hmon may\u0131n 22-d\u0259 \u015e\u0259hidl\u0259r xiyaban\u0131n\u0131 ziyar\u0259t edib. AZ\u018fRTAC\u00a0x\u0259b\u0259r verir ki, Prezident Emom\u0259li R\u0259hmon Az\u0259rbaycan\u0131n m\u00fcst\u0259qilliyi v\u0259 \u0259razi b\u00fct\u00f6vl\u00fcy\u00fc u\u011frunda m\u00fcbariz\u0259d\u0259 canlar\u0131ndan ke\u00e7mi\u015f q\u0259hr\u0259man V\u0259t\u0259n \u00f6vladlar\u0131n\u0131n xatir\u0259sini ehtiramla yad edib, &#8220;\u018fb\u0259di m\u0259\u015f\u0259l&#8221; abid\u0259sinin \u00f6n\u00fcn\u0259 \u0259klil qoyub. Sonra Bak\u0131n\u0131n \u0259n h\u00fcnd\u00fcr n\u00f6qt\u0259sind\u0259n paytaxt\u0131n m\u0259nz\u0259r\u0259sini seyr ed\u0259n ali qona\u011fa \u015e\u0259hidl\u0259r&hellip;","_links":{"self":[{"href":"https:\/\/arantv.az\/index.php?rest_route=\/wp\/v2\/posts\/724028"}],"collection":[{"href":"https:\/\/arantv.az\/index.php?rest_route=\/wp\/v2\/posts"}],"about":[{"href":"https:\/\/arantv.az\/index.php?rest_route=\/wp\/v2\/types\/post"}],"author":[{"embeddable":true,"href":"https:\/\/arantv.az\/index.php?rest_route=\/wp\/v2\/users\/2"}],"replies":[{"embeddable":true,"href":"https:\/\/arantv.az\/index.php?rest_route=%2Fwp%2Fv2%2Fcomments&post=724028"}],"version-history":[{"count":0,"href":"https:\/\/arantv.az\/index.php?rest_route=\/wp\/v2\/posts\/724028\/revisions"}],"wp:featuredmedia":[{"embeddable":true,"href":"https:\/\/arantv.az\/index.php?rest_route=\/wp\/v2\/media\/724029"}],"wp:attachment":[{"href":"https:\/\/arantv.az\/index.php?rest_route=%2Fwp%2Fv2%2Fmedia&parent=724028"}],"wp:term":[{"taxonomy":"category","embeddable":true,"href":"https:\/\/arantv.az\/index.php?rest_route=%2Fwp%2Fv2%2Fcategories&post=724028"},{"taxonomy":"post_tag","embeddable":true,"href":"https:\/\/arantv.az\/index.php?rest_route=%2Fwp%2Fv2%2Ftags&post=724028"}],"curies":[{"name":"wp","href":"https:\/\/api.w.org\/{rel}","templated":true}]}}