{"id":724574,"date":"2024-05-24T11:10:50","date_gmt":"2024-05-24T07:10:50","guid":{"rendered":"https:\/\/arantv.az\/?p=724574"},"modified":"2024-05-24T11:10:50","modified_gmt":"2024-05-24T07:10:50","slug":"az%c9%99rbaycan-v%c9%99-yaponiya-xin-l%c9%99ri-arasinda-siyasi-m%c9%99sl%c9%99h%c9%99tl%c9%99sm%c9%99l%c9%99r-kecirilib","status":"publish","type":"post","link":"https:\/\/arantv.az\/?p=724574","title":{"rendered":"Az\u0259rbaycan v\u0259 Yaponiya X\u0130N-l\u0259ri aras\u0131nda siyasi m\u0259sl\u0259h\u0259tl\u0259\u015fm\u0259l\u0259r ke\u00e7irilib"},"content":{"rendered":"<p><strong>Az\u0259rbaycan v\u0259 Yaponiya Xarici \u0130\u015fl\u0259r nazirlikl\u0259ri aras\u0131nda siyasi m\u0259sl\u0259h\u0259tl\u0259\u015fm\u0259l\u0259rin n\u00f6vb\u0259ti raundu ke\u00e7irilib.<\/strong><\/p>\n<p><strong>ARANTV.AZ <\/strong>\u00a0x\u0259b\u0259r verir ki, bu bar\u0259d\u0259 Az\u0259rbaycan X\u0130N m\u0259lumat yay\u0131b.<\/p>\n<p>Bildirilib ki, may\u0131n 20-24-d\u0259 Az\u0259rbaycan\u0131n xarici i\u015fl\u0259r nazirinin m\u00fcavini Elnur M\u0259mm\u0259dov Yaponiyaya s\u0259f\u0259r edib. S\u0259f\u0259r \u00e7\u0259r\u00e7iv\u0259sind\u0259 iki \u00f6lk\u0259nin X\u0130N r\u0259hb\u0259rl\u0259rinin siyasi m\u0259sl\u0259h\u0259tl\u0259\u015fm\u0259l\u0259rinin n\u00f6vb\u0259ti raundu ke\u00e7irilib. Siyasi m\u0259sl\u0259h\u0259tl\u0259\u015fm\u0259l\u0259r\u0259 Az\u0259rbaycan t\u0259r\u0259find\u0259n xarici i\u015fl\u0259r nazirinin m\u00fcavini Elnur M\u0259mm\u0259dov, qar\u015f\u0131 t\u0259r\u0259fd\u0259n is\u0259 Yaponiya xarici i\u015fl\u0259r nazirinin k\u00f6m\u0259k\u00e7isinin m\u00fcavini, Yaponiya Xarici \u0130\u015fl\u0259r Nazirliyinin M\u0259rk\u0259zi Asiya, Qafqaz v\u0259 GUAM \u00fczr\u0259 x\u00fcsusi n\u00fcmay\u0259nd\u0259si, s\u0259fir Masaki \u0130keqami r\u0259hb\u0259rlik edib.<\/p>\n<p>Siyasi m\u0259sl\u0259h\u0259tl\u0259\u015fm\u0259l\u0259r zaman\u0131 ticari-iqtisadi, turizm, energetika, regionlararas\u0131 \u0259m\u0259kda\u015fl\u0131q, humanitar v\u0259 dig\u0259r sah\u0259l\u0259rd\u0259 \u0259m\u0259kda\u015fl\u0131\u011f\u0131n haz\u0131rk\u0131 v\u0259ziyy\u0259ti v\u0259 perspektivl\u0259ri m\u00fczakir\u0259 olunub. \u0130ki \u00f6lk\u0259 aras\u0131nda m\u00fch\u00fcm neft v\u0259 qaz layih\u0259l\u0259rind\u0259 \u0259m\u0259kda\u015fl\u0131q m\u00fcsb\u0259t d\u0259y\u0259rl\u0259ndirilib, h\u0259r iki \u00f6lk\u0259nin ya\u015f\u0131l enerjinin istismar\u0131 y\u00f6n\u00fcnd\u0259 h\u0259d\u0259fl\u0259ri n\u0259z\u0259r\u0259 al\u0131nmaqla, bu sah\u0259d\u0259 birg\u0259 f\u0259aliyy\u0259t perspektivl\u0259ri n\u0259z\u0259rd\u0259n ke\u00e7irilib. Yapon \u015firk\u0259tl\u0259ri \u201ca\u011f\u0131ll\u0131 \u015f\u0259h\u0259r\u201d, \u201ca\u011f\u0131ll\u0131 k\u0259nd\u201d, o c\u00fcml\u0259d\u0259n \u201cYa\u015f\u0131l Enerji Zonalar\u0131\u201d konsepsiyalar\u0131n\u0131n h\u0259yata ke\u00e7irilm\u0259sind\u0259 yax\u0131ndan i\u015ftirak etm\u0259y\u0259 d\u0259v\u0259t olunub.<\/p>\n<p>Bundan ba\u015fqa, \u00f6lk\u0259nin \u0259razisind\u0259n ke\u00e7\u0259n n\u0259qliyyat d\u0259hlizl\u0259ri, x\u00fcsus\u0259n d\u0259 \u015e\u0259rq-Q\u0259rb Beyn\u0259lxalq N\u0259qliyyat D\u0259hlizi bar\u0259d\u0259 m\u00fczakir\u0259l\u0259r apar\u0131l\u0131b.<\/p>\n<p>Bundan ba\u015fqa, s\u0259f\u0259r \u00e7\u0259r\u00e7iv\u0259sind\u0259 nazir m\u00fcavini Elnur M\u0259mm\u0259dov il\u0259 Yaponiya Nazirl\u0259r Kabinetinin ba\u015f katibinin m\u00fcavini Hideki Muray, Yaponiya Beyn\u0259lxalq M\u00fcnasib\u0259tl\u0259r \u0130nstitutunun (JIIA) Prezidenti s\u0259fir Keni\u00e7iro Sasae v\u0259 Yaponiya-Az\u0259rbaycan \u0130qtisadi Komit\u0259sinin r\u0259hb\u0259ri, ITOCHU \u015firk\u0259tinin xarici \u0259laq\u0259l\u0259r \u00fczr\u0259 vitse n\u00fcmay\u0259nd\u0259si Masahiro \u0130mai, h\u0259m\u00e7inin Yaponiya-Az\u0259rbaycan Parlamentl\u0259raras\u0131 Dostluq qrupunun s\u0259dri Akira Amari v\u0259 Yaponiya xarici i\u015fl\u0259r nazirinin parlament \u00fczr\u0259 m\u00fcavini Yoi\u00e7i Fukazava aras\u0131nda g\u00f6r\u00fc\u015fl\u0259r ke\u00e7irilib, ikit\u0259r\u0259fli m\u00fcnasib\u0259tl\u0259rin gedi\u015fat\u0131 v\u0259 g\u0259l\u0259c\u0259k t\u0259f\u0259da\u015fl\u0131q imkanlar\u0131 bar\u0259d\u0259 m\u00fczakir\u0259l\u0259r apar\u0131l\u0131b.<\/p>\n<p>Qar\u015f\u0131 t\u0259r\u0259f Az\u0259rbaycan-Erm\u0259nistan m\u00fcnasib\u0259tl\u0259rinin normalla\u015fmas\u0131 prosesi, i\u015f\u011faldan azad olunmu\u015f \u0259razil\u0259rd\u0259 apar\u0131lan b\u0259rpa v\u0259 quruculuq i\u015fl\u0259ri bar\u0259d\u0259 m\u0259lumatland\u0131r\u0131l\u0131b. H\u0259m\u00e7inin, nazir m\u00fcavini Elnur M\u0259mm\u0259dov g\u00f6r\u00fc\u015fl\u0259r zaman\u0131 Yaponiya t\u0259r\u0259fin\u0259 BMT-nin \u0130qlim D\u0259yi\u015fm\u0259l\u0259ri \u00fczr\u0259 \u00c7\u0259r\u00e7iv\u0259 Konvensiyas\u0131n\u0131n T\u0259r\u0259fl\u0259r Konfrans\u0131n\u0131n 29-cu sessiyas\u0131na (COP29) S\u0259drliyi \u00e7\u0259r\u00e7iv\u0259sind\u0259 Az\u0259rbaycan\u0131n f\u0259aliyy\u0259ti bar\u0259d\u0259 m\u0259lumat verib v\u0259 Yaponiya xarici i\u015fl\u0259r nazirinin parlament \u00fczr\u0259 m\u00fcavini Yoi\u00e7i Fukazavaya Az\u0259rbaycan Respublikas\u0131n\u0131n Prezidenti \u0130lham \u018fliyev t\u0259r\u0259find\u0259n cari il noyabr\u0131n 12-13-d\u0259 COP29-a start ver\u0259c\u0259k \u0130qlim F\u0259aliyy\u0259ti \u00fczr\u0259 D\u00fcnya Liderl\u0259rinin Sammitind\u0259 i\u015ftirak il\u0259 ba\u011fl\u0131 Yaponiyan\u0131n Ba\u015f naziri Fumio Ki\u015fidaya \u00fcnvanlanm\u0131\u015f d\u0259v\u0259t m\u0259ktubunu t\u0259qdim edib.<\/p>\n","protected":false},"excerpt":{"rendered":"<p>Az\u0259rbaycan v\u0259 Yaponiya Xarici \u0130\u015fl\u0259r nazirlikl\u0259ri aras\u0131nda siyasi m\u0259sl\u0259h\u0259tl\u0259\u015fm\u0259l\u0259rin n\u00f6vb\u0259ti raundu ke\u00e7irilib. ARANTV.AZ \u00a0x\u0259b\u0259r verir ki, bu bar\u0259d\u0259 Az\u0259rbaycan X\u0130N m\u0259lumat yay\u0131b. Bildirilib ki, may\u0131n 20-24-d\u0259 Az\u0259rbaycan\u0131n xarici i\u015fl\u0259r nazirinin m\u00fcavini Elnur M\u0259mm\u0259dov Yaponiyaya s\u0259f\u0259r edib. S\u0259f\u0259r \u00e7\u0259r\u00e7iv\u0259sind\u0259 iki \u00f6lk\u0259nin X\u0130N r\u0259hb\u0259rl\u0259rinin siyasi m\u0259sl\u0259h\u0259tl\u0259\u015fm\u0259l\u0259rinin n\u00f6vb\u0259ti raundu ke\u00e7irilib. Siyasi m\u0259sl\u0259h\u0259tl\u0259\u015fm\u0259l\u0259r\u0259 Az\u0259rbaycan t\u0259r\u0259find\u0259n xarici i\u015fl\u0259r nazirinin m\u00fcavini Elnur M\u0259mm\u0259dov, qar\u015f\u0131 t\u0259r\u0259fd\u0259n is\u0259 Yaponiya xarici i\u015fl\u0259r nazirinin k\u00f6m\u0259k\u00e7isinin m\u00fcavini, Yaponiya Xarici \u0130\u015fl\u0259r Nazirliyinin M\u0259rk\u0259zi Asiya, Qafqaz v\u0259 GUAM \u00fczr\u0259 x\u00fcsusi n\u00fcmay\u0259nd\u0259si, s\u0259fir Masaki \u0130keqami r\u0259hb\u0259rlik edib. Siyasi m\u0259sl\u0259h\u0259tl\u0259\u015fm\u0259l\u0259r zaman\u0131 ticari-iqtisadi, turizm, energetika, regionlararas\u0131&hellip;<\/p>\n","protected":false},"author":2,"featured_media":724575,"comment_status":"closed","ping_status":"closed","sticky":false,"template":"","format":"standard","meta":{"om_disable_all_campaigns":false,"_monsterinsights_skip_tracking":false,"_monsterinsights_sitenote_active":false,"_monsterinsights_sitenote_note":"","_monsterinsights_sitenote_category":0},"categories":[4],"tags":[],"aioseo_notices":[],"gutentor_comment":0,"rttpg_featured_image_url":{"full":["https:\/\/arantv.az\/wp-content\/uploads\/2024\/05\/31f107b7defe046956281f93ff9143e8.jpg",850,500,false],"landscape":["https:\/\/arantv.az\/wp-content\/uploads\/2024\/05\/31f107b7defe046956281f93ff9143e8.jpg",850,500,false],"portraits":["https:\/\/arantv.az\/wp-content\/uploads\/2024\/05\/31f107b7defe046956281f93ff9143e8.jpg",850,500,false],"thumbnail":["https:\/\/arantv.az\/wp-content\/uploads\/2024\/05\/31f107b7defe046956281f93ff9143e8-500x280.jpg",500,280,true],"medium":["https:\/\/arantv.az\/wp-content\/uploads\/2024\/05\/31f107b7defe046956281f93ff9143e8-621x365.jpg",621,365,true],"large":["https:\/\/arantv.az\/wp-content\/uploads\/2024\/05\/31f107b7defe046956281f93ff9143e8-840x494.jpg",640,376,true],"1536x1536":["https:\/\/arantv.az\/wp-content\/uploads\/2024\/05\/31f107b7defe046956281f93ff9143e8.jpg",850,500,false],"2048x2048":["https:\/\/arantv.az\/wp-content\/uploads\/2024\/05\/31f107b7defe046956281f93ff9143e8.jpg",850,500,false],"post-thumbnail":["https:\/\/arantv.az\/wp-content\/uploads\/2024\/05\/31f107b7defe046956281f93ff9143e8-240x172.jpg",240,172,true],"advps-thumb-one":["https:\/\/arantv.az\/wp-content\/uploads\/2024\/05\/31f107b7defe046956281f93ff9143e8.jpg",850,500,false]},"rttpg_author":{"display_name":"V\u00fcsal Rafiqo\u011flu","author_link":"https:\/\/arantv.az\/?author=2"},"rttpg_comment":0,"rttpg_category":"<a href=\"https:\/\/arantv.az\/?cat=4\" rel=\"category\">Siyas\u0259t<\/a>","rttpg_excerpt":"Az\u0259rbaycan v\u0259 Yaponiya Xarici \u0130\u015fl\u0259r nazirlikl\u0259ri aras\u0131nda siyasi m\u0259sl\u0259h\u0259tl\u0259\u015fm\u0259l\u0259rin n\u00f6vb\u0259ti raundu ke\u00e7irilib. ARANTV.AZ \u00a0x\u0259b\u0259r verir ki, bu bar\u0259d\u0259 Az\u0259rbaycan X\u0130N m\u0259lumat yay\u0131b. Bildirilib ki, may\u0131n 20-24-d\u0259 Az\u0259rbaycan\u0131n xarici i\u015fl\u0259r nazirinin m\u00fcavini Elnur M\u0259mm\u0259dov Yaponiyaya s\u0259f\u0259r edib. S\u0259f\u0259r \u00e7\u0259r\u00e7iv\u0259sind\u0259 iki \u00f6lk\u0259nin X\u0130N r\u0259hb\u0259rl\u0259rinin siyasi m\u0259sl\u0259h\u0259tl\u0259\u015fm\u0259l\u0259rinin n\u00f6vb\u0259ti raundu ke\u00e7irilib. Siyasi m\u0259sl\u0259h\u0259tl\u0259\u015fm\u0259l\u0259r\u0259 Az\u0259rbaycan t\u0259r\u0259find\u0259n xarici i\u015fl\u0259r nazirinin m\u00fcavini&hellip;","_links":{"self":[{"href":"https:\/\/arantv.az\/index.php?rest_route=\/wp\/v2\/posts\/724574"}],"collection":[{"href":"https:\/\/arantv.az\/index.php?rest_route=\/wp\/v2\/posts"}],"about":[{"href":"https:\/\/arantv.az\/index.php?rest_route=\/wp\/v2\/types\/post"}],"author":[{"embeddable":true,"href":"https:\/\/arantv.az\/index.php?rest_route=\/wp\/v2\/users\/2"}],"replies":[{"embeddable":true,"href":"https:\/\/arantv.az\/index.php?rest_route=%2Fwp%2Fv2%2Fcomments&post=724574"}],"version-history":[{"count":0,"href":"https:\/\/arantv.az\/index.php?rest_route=\/wp\/v2\/posts\/724574\/revisions"}],"wp:featuredmedia":[{"embeddable":true,"href":"https:\/\/arantv.az\/index.php?rest_route=\/wp\/v2\/media\/724575"}],"wp:attachment":[{"href":"https:\/\/arantv.az\/index.php?rest_route=%2Fwp%2Fv2%2Fmedia&parent=724574"}],"wp:term":[{"taxonomy":"category","embeddable":true,"href":"https:\/\/arantv.az\/index.php?rest_route=%2Fwp%2Fv2%2Fcategories&post=724574"},{"taxonomy":"post_tag","embeddable":true,"href":"https:\/\/arantv.az\/index.php?rest_route=%2Fwp%2Fv2%2Ftags&post=724574"}],"curies":[{"name":"wp","href":"https:\/\/api.w.org\/{rel}","templated":true}]}}