{"id":724587,"date":"2024-05-24T11:15:44","date_gmt":"2024-05-24T07:15:44","guid":{"rendered":"https:\/\/arantv.az\/?p=724587"},"modified":"2024-05-24T11:15:44","modified_gmt":"2024-05-24T07:15:44","slug":"bakida-iqlim-f%c9%99aliyy%c9%99ti-uzr%c9%99-dunya-liderl%c9%99rinin-sammiti-keciril%c9%99c%c9%99k","status":"publish","type":"post","link":"https:\/\/arantv.az\/?p=724587","title":{"rendered":"Bak\u0131da \u0130qlim F\u0259aliyy\u0259ti \u00fczr\u0259 D\u00fcnya Liderl\u0259rinin Sammiti ke\u00e7iril\u0259c\u0259k"},"content":{"rendered":"<p>Bak\u0131da \u0130qlim F\u0259aliyy\u0259ti \u00fczr\u0259 D\u00fcnya Liderl\u0259rinin Sammiti ke\u00e7iril\u0259c\u0259k.<\/p>\n<p><strong>ARANTV.AZ <\/strong>\u00a0x\u0259b\u0259r verir ki, bu bar\u0259d\u0259 Az\u0259rbaycan Xarici \u0130\u015fl\u0259r Nazirliyi m\u0259lumat yay\u0131b.<\/p>\n<p>Zirv\u0259 g\u00f6r\u00fc\u015f\u00fc bu il noyabr\u0131n 12-13-d\u0259 ba\u015f tutacaq.<\/p>\n<p>Qeyd ed\u0259k ki, \u0130qlim F\u0259aliyy\u0259ti \u00fczr\u0259 D\u00fcnya Liderl\u0259rinin Sammitinin ke\u00e7irilm\u0259si il\u0259 BMT-nin \u0130qlim D\u0259yi\u015fikliyi \u00fczr\u0259 \u00e7\u0259r\u00e7iv\u0259 Konvensiyas\u0131n\u0131n T\u0259r\u0259fl\u0259r Konfrans\u0131n\u0131n 29-cu sessiyas\u0131na (COP29) start veril\u0259c\u0259k.<\/p>\n","protected":false},"excerpt":{"rendered":"<p>Bak\u0131da \u0130qlim F\u0259aliyy\u0259ti \u00fczr\u0259 D\u00fcnya Liderl\u0259rinin Sammiti ke\u00e7iril\u0259c\u0259k. ARANTV.AZ \u00a0x\u0259b\u0259r verir ki, bu bar\u0259d\u0259 Az\u0259rbaycan Xarici \u0130\u015fl\u0259r Nazirliyi m\u0259lumat yay\u0131b. Zirv\u0259 g\u00f6r\u00fc\u015f\u00fc bu il noyabr\u0131n 12-13-d\u0259 ba\u015f tutacaq. Qeyd ed\u0259k ki, \u0130qlim F\u0259aliyy\u0259ti \u00fczr\u0259 D\u00fcnya Liderl\u0259rinin Sammitinin ke\u00e7irilm\u0259si il\u0259 BMT-nin \u0130qlim D\u0259yi\u015fikliyi \u00fczr\u0259 \u00e7\u0259r\u00e7iv\u0259 Konvensiyas\u0131n\u0131n T\u0259r\u0259fl\u0259r Konfrans\u0131n\u0131n 29-cu sessiyas\u0131na (COP29) start veril\u0259c\u0259k.<\/p>\n","protected":false},"author":2,"featured_media":724588,"comment_status":"closed","ping_status":"closed","sticky":false,"template":"","format":"standard","meta":{"om_disable_all_campaigns":false,"_monsterinsights_skip_tracking":false,"_monsterinsights_sitenote_active":false,"_monsterinsights_sitenote_note":"","_monsterinsights_sitenote_category":0},"categories":[4],"tags":[],"aioseo_notices":[],"gutentor_comment":0,"rttpg_featured_image_url":{"full":["https:\/\/arantv.az\/wp-content\/uploads\/2024\/05\/baki.jpg",800,525,false],"landscape":["https:\/\/arantv.az\/wp-content\/uploads\/2024\/05\/baki.jpg",800,525,false],"portraits":["https:\/\/arantv.az\/wp-content\/uploads\/2024\/05\/baki.jpg",800,525,false],"thumbnail":["https:\/\/arantv.az\/wp-content\/uploads\/2024\/05\/baki-500x280.jpg",500,280,true],"medium":["https:\/\/arantv.az\/wp-content\/uploads\/2024\/05\/baki-556x365.jpg",556,365,true],"large":["https:\/\/arantv.az\/wp-content\/uploads\/2024\/05\/baki.jpg",640,420,false],"1536x1536":["https:\/\/arantv.az\/wp-content\/uploads\/2024\/05\/baki.jpg",800,525,false],"2048x2048":["https:\/\/arantv.az\/wp-content\/uploads\/2024\/05\/baki.jpg",800,525,false],"post-thumbnail":["https:\/\/arantv.az\/wp-content\/uploads\/2024\/05\/baki-240x172.jpg",240,172,true],"advps-thumb-one":["https:\/\/arantv.az\/wp-content\/uploads\/2024\/05\/baki.jpg",800,525,false]},"rttpg_author":{"display_name":"V\u00fcsal Rafiqo\u011flu","author_link":"https:\/\/arantv.az\/?author=2"},"rttpg_comment":0,"rttpg_category":"<a href=\"https:\/\/arantv.az\/?cat=4\" rel=\"category\">Siyas\u0259t<\/a>","rttpg_excerpt":"Bak\u0131da \u0130qlim F\u0259aliyy\u0259ti \u00fczr\u0259 D\u00fcnya Liderl\u0259rinin Sammiti ke\u00e7iril\u0259c\u0259k. ARANTV.AZ \u00a0x\u0259b\u0259r verir ki, bu bar\u0259d\u0259 Az\u0259rbaycan Xarici \u0130\u015fl\u0259r Nazirliyi m\u0259lumat yay\u0131b. Zirv\u0259 g\u00f6r\u00fc\u015f\u00fc bu il noyabr\u0131n 12-13-d\u0259 ba\u015f tutacaq. Qeyd ed\u0259k ki, \u0130qlim F\u0259aliyy\u0259ti \u00fczr\u0259 D\u00fcnya Liderl\u0259rinin Sammitinin ke\u00e7irilm\u0259si il\u0259 BMT-nin \u0130qlim D\u0259yi\u015fikliyi \u00fczr\u0259 \u00e7\u0259r\u00e7iv\u0259 Konvensiyas\u0131n\u0131n T\u0259r\u0259fl\u0259r Konfrans\u0131n\u0131n 29-cu sessiyas\u0131na (COP29) start veril\u0259c\u0259k.","_links":{"self":[{"href":"https:\/\/arantv.az\/index.php?rest_route=\/wp\/v2\/posts\/724587"}],"collection":[{"href":"https:\/\/arantv.az\/index.php?rest_route=\/wp\/v2\/posts"}],"about":[{"href":"https:\/\/arantv.az\/index.php?rest_route=\/wp\/v2\/types\/post"}],"author":[{"embeddable":true,"href":"https:\/\/arantv.az\/index.php?rest_route=\/wp\/v2\/users\/2"}],"replies":[{"embeddable":true,"href":"https:\/\/arantv.az\/index.php?rest_route=%2Fwp%2Fv2%2Fcomments&post=724587"}],"version-history":[{"count":0,"href":"https:\/\/arantv.az\/index.php?rest_route=\/wp\/v2\/posts\/724587\/revisions"}],"wp:featuredmedia":[{"embeddable":true,"href":"https:\/\/arantv.az\/index.php?rest_route=\/wp\/v2\/media\/724588"}],"wp:attachment":[{"href":"https:\/\/arantv.az\/index.php?rest_route=%2Fwp%2Fv2%2Fmedia&parent=724587"}],"wp:term":[{"taxonomy":"category","embeddable":true,"href":"https:\/\/arantv.az\/index.php?rest_route=%2Fwp%2Fv2%2Fcategories&post=724587"},{"taxonomy":"post_tag","embeddable":true,"href":"https:\/\/arantv.az\/index.php?rest_route=%2Fwp%2Fv2%2Ftags&post=724587"}],"curies":[{"name":"wp","href":"https:\/\/api.w.org\/{rel}","templated":true}]}}