{"id":724591,"date":"2024-05-24T11:35:44","date_gmt":"2024-05-24T07:35:44","guid":{"rendered":"https:\/\/arantv.az\/?p=724591"},"modified":"2024-05-24T11:35:44","modified_gmt":"2024-05-24T07:35:44","slug":"c%c9%99nab-prezident-iham-%c9%99liyevin-enerji-sah%c9%99sind%c9%99daha-bir-ugurlu-siyas%c9%99ti","status":"publish","type":"post","link":"https:\/\/arantv.az\/?p=724591","title":{"rendered":"C\u0259nab Prezident \u0130ham \u018fliyevin  enerji sah\u0259sind\u0259daha bir u\u011furlu siyas\u0259ti"},"content":{"rendered":"<p>Az\u0259rbaycan b\u0259rpa olunan enerji m\u0259nb\u0259l\u0259ri \u00fczr\u0259 y\u00fcks\u0259k potensiala malik olan \u00f6lk\u0259l\u0259rd\u0259ndir. Enerji resurslar\u0131 il\u0259 z\u0259ngin olmas\u0131na v\u0259 d\u00fcnyada enerji resurslar\u0131n\u0131n ixracat\u00e7\u0131s\u0131 kimi tan\u0131nmas\u0131na baxmayaraq Az\u0259rbaycan Respublikas\u0131nda b\u0259rpa olunan enerji m\u0259nb\u0259l\u0259rind\u0259n istifad\u0259 h\u0259r zaman diqq\u0259t m\u0259rk\u0259zind\u0259 olub. Az\u0259rbaycan Respublikas\u0131n\u0131n Prezidenti c\u0259nab \u0130lham \u018fliyevin r\u0259hb\u0259rliyi alt\u0131nda h\u0259yata ke\u00e7iril\u0259n enerji t\u0259hl\u00fck\u0259sizliyi siyas\u0259tinin t\u0259m\u0259l h\u0259d\u0259fl\u0259rind\u0259n biri d\u0259 \u00f6lk\u0259mizd\u0259 b\u0259rpa olunan enerji m\u0259nb\u0259l\u0259rind\u0259n istifad\u0259nin g\u00fccl\u0259ndirilm\u0259sind\u0259n ibar\u0259tdir.<\/p>\n<p>Az\u0259rbaycan Respublikas\u0131 Prezidentinin 2021-ci il 2 fevral tarixli S\u0259r\u0259ncam\u0131 il\u0259 t\u0259sdiq edilmi\u015f \u201cAz\u0259rbaycan 2030: sosial-iqtisadi inki\u015fafa dair Milli Prioritetl\u0259r\u201d s\u0259n\u0259dinin 5-ci b\u0259ndind\u0259 (\u201cT\u0259miz \u0259traf m\u00fchit\u201d v\u0259 \u201cYa\u015f\u0131l art\u0131m \u00f6lk\u0259si\u201d) iqlim d\u0259yi\u015fikliyi v\u0259 onunla m\u00fcbariz\u0259 istiqam\u0259tind\u0259, el\u0259c\u0259 d\u0259 \u00f6lk\u0259mizd\u0259 ya\u015f\u0131l enerji m\u0259kan\u0131 prinsipl\u0259rin\u0259 \u0259saslanan b\u0259rpa olunan enerjid\u0259n iqtisadiyyat\u0131n b\u00fct\u00fcn sah\u0259l\u0259rind\u0259 t\u0259tbiqi m\u0259s\u0259l\u0259l\u0259ri \u00f6z \u0259ksini tapm\u0131\u015fd\u0131r. Bel\u0259 ki, \u00f6lk\u0259nin sosial-iqtisadi inki\u015faf\u0131 \u00fczr\u0259 prioritetl\u0259r\u0259 uy\u011fun olaraq, cari v\u0259 g\u0259l\u0259c\u0259k\u00a0 d\u00f6vrd\u0259 b\u0259rpa olunan enerji m\u0259nb\u0259l\u0259rind\u0259n istifad\u0259y\u0259, \u201cya\u015f\u0131l\u201d texnologiyalar\u0131n t\u0259tbiqinin geni\u015fl\u0259ndirilm\u0259sin\u0259 daha \u00e7ox diqq\u0259t ayr\u0131lmaqdad\u0131r.<\/p>\n<p>3 may 2021-ci il tarixind\u0259 Az\u0259rbaycan Respublikas\u0131n\u0131n Prezidenti \u0130lham \u018fliyev \u201cAz\u0259rbaycan Respublikas\u0131n\u0131n i\u015f\u011faldan azad edilmi\u015f \u0259razil\u0259rind\u0259 \u201cYa\u015f\u0131l Enerji Zonas\u0131\u201dn\u0131n yarad\u0131lmas\u0131 il\u0259 ba\u011fl\u0131 t\u0259dbirl\u0259r haqq\u0131nda\u201d S\u0259r\u0259ncam imzalanm\u0131\u015fd\u0131r. S\u0259r\u0259ncamdan ir\u0259li g\u0259l\u0259n tap\u015f\u0131r\u0131qlar\u0131n icras\u0131, h\u0259m\u00e7inin i\u015f\u011faldan azad olunmu\u015f \u0259razil\u0259rd\u0259 \u201cYa\u015f\u0131l Enerji Zonas\u0131\u201dn\u0131n yarad\u0131lmas\u0131 il\u0259 \u0259laq\u0259dar Konsepsiyan\u0131n haz\u0131rlanmas\u0131 \u00fc\u00e7\u00fcn ixtisasla\u015fm\u0131\u015f beyn\u0259lxalq m\u0259sl\u0259h\u0259t\u00e7i \u015firk\u0259tin c\u0259lb edilm\u0259si istiqam\u0259tind\u0259 Energetika Nazirliyi il\u0259 Yaponiyan\u0131n \u201cTEPSCO\u201d \u015firk\u0259ti aras\u0131nda m\u00fcqavil\u0259 imzalanm\u0131\u015fd\u0131r. M\u00fcvafiq d\u00f6vr \u0259rzind\u0259 m\u00fcqavil\u0259 \u00e7\u0259r\u00e7iv\u0259sind\u0259 n\u0259z\u0259rd\u0259 tutulan t\u0259dbirl\u0259r h\u0259yata ke\u00e7irilmi\u015f v\u0259 bunun n\u0259tic\u0259si olaraq \u201cYa\u015f\u0131l Enerji Zonas\u0131\u201dn\u0131n yarad\u0131lmas\u0131 \u00fczr\u0259 Konsepsiya s\u0259n\u0259di haz\u0131rlanm\u0131\u015fd\u0131r. Ya\u015f\u0131l Enerji Zonas\u0131n\u0131n yarad\u0131lmas\u0131 \u00e7\u0259r\u00e7iv\u0259sind\u0259 i\u015f\u011faldan azad edilmi\u015f \u0259razil\u0259rd\u0259 b\u0259rpa olunan enerji m\u0259nb\u0259l\u0259rind\u0259n elektrik enerjisi istehsal\u0131, enerji s\u0259m\u0259r\u0259liliyi t\u0259dbirl\u0259ri, elektrik n\u0259qliyyat vasit\u0259l\u0259rind\u0259n istifad\u0259, tikilil\u0259rin damlar\u0131nda b\u0259rpa olunan enerji qur\u011fular\u0131n\u0131n (x\u00fcsus\u0259n g\u00fcn\u0259\u015f panell\u0259rinin) qurulmas\u0131, h\u0259m\u00e7inin k\u00fc\u00e7\u0259l\u0259rin v\u0259 yollar\u0131n i\u015f\u0131qland\u0131r\u0131lmas\u0131nda g\u00fcn\u0259\u015f enerjisi \u0259sasl\u0131 LED lampalardan istifad\u0259, istilik, soyutma v\u0259 isti su t\u0259chizat\u0131nda b\u0259rpa olunan enerji texnologiyalar\u0131ndan istifad\u0259, a\u011f\u0131ll\u0131 enerji idar\u0259etm\u0259 texnologiyalar\u0131\u0131n\u0131n t\u0259tbiqi, tullant\u0131lar\u0131n enerji m\u0259qs\u0259dli idar\u0259 edilm\u0259si kimi t\u0259dbirl\u0259r n\u0259z\u0259rd\u0259 tutulmu\u015fdur.<\/p>\n<p>\u0130\u015f\u011faldan azad edilmi\u015f \u0259razil\u0259rin b\u0259rpas\u0131 prosesinin m\u00fch\u00fcm t\u0259rkib hiss\u0259si kimi enerji infrastrukturunun qurulmas\u0131 v\u0259 enerji t\u0259hl\u00fck\u0259sizliyinin t\u0259min edilm\u0259sin\u0259 x\u00fcsusi \u0259h\u0259miyy\u0259t verilir. Bu h\u0259d\u0259f\u0259 uy\u011fun olaraq elektrik enerjisinin istehsal g\u00fccl\u0259rinin b\u0259rpas\u0131 \u00e7\u0259r\u00e7iv\u0259sind\u0259 La\u00e7\u0131nda, K\u0259lb\u0259c\u0259rd\u0259 v\u0259 Suqovu\u015fanda b\u0259rpa edil\u0259n 4 su elektrik stansiyas\u0131 art\u0131q istismara verilmi\u015fdir:<\/p>\n<p>Eyni zamanda, C\u0259bray\u0131l rayonu \u0259razisind\u0259, Araz \u00e7ay\u0131 \u00fcz\u0259rind\u0259 \u00fcmumi g\u00fcc\u00fc Az\u0259rbaycan t\u0259r\u0259fi \u00fc\u00e7\u00fcn\u00a0 iki su elektrik stansiyas\u0131n\u0131n tikintisi haz\u0131rda davam etdirilir.<\/p>\n<p>&nbsp;<\/p>\n<p>H\u0259m\u00e7inin, La\u00e7\u0131n-K\u0259lb\u0259c\u0259r \u0259razisind\u0259 tikintisi planla\u015fd\u0131r\u0131lan k\u00fcl\u0259k elektrik stansiyas\u0131 layih\u0259sinin realla\u015fd\u0131r\u0131lmas\u0131 i\u015f\u011faldan azad edilmi\u015f \u0259razil\u0259rd\u0259 \u201cYa\u015f\u0131l Enerji Zonas\u0131\u201dn\u0131n yarad\u0131lmas\u0131na \u0259lav\u0259 t\u00f6hf\u0259 ver\u0259c\u0259kdir.<\/p>\n<p>&nbsp;<\/p>\n<p>Bundan ba\u015fqa, 3 iyun 2021-ci il tarixind\u0259 Az\u0259rbaycan Respublikas\u0131n\u0131n Energetika Nazirliyi il\u0259 \u201cBP \u015firk\u0259ti\u201d aras\u0131nda Z\u0259ngilan-C\u0259bray\u0131l zonas\u0131nda g\u00fcn\u0259\u015f elektrik stansiyas\u0131n\u0131n tikintisi layih\u0259sinin qiym\u0259tl\u0259ndirilm\u0259si v\u0259 h\u0259yata ke\u00e7irilm\u0259si f\u0259aliyy\u0259ti \u00fczr\u0259 \u0130cra M\u00fcqavil\u0259si imzalanm\u0131\u015fd\u0131r.<\/p>\n<p>Az\u0259rbaycan\u0131n enerji sah\u0259sind\u0259 apardi\u011fi u\u011furlu siyas\u0259tin n\u0259tic\u0259si olaraq onu dey\u0259 bil\u0259r\u0259m ki,bu m\u0259nz\u0259r\u0259 Az\u0259rbaycan\u0131niqtisadiyyat\u0131n\u0131n \u00a0inki\u015faf\u0131nda yeni texnologiyalar\u0131n t\u0259tbiqini, h\u0259m d\u0259 t\u0259kc\u0259 \u00f6z\u00fcn\u00fc deyil, ba\u015fqalar\u0131n\u0131 da d\u00fc\u015f\u00fcn\u0259n c\u0259miyy\u0259t \u00fczvl\u0259rinin m\u0259d\u0259ni h\u0259yat\u0131ndak\u0131 imperativl\u0259rin yaratd\u0131\u011f\u0131 obyektiv bir m\u0259nz\u0259r\u0259dir.<\/p>\n<p><strong>Elg\u00fcn Qocamanov,YAP B\u0259rd\u0259 rayon t\u0259\u00e7kilat\u0131n\u0131n f\u0259al\u0131, \u015f\u0259h\u0259r 3n\u00f6mr\u0259li tam orta m\u0259kt\u0259bin direktoru.<\/strong><\/p>\n","protected":false},"excerpt":{"rendered":"<p>Az\u0259rbaycan b\u0259rpa olunan enerji m\u0259nb\u0259l\u0259ri \u00fczr\u0259 y\u00fcks\u0259k potensiala malik olan \u00f6lk\u0259l\u0259rd\u0259ndir. Enerji resurslar\u0131 il\u0259 z\u0259ngin olmas\u0131na v\u0259 d\u00fcnyada enerji resurslar\u0131n\u0131n ixracat\u00e7\u0131s\u0131 kimi tan\u0131nmas\u0131na baxmayaraq Az\u0259rbaycan Respublikas\u0131nda b\u0259rpa olunan enerji m\u0259nb\u0259l\u0259rind\u0259n istifad\u0259 h\u0259r zaman diqq\u0259t m\u0259rk\u0259zind\u0259 olub. Az\u0259rbaycan Respublikas\u0131n\u0131n Prezidenti c\u0259nab \u0130lham \u018fliyevin r\u0259hb\u0259rliyi alt\u0131nda h\u0259yata ke\u00e7iril\u0259n enerji t\u0259hl\u00fck\u0259sizliyi siyas\u0259tinin t\u0259m\u0259l h\u0259d\u0259fl\u0259rind\u0259n biri d\u0259 \u00f6lk\u0259mizd\u0259 b\u0259rpa olunan enerji m\u0259nb\u0259l\u0259rind\u0259n istifad\u0259nin g\u00fccl\u0259ndirilm\u0259sind\u0259n ibar\u0259tdir. Az\u0259rbaycan Respublikas\u0131 Prezidentinin 2021-ci il 2 fevral tarixli S\u0259r\u0259ncam\u0131 il\u0259 t\u0259sdiq edilmi\u015f \u201cAz\u0259rbaycan 2030: sosial-iqtisadi inki\u015fafa dair Milli Prioritetl\u0259r\u201d s\u0259n\u0259dinin 5-ci b\u0259ndind\u0259 (\u201cT\u0259miz \u0259traf m\u00fchit\u201d v\u0259 \u201cYa\u015f\u0131l art\u0131m \u00f6lk\u0259si\u201d)&hellip;<\/p>\n","protected":false},"author":2,"featured_media":724592,"comment_status":"closed","ping_status":"closed","sticky":false,"template":"","format":"standard","meta":{"om_disable_all_campaigns":false,"_monsterinsights_skip_tracking":false,"_monsterinsights_sitenote_active":false,"_monsterinsights_sitenote_note":"","_monsterinsights_sitenote_category":0},"categories":[2],"tags":[],"aioseo_notices":[],"gutentor_comment":0,"rttpg_featured_image_url":{"full":["https:\/\/arantv.az\/wp-content\/uploads\/2024\/05\/b21caa27-e773-4b32-9810-3a4758ffb260.jpg",949,960,false],"landscape":["https:\/\/arantv.az\/wp-content\/uploads\/2024\/05\/b21caa27-e773-4b32-9810-3a4758ffb260.jpg",949,960,false],"portraits":["https:\/\/arantv.az\/wp-content\/uploads\/2024\/05\/b21caa27-e773-4b32-9810-3a4758ffb260.jpg",949,960,false],"thumbnail":["https:\/\/arantv.az\/wp-content\/uploads\/2024\/05\/b21caa27-e773-4b32-9810-3a4758ffb260-500x280.jpg",500,280,true],"medium":["https:\/\/arantv.az\/wp-content\/uploads\/2024\/05\/b21caa27-e773-4b32-9810-3a4758ffb260-361x365.jpg",361,365,true],"large":["https:\/\/arantv.az\/wp-content\/uploads\/2024\/05\/b21caa27-e773-4b32-9810-3a4758ffb260-830x840.jpg",640,648,true],"1536x1536":["https:\/\/arantv.az\/wp-content\/uploads\/2024\/05\/b21caa27-e773-4b32-9810-3a4758ffb260.jpg",949,960,false],"2048x2048":["https:\/\/arantv.az\/wp-content\/uploads\/2024\/05\/b21caa27-e773-4b32-9810-3a4758ffb260.jpg",949,960,false],"post-thumbnail":["https:\/\/arantv.az\/wp-content\/uploads\/2024\/05\/b21caa27-e773-4b32-9810-3a4758ffb260-240x172.jpg",240,172,true],"advps-thumb-one":["https:\/\/arantv.az\/wp-content\/uploads\/2024\/05\/b21caa27-e773-4b32-9810-3a4758ffb260-949x620.jpg",949,620,true]},"rttpg_author":{"display_name":"V\u00fcsal Rafiqo\u011flu","author_link":"https:\/\/arantv.az\/?author=2"},"rttpg_comment":0,"rttpg_category":"<a href=\"https:\/\/arantv.az\/?cat=2\" rel=\"category\">Region X\u0259b\u0259rl\u0259ri<\/a>","rttpg_excerpt":"Az\u0259rbaycan b\u0259rpa olunan enerji m\u0259nb\u0259l\u0259ri \u00fczr\u0259 y\u00fcks\u0259k potensiala malik olan \u00f6lk\u0259l\u0259rd\u0259ndir. Enerji resurslar\u0131 il\u0259 z\u0259ngin olmas\u0131na v\u0259 d\u00fcnyada enerji resurslar\u0131n\u0131n ixracat\u00e7\u0131s\u0131 kimi tan\u0131nmas\u0131na baxmayaraq Az\u0259rbaycan Respublikas\u0131nda b\u0259rpa olunan enerji m\u0259nb\u0259l\u0259rind\u0259n istifad\u0259 h\u0259r zaman diqq\u0259t m\u0259rk\u0259zind\u0259 olub. Az\u0259rbaycan Respublikas\u0131n\u0131n Prezidenti c\u0259nab \u0130lham \u018fliyevin r\u0259hb\u0259rliyi alt\u0131nda h\u0259yata ke\u00e7iril\u0259n enerji t\u0259hl\u00fck\u0259sizliyi siyas\u0259tinin t\u0259m\u0259l h\u0259d\u0259fl\u0259rind\u0259n biri d\u0259 \u00f6lk\u0259mizd\u0259 b\u0259rpa&hellip;","_links":{"self":[{"href":"https:\/\/arantv.az\/index.php?rest_route=\/wp\/v2\/posts\/724591"}],"collection":[{"href":"https:\/\/arantv.az\/index.php?rest_route=\/wp\/v2\/posts"}],"about":[{"href":"https:\/\/arantv.az\/index.php?rest_route=\/wp\/v2\/types\/post"}],"author":[{"embeddable":true,"href":"https:\/\/arantv.az\/index.php?rest_route=\/wp\/v2\/users\/2"}],"replies":[{"embeddable":true,"href":"https:\/\/arantv.az\/index.php?rest_route=%2Fwp%2Fv2%2Fcomments&post=724591"}],"version-history":[{"count":0,"href":"https:\/\/arantv.az\/index.php?rest_route=\/wp\/v2\/posts\/724591\/revisions"}],"wp:featuredmedia":[{"embeddable":true,"href":"https:\/\/arantv.az\/index.php?rest_route=\/wp\/v2\/media\/724592"}],"wp:attachment":[{"href":"https:\/\/arantv.az\/index.php?rest_route=%2Fwp%2Fv2%2Fmedia&parent=724591"}],"wp:term":[{"taxonomy":"category","embeddable":true,"href":"https:\/\/arantv.az\/index.php?rest_route=%2Fwp%2Fv2%2Fcategories&post=724591"},{"taxonomy":"post_tag","embeddable":true,"href":"https:\/\/arantv.az\/index.php?rest_route=%2Fwp%2Fv2%2Ftags&post=724591"}],"curies":[{"name":"wp","href":"https:\/\/api.w.org\/{rel}","templated":true}]}}