{"id":724596,"date":"2024-05-24T11:39:31","date_gmt":"2024-05-24T07:39:31","guid":{"rendered":"https:\/\/arantv.az\/?p=724596"},"modified":"2024-05-24T11:39:31","modified_gmt":"2024-05-24T07:39:31","slug":"4-k%c9%99ndi-geri-aldiq-novb%c9%99ti-q%c9%99l%c9%99b%c9%99nin-siyasi-h%c9%99rbi-ustunlukl%c9%99ri","status":"publish","type":"post","link":"https:\/\/arantv.az\/?p=724596","title":{"rendered":"4 k\u0259ndi geri ald\u0131q- n\u00f6vb\u0259ti q\u0259l\u0259b\u0259nin siyasi-h\u0259rbi \u00fcst\u00fcnl\u00fckl\u0259ri"},"content":{"rendered":"<p><strong>\u201cQazax\u0131n 4 k\u0259ndi &#8211; Ba\u011fanis Ayr\u0131m, A\u015fa\u011f\u0131 \u018fskipara, Xeyrimli v\u0259 Q\u0131z\u0131lhac\u0131l\u0131 bu g\u00fcn Az\u0259rbaycan s\u0259rh\u0259d\u00e7il\u0259ri t\u0259r\u0259find\u0259n tam n\u0259zar\u0259t\u0259 g\u00f6t\u00fcr\u00fcl\u00fcb. Bel\u0259likl\u0259, 44 g\u00fcnl\u00fck m\u00fcharib\u0259, ard\u0131nca Qaraba\u011fda suverenliyimizin b\u0259rpas\u0131ndan sonra Az\u0259rbaycan he\u00e7 bir g\u00fcz\u0259\u015ft etm\u0259d\u0259n i\u015f\u011fal alt\u0131nda qalan torpaqlar\u0131n azad edilm\u0259si istiqam\u0259tind\u0259 n\u00f6vb\u0259ti q\u0259l\u0259b\u0259ni t\u0259min etdi\u201d.<\/strong><\/p>\n<p><strong>ARANTV.AZ <\/strong>\u00a0x\u0259b\u0259r verir ki, bu fikirl\u0259ri siyasi \u015f\u0259rh\u00e7i Asif N\u0259rimanl\u0131 bildirib. O hesab edir ki, 4 k\u0259ndin azad edilm\u0259sinin siyasi-h\u0259rbi \u00fcst\u00fcnl\u00fckl\u0259ri d\u0259 var:<\/p>\n<p>\u201cAz\u0259rbaycan v\u0259 Erm\u0259nistan s\u0259rh\u0259dinin ilk demarkasiyas\u0131 h\u0259yata ke\u00e7irildi. Bu, ilk n\u00f6vb\u0259d\u0259 Bak\u0131 v\u0259 \u0130r\u0259van\u0131n probleml\u0259rini ikit\u0259r\u0259fli formatda h\u0259ll etm\u0259si presedentini yarad\u0131r. \u0130kincisi Az\u0259rbaycan\u0131n Qazax-Tavu\u015f istiqam\u0259tind\u0259 h\u0259rbi-strateji m\u00f6vqel\u0259ri g\u00fccl\u0259ndi. Bu da o dem\u0259kdir ki,\u00a0 Erm\u0259nistan\u0131n \u201cg\u00fccl\u00fc\u201d adland\u0131rd\u0131qlar\u0131 \u015fimal m\u00fcdafi\u0259 x\u0259tti faktiki olaraq l\u0259\u011fv olundu;<\/p>\n<p>\u00dc\u00e7\u00fcnc\u00fcs\u00fc,\u00a0 Erm\u0259nistan-G\u00fcrc\u00fcstan magistral yolunun bir hiss\u0259si Az\u0259rbaycan\u0131n n\u0259zar\u0259tin\u0259 ke\u00e7di. Bel\u0259likl\u0259, Erm\u0259nistan alternativ yol in\u015fa etm\u0259k m\u0259cburiyy\u0259tind\u0259dir.<\/p>\n<p>V\u0259 \u0259n m\u00fch\u00fcm m\u0259qam Az\u0259rbaycan\u0131n Qaraba\u011f\u0131n azad edilm\u0259sind\u0259n sonra s\u0259rh\u0259d istiqam\u0259tind\u0259 i\u015f\u011falda olan \u0259razil\u0259rin azad edilm\u0259sin\u0259 nail olmas\u0131d\u0131r. Bu, perspektivd\u0259 anklavlar\u0131n, h\u0259m\u00e7inin, SSR\u0130 d\u00f6vr\u00fcnd\u0259 erm\u0259nil\u0259r\u0259 ba\u011f\u0131\u015flanm\u0131\u015f \u0259razil\u0259rimizin \u0259n az\u0131 s\u0259rh\u0259d boyunca yerl\u0259\u015f\u0259n hiss\u0259sinin azad edil\u0259c\u0259yi g\u00f6zl\u0259ntisini d\u0259 \u00f6n\u0259 \u00e7\u0131xar\u0131r\u201d.<\/p>\n<p>&nbsp;<\/p>\n","protected":false},"excerpt":{"rendered":"<p>\u201cQazax\u0131n 4 k\u0259ndi &#8211; Ba\u011fanis Ayr\u0131m, A\u015fa\u011f\u0131 \u018fskipara, Xeyrimli v\u0259 Q\u0131z\u0131lhac\u0131l\u0131 bu g\u00fcn Az\u0259rbaycan s\u0259rh\u0259d\u00e7il\u0259ri t\u0259r\u0259find\u0259n tam n\u0259zar\u0259t\u0259 g\u00f6t\u00fcr\u00fcl\u00fcb. Bel\u0259likl\u0259, 44 g\u00fcnl\u00fck m\u00fcharib\u0259, ard\u0131nca Qaraba\u011fda suverenliyimizin b\u0259rpas\u0131ndan sonra Az\u0259rbaycan he\u00e7 bir g\u00fcz\u0259\u015ft etm\u0259d\u0259n i\u015f\u011fal alt\u0131nda qalan torpaqlar\u0131n azad edilm\u0259si istiqam\u0259tind\u0259 n\u00f6vb\u0259ti q\u0259l\u0259b\u0259ni t\u0259min etdi\u201d. ARANTV.AZ \u00a0x\u0259b\u0259r verir ki, bu fikirl\u0259ri siyasi \u015f\u0259rh\u00e7i Asif N\u0259rimanl\u0131 bildirib. O hesab edir ki, 4 k\u0259ndin azad edilm\u0259sinin siyasi-h\u0259rbi \u00fcst\u00fcnl\u00fckl\u0259ri d\u0259 var: \u201cAz\u0259rbaycan v\u0259 Erm\u0259nistan s\u0259rh\u0259dinin ilk demarkasiyas\u0131 h\u0259yata ke\u00e7irildi. Bu, ilk n\u00f6vb\u0259d\u0259 Bak\u0131 v\u0259 \u0130r\u0259van\u0131n probleml\u0259rini ikit\u0259r\u0259fli formatda h\u0259ll etm\u0259si presedentini yarad\u0131r. \u0130kincisi Az\u0259rbaycan\u0131n&hellip;<\/p>\n","protected":false},"author":2,"featured_media":724597,"comment_status":"closed","ping_status":"closed","sticky":false,"template":"","format":"standard","meta":{"om_disable_all_campaigns":false,"_monsterinsights_skip_tracking":false,"_monsterinsights_sitenote_active":false,"_monsterinsights_sitenote_note":"","_monsterinsights_sitenote_category":0},"categories":[19],"tags":[],"aioseo_notices":[],"gutentor_comment":0,"rttpg_featured_image_url":{"full":["https:\/\/arantv.az\/wp-content\/uploads\/2024\/05\/679f9820d35f735c1ebce567611a73ee.jpg",690,388,false],"landscape":["https:\/\/arantv.az\/wp-content\/uploads\/2024\/05\/679f9820d35f735c1ebce567611a73ee.jpg",690,388,false],"portraits":["https:\/\/arantv.az\/wp-content\/uploads\/2024\/05\/679f9820d35f735c1ebce567611a73ee.jpg",690,388,false],"thumbnail":["https:\/\/arantv.az\/wp-content\/uploads\/2024\/05\/679f9820d35f735c1ebce567611a73ee-500x280.jpg",500,280,true],"medium":["https:\/\/arantv.az\/wp-content\/uploads\/2024\/05\/679f9820d35f735c1ebce567611a73ee-649x365.jpg",649,365,true],"large":["https:\/\/arantv.az\/wp-content\/uploads\/2024\/05\/679f9820d35f735c1ebce567611a73ee.jpg",640,360,false],"1536x1536":["https:\/\/arantv.az\/wp-content\/uploads\/2024\/05\/679f9820d35f735c1ebce567611a73ee.jpg",690,388,false],"2048x2048":["https:\/\/arantv.az\/wp-content\/uploads\/2024\/05\/679f9820d35f735c1ebce567611a73ee.jpg",690,388,false],"post-thumbnail":["https:\/\/arantv.az\/wp-content\/uploads\/2024\/05\/679f9820d35f735c1ebce567611a73ee-240x172.jpg",240,172,true],"advps-thumb-one":["https:\/\/arantv.az\/wp-content\/uploads\/2024\/05\/679f9820d35f735c1ebce567611a73ee.jpg",690,388,false]},"rttpg_author":{"display_name":"V\u00fcsal Rafiqo\u011flu","author_link":"https:\/\/arantv.az\/?author=2"},"rttpg_comment":0,"rttpg_category":"<a href=\"https:\/\/arantv.az\/?cat=19\" rel=\"category\">G\u00fcnd\u0259m<\/a>","rttpg_excerpt":"\u201cQazax\u0131n 4 k\u0259ndi &#8211; Ba\u011fanis Ayr\u0131m, A\u015fa\u011f\u0131 \u018fskipara, Xeyrimli v\u0259 Q\u0131z\u0131lhac\u0131l\u0131 bu g\u00fcn Az\u0259rbaycan s\u0259rh\u0259d\u00e7il\u0259ri t\u0259r\u0259find\u0259n tam n\u0259zar\u0259t\u0259 g\u00f6t\u00fcr\u00fcl\u00fcb. Bel\u0259likl\u0259, 44 g\u00fcnl\u00fck m\u00fcharib\u0259, ard\u0131nca Qaraba\u011fda suverenliyimizin b\u0259rpas\u0131ndan sonra Az\u0259rbaycan he\u00e7 bir g\u00fcz\u0259\u015ft etm\u0259d\u0259n i\u015f\u011fal alt\u0131nda qalan torpaqlar\u0131n azad edilm\u0259si istiqam\u0259tind\u0259 n\u00f6vb\u0259ti q\u0259l\u0259b\u0259ni t\u0259min etdi\u201d. ARANTV.AZ \u00a0x\u0259b\u0259r verir ki, bu fikirl\u0259ri siyasi \u015f\u0259rh\u00e7i Asif N\u0259rimanl\u0131 bildirib.&hellip;","_links":{"self":[{"href":"https:\/\/arantv.az\/index.php?rest_route=\/wp\/v2\/posts\/724596"}],"collection":[{"href":"https:\/\/arantv.az\/index.php?rest_route=\/wp\/v2\/posts"}],"about":[{"href":"https:\/\/arantv.az\/index.php?rest_route=\/wp\/v2\/types\/post"}],"author":[{"embeddable":true,"href":"https:\/\/arantv.az\/index.php?rest_route=\/wp\/v2\/users\/2"}],"replies":[{"embeddable":true,"href":"https:\/\/arantv.az\/index.php?rest_route=%2Fwp%2Fv2%2Fcomments&post=724596"}],"version-history":[{"count":0,"href":"https:\/\/arantv.az\/index.php?rest_route=\/wp\/v2\/posts\/724596\/revisions"}],"wp:featuredmedia":[{"embeddable":true,"href":"https:\/\/arantv.az\/index.php?rest_route=\/wp\/v2\/media\/724597"}],"wp:attachment":[{"href":"https:\/\/arantv.az\/index.php?rest_route=%2Fwp%2Fv2%2Fmedia&parent=724596"}],"wp:term":[{"taxonomy":"category","embeddable":true,"href":"https:\/\/arantv.az\/index.php?rest_route=%2Fwp%2Fv2%2Fcategories&post=724596"},{"taxonomy":"post_tag","embeddable":true,"href":"https:\/\/arantv.az\/index.php?rest_route=%2Fwp%2Fv2%2Ftags&post=724596"}],"curies":[{"name":"wp","href":"https:\/\/api.w.org\/{rel}","templated":true}]}}