{"id":724633,"date":"2024-05-24T12:10:18","date_gmt":"2024-05-24T08:10:18","guid":{"rendered":"https:\/\/arantv.az\/?p=724633"},"modified":"2024-05-24T12:10:18","modified_gmt":"2024-05-24T08:10:18","slug":"serj-sarqsyan-v%c9%99-d%c9%99st%c9%99sinin-h%c9%99d%c9%99fi-munaqis%c9%99-xaos-v%c9%99-qarsidurma","status":"publish","type":"post","link":"https:\/\/arantv.az\/?p=724633","title":{"rendered":"Serj Sarqsyan v\u0259 d\u0259st\u0259sinin h\u0259d\u0259fi &#8211; m\u00fcnaqi\u015f\u0259, xaos v\u0259 qar\u015f\u0131durma"},"content":{"rendered":"<p>Az\u0259rbaycanla Erm\u0259nistan aras\u0131nda s\u0259rh\u0259dl\u0259rin demarkasiya prosesin\u0259 start verildikd\u0259n sonra iki \u00f6lk\u0259 aras\u0131nda m\u00fcnasib\u0259tl\u0259rin normalla\u015fmas\u0131n\u0131n \u0259leyhin\u0259 olan bir s\u0131ra q\u00fcvv\u0259l\u0259r Baqrat Qalstanyan\u0131n simas\u0131nda &#8220;V\u0259t\u0259n u\u011frunda Tavu\u015f&#8221; h\u0259r\u0259kat\u0131 il\u0259 h\u0259r\u0259k\u0259t\u0259 ke\u00e7dil\u0259r. T\u0259sad\u00fcfi deyil ki, ba\u015f nazir Nikol Pa\u015finyanla x\u00fcsusi \u0259dav\u0259ti olan, yenid\u0259n hakimiyy\u0259t\u0259 can atan daxili q\u00fcvv\u0259l\u0259r, partiyalar, m\u00fcxalif\u0259t n\u00fcmay\u0259nd\u0259l\u0259ri d\u0259 ilk g\u00fcnd\u0259n u\u011fursuz olan bu h\u0259r\u0259kata qo\u015fuldular.<\/p>\n<p>M\u00fcxt\u0259lif m\u0259lumatlar\u0131n analizi is\u0259 s\u00fcbut edir ki, Erm\u0259nistan\u0131n ikinci v\u0259 \u00fc\u00e7\u00fcnc\u00fc prezidentl\u0259ri erm\u0259ni ke\u015fi\u015fi v\u0259 onun h\u0259r\u0259kat\u0131n\u0131 d\u0259st\u0259kl\u0259yirl\u0259r. Robert Ko\u00e7aryan v\u0259 Serj Sarqsyan\u0131n bel\u0259 t\u0259\u015fvi\u015f\u0259 d\u00fc\u015fm\u0259sinin s\u0259b\u0259bi is\u0259 ayd\u0131nd\u0131r. \u00c7\u00fcnki demarkasiya prosesi ard\u0131nca s\u00fclh m\u00fcqavil\u0259sini g\u0259tir\u0259c\u0259k. S\u00fclh m\u00fcqavil\u0259si is\u0259 iki \u00f6lk\u0259 aras\u0131nda bir s\u0131ra sah\u0259l\u0259rd\u0259 \u0259laq\u0259l\u0259rin qurulmas\u0131, b\u0259rpas\u0131 v\u0259 inki\u015faf\u0131 dem\u0259kdir. M\u0259hz bel\u0259 ssenari eks-prezidentl\u0259rin yuxusuna haram qat\u0131b. Hadis\u0259l\u0259rin bel\u0259 inki\u015faf\u0131 is\u0259 s\u00fclh m\u00fcqavil\u0259sind\u0259n sonra Az\u0259rbaycana qar\u015f\u0131 m\u00fcxt\u0259lif h\u0259rbi cinay\u0259tl\u0259r t\u00f6r\u0259tmi\u015f Ko\u00e7aryan v\u0259 Sarqsyan bar\u0259d\u0259 cinay\u0259t i\u015finin ba\u015flad\u0131lmas\u0131, h\u0259tta onlar\u0131n Bak\u0131ya ekstradisiya edilm\u0259si il\u0259 n\u0259tic\u0259l\u0259n\u0259 bil\u0259r. Arayik Arutyunyan, Bako Saakyan v\u0259 Arkadi Qukasyanla kamera yolda\u015f\u0131 olmaqdan qorxan Serj v\u0259 Robert bu s\u0259b\u0259bd\u0259n b\u00fct\u00fcn q\u00fcvv\u0259l\u0259rini s\u0259f\u0259rb\u0259r ed\u0259r\u0259k Qalstanyan\u0131 d\u0259st\u0259kl\u0259yir, Pa\u015finyan\u0131n hakimiyy\u0259td\u0259n uzaqla\u015fd\u0131r\u0131lmas\u0131, m\u00fcv\u0259qq\u0259ti ke\u00e7id h\u00f6kum\u0259tinin yarad\u0131lmas\u0131, yenid\u0259n se\u00e7kil\u0259rin ke\u00e7irilm\u0259si, konstitusiyaya onlar\u0131n xeyrin\u0259 d\u0259yi\u015fiklikl\u0259rin edilm\u0259si kimi xam x\u0259yallara d\u00fc\u015f\u00fcbl\u0259r.<\/p>\n<p>&#8220;V\u0259t\u0259n u\u011frunda Tavu\u015f&#8221; h\u0259r\u0259kat\u0131 is\u0259 26 may tarixin\u0259 mitinq elan edib v\u0259 meydana \u00e7oxlu insan toplamaq \u00fc\u00e7\u00fcn bir s\u0131ra \u015f\u0259xsl\u0259rl\u0259 g\u00f6r\u00fc\u015fl\u0259r ke\u00e7irir. Baqrat m\u0259qs\u0259din\u0259 nail olmaq \u00fc\u00e7\u00fcn n\u0259inki siyasi v\u0259 ictimai \u015f\u0259xsl\u0259rl\u0259, h\u0259tta m\u0259d\u0259niyy\u0259t xadiml\u0259ri v\u0259 kriminal avtoritet Don Pipo il\u0259 d\u0259 dan\u0131\u015f\u0131qlara gedir. Sonuncu il\u0259 g\u00f6r\u00fc\u015fd\u0259n sonra \u0130r\u0259van k\u00fc\u00e7\u0259l\u0259rind\u0259 Rusiyadan g\u0259tiril\u0259n erm\u0259nil\u0259ri d\u0259 g\u00f6rm\u0259k m\u00fcmk\u00fcn olub. M\u00fc\u011f\u0259nni spitakl\u0131 Haykonun o\u011flunu da s\u0131ralar\u0131na c\u0259lb ed\u0259n ke\u015fi\u015f h\u0259tta onun h\u0259bs edilm\u0259sin\u0259 d\u0259 s\u0259b\u0259b olub.<\/p>\n<p><img loading=\"lazy\" class=\"inner-photo\" src=\"https:\/\/images.oxu.az\/2024\/05\/24\/ljMq5owdA5SwTynFJdaOSbJLYQyccUCnQQoZ9Bv9:640.jpg\" alt=\"\" width=\"640\" height=\"428\" \/><\/p>\n<p>Serj is\u0259 demarkasiya prosesind\u0259n narahat oldu\u011fu \u00fc\u00e7\u00fcn bir s\u0131ra a\u00e7\u0131qlamalar verib. Erm\u0259nistan\u0131n \u00fc\u00e7\u00fcnc\u00fc prezidenti bildirib ki, onlar demarkasiya prosesinin yox, bu prosesin h\u0259yata ke\u00e7irildiyi \u00fcsullar\u0131n \u0259leyhin\u0259 \u00e7\u0131x\u0131\u015f edirl\u0259r. Maraql\u0131d\u0131r ki, eks-prezidentl\u0259 paralel olaraq, m\u00fcxalif\u0259t\u00e7i Suren Petrosyan, eks-ombudsman Arman Tatoyan v\u0259 &#8220;Ke\u00e7mi\u015f MTN zabitl\u0259ri ittifaq\u0131&#8221; da b\u0259nz\u0259r a\u00e7\u0131qlamalar veribl\u0259r. Qeyd etm\u0259k yerin\u0259 d\u00fc\u015f\u0259r ki, h\u0259m Petrosyan, h\u0259m d\u0259 Tatoyan Sarqsyana yax\u0131nl\u0131\u011f\u0131 il\u0259 tan\u0131n\u0131rlar. MTN zabitl\u0259rin\u0259 g\u0259ldikd\u0259 is\u0259 bu \u015f\u0259xsl\u0259r, \u0259sas\u0259n, Serjin hakimiyy\u0259td\u0259 oldu\u011fu d\u00f6vrd\u0259 t\u0259hl\u00fck\u0259sizlik strukturlar\u0131nda m\u00fcxt\u0259lif v\u0259zif\u0259l\u0259r\u0259, r\u00fctb\u0259l\u0259r\u0259 nail olan \u015f\u0259xsl\u0259rdir. Ke\u00e7mi\u015f a\u011falar\u0131na sadiqlik n\u00fcmayi\u015f etdirm\u0259k \u00fc\u00e7\u00fcn is\u0259 bel\u0259 b\u0259yanatlara tez-tez yol verirl\u0259r.<\/p>\n<p>Sarqsyan is\u0259 a\u00e7\u0131qlamalar\u0131nda iddia edir ki, Alma-Ata B\u0259yannam\u0259sind\u0259n imtina etm\u0259k laz\u0131md\u0131r. Eyni zamanda, Az\u0259rbaycan Respublikas\u0131 Prezidenti\u00a0<strong>\u0130lham \u018fliyevin<\/strong>\u00a0Erm\u0259nistan\u0131n ba\u015f naziri Nikol Pa\u015finyanla beyn\u0259lxalq aktorlar\u0131n vasit\u0259\u00e7iliyi olmadan birba\u015fa dan\u0131\u015f\u0131qlar aparmas\u0131 da eks-prezidenti m\u0259mnun etm\u0259yib. O bildirib ki, hakimiyy\u0259ti d\u0259yi\u015fm\u0259kl\u0259 vasit\u0259\u00e7il\u0259rin n\u0259zar\u0259t funksiyas\u0131n\u0131 b\u0259rpa etm\u0259k olar. G\u00f6r\u00fcnd\u00fcy\u00fc kimi, Sarqsyan a\u00e7\u0131qlamalar\u0131 il\u0259 \u0259sl m\u0259qs\u0259dini b\u00fcruz\u0259 verib. Bu iki c\u00fcml\u0259 il\u0259 Suren Petrosyan\u0131n, ke\u00e7mi\u015f diplomatlar\u0131n, ke\u00e7mi\u015f zabitl\u0259rin demarkasiya prosesin\u0259 niy\u0259 qar\u015f\u0131 \u00e7\u0131xd\u0131qlar\u0131 b\u0259lli olur.<\/p>\n<p>M\u0259lum oldu\u011fu kimi, h\u0259l\u0259 \u00f6t\u0259n il Az\u0259rbaycan Prezidenti \u0130lham \u018fliyev Erm\u0259nistanla dan\u0131\u015f\u0131qlar\u0131n birba\u015fa olmas\u0131 il\u0259 ba\u011fl\u0131 \u00e7\u0131x\u0131\u015f etmi\u015fdi. \u00d6lk\u0259 ba\u015f\u00e7\u0131s\u0131 art\u0131q vasit\u0259\u00e7il\u0259r\u0259 ehtiyac qalmad\u0131\u011f\u0131na, iki \u00f6lk\u0259 aras\u0131nda vasit\u0259\u00e7isiz g\u00f6r\u00fc\u015fl\u0259rin daha yax\u015f\u0131 n\u0259tic\u0259 ver\u0259c\u0259yin\u0259 i\u015far\u0259 etmi\u015fdi. El\u0259 erm\u0259ni m\u0259tbuat\u0131n\u0131n yazd\u0131\u011f\u0131 kimi, &#8220;\u0130lham \u018fliyev deyir v\u0259 edir&#8221; prinsipi bu d\u0259f\u0259 d\u0259 \u00f6z effektini g\u00f6st\u0259rdi. M\u0259hz son d\u00f6vrl\u0259r r\u0259smi Bak\u0131 il\u0259 \u0130r\u0259van aras\u0131nda ke\u00e7iril\u0259n ikit\u0259r\u0259fli g\u00f6r\u00fc\u015fl\u0259r v\u0259 m\u00fczakir\u0259l\u0259r \u00f6z b\u0259hr\u0259sini verm\u0259y\u0259 ba\u015flay\u0131b. \u0130st\u0259r demarkasiya prosesinin ba\u015flanmas\u0131, ist\u0259r kommunikasiyalar\u0131n a\u00e7\u0131lmas\u0131 il\u0259 ba\u011fl\u0131 qar\u015f\u0131l\u0131ql\u0131 b\u0259yanatlar, ist\u0259rs\u0259 d\u0259 s\u00fclh m\u00fcqavil\u0259sin\u0259 yax\u0131nla\u015fma \u0259lam\u0259tl\u0259ri bu fikri daha da g\u00fccl\u0259ndirir. Serj v\u0259 d\u0259st\u0259sinin fikri is\u0259 yenid\u0259n beyn\u0259lxalq aktorlar\u0131 vasit\u0259\u00e7i kimi dan\u0131\u015f\u0131qlara calaq etm\u0259k, \u0259ld\u0259 edil\u0259n n\u0259tic\u0259l\u0259r\u0259 k\u00f6lg\u0259 salmaq, imzalanacaq s\u00fclh m\u00fcqavil\u0259sinin vaxt\u0131n\u0131 l\u0259ngitm\u0259kdir.<\/p>\n<p><img loading=\"lazy\" class=\"inner-photo\" src=\"https:\/\/images.oxu.az\/2024\/05\/24\/eeJd7Ka2qfICFbbxOt7rOPRDlmTO50B7dmEJ2RuX:640.jpg\" alt=\"\" width=\"640\" height=\"428\" \/><\/p>\n<p>Bununla da Erm\u0259nistan yenid\u0259n m\u00fcnaqi\u015f\u0259 d\u00f6vr\u00fcn\u0259 qay\u0131dacaq. Hadis\u0259l\u0259rin bu tendensiyada inki\u015faf\u0131 is\u0259 yuxar\u0131da ad\u0131\u00e7\u0259kil\u0259n quldur d\u0259st\u0259sinin i\u015fin\u0259 yaray\u0131r. Dan\u0131\u015f\u0131qlara yenid\u0259n vasit\u0259\u00e7il\u0259ri c\u0259lb etm\u0259k is\u0259 prosesi l\u0259ngitm\u0259k m\u0259nas\u0131na g\u0259lir. T\u0259sad\u00fcfi deyil ki, Suren Petrosyan s\u0259rh\u0259dl\u0259rin demarkasiya prosesi il\u0259 ba\u011fl\u0131 AT\u018fT-in ad\u0131n\u0131 halland\u0131r\u0131b. 30 il he\u00e7 bir i\u015f\u0259 yaramayan AT\u018fT-in ke\u00e7mi\u015f Minsk qrupunu yenid\u0259n diriltm\u0259k, g\u00f6r\u0259s\u0259n, kimin i\u015fin\u0259 yarayar?<\/p>\n<p>Bundan \u0259lav\u0259, t\u0259r\u0259fl\u0259rin Alma-Ata B\u0259yannam\u0259sind\u0259n imtina kimi fikirl\u0259ri d\u0259 prosesi baltalamaq m\u0259qs\u0259din\u0259 hesablan\u0131b. Bununla da Erm\u0259nistan\u0131n d\u0259qiq s\u0259rh\u0259dl\u0259ri bilinm\u0259y\u0259c\u0259k v\u0259 s\u0259rh\u0259d m\u00fc\u0259yy\u0259nl\u0259\u015fdirilm\u0259si prosesi dalana dir\u0259n\u0259c\u0259k, proses uzun ill\u0259r \u00e7\u0259k\u0259c\u0259k. Bu is\u0259 eks-prezidentl\u0259rin i\u015fin\u0259 yaraya bil\u0259r. Buna paralel olaraq is\u0259 m\u00fcv\u0259qq\u0259ti h\u00f6kum\u0259t m\u0259s\u0259l\u0259si d\u0259 konkret olaraq Sarqsyan t\u0259r\u0259find\u0259n yenid\u0259n g\u00fcnd\u0259m\u0259 g\u0259tirilir, Erm\u0259nistan\u0131n xilas\u0131 kimi g\u00f6st\u0259rilir. M\u00fcv\u0259qq\u0259ti h\u00f6kum\u0259tl\u0259 ba\u011fl\u0131 a\u00e7\u0131qlamalar\u0131nda Serj bildirib ki, Baqrat\u0131 tam d\u0259st\u0259kl\u0259yir v\u0259 onun t\u0259klif ed\u0259c\u0259yi namiz\u0259di o da d\u0259st\u0259kl\u0259y\u0259c\u0259k. Bu is\u0259 o dem\u0259kdir ki, Qalstanyan bir il m\u00fcdd\u0259tin\u0259 m\u00fcv\u0259qq\u0259ti h\u00f6kum\u0259t\u0259 r\u0259hb\u0259rlik ed\u0259c\u0259k, sonra is\u0259 s\u00fckan\u0131 b\u00fct\u00fcn t\u0259r\u0259fl\u0259rin raz\u0131la\u015fd\u0131\u011f\u0131 \u015f\u0259xs\u0259 \u00f6t\u00fcr\u0259c\u0259k. \u018fslind\u0259, bir m\u00fcdd\u0259t \u0259vv\u0259l d\u0259 vahid namiz\u0259dl\u0259 ba\u011fl\u0131 h\u0259r\u0259kat v\u0259 t\u0259r\u0259fdarlar\u0131n\u0131n ciddi problem var idi. M\u00fcxt\u0259lif a\u00e7\u0131qlamalar\u0131n analizi d\u0259 s\u00fcbut edir ki, haz\u0131rda bu problem davam edir v\u0259 t\u0259r\u0259fl\u0259r vahid namiz\u0259d m\u0259s\u0259l\u0259sind\u0259 ortaq fikr\u0259 g\u0259l\u0259 bilmirl\u0259r. T\u0259sad\u00fcfi deyil ki, erm\u0259ni ke\u015fi\u015f d\u0259 m\u0259s\u0259l\u0259 il\u0259 ba\u011fl\u0131 a\u00e7\u0131qlama ver\u0259nd\u0259 bir illik m\u00fcv\u0259qq\u0259ti h\u00f6kum\u0259td\u0259n sonra yenid\u0259n bu posta se\u00e7il\u0259 bil\u0259c\u0259yin\u0259 i\u015far\u0259 etmi\u015fdi.<\/p>\n<p><img loading=\"lazy\" class=\"inner-photo\" src=\"https:\/\/images.oxu.az\/2024\/05\/24\/vCEBc8B0VnHl4J3C66UKghvvpGlF90mBvJG5SXDA:640.jpg\" alt=\"\" width=\"640\" height=\"428\" \/><\/p>\n<p>Erm\u0259nistan\u0131n \u00fc\u00e7\u00fcnc\u00fc prezidenti is\u0259 a\u00e7\u0131qlamalar\u0131nda h\u0259r n\u0259 q\u0259d\u0259r h\u0259r\u0259kat\u0131, sad\u0259c\u0259, \u00f6lk\u0259nin xilas\u0131 \u00fc\u00e7\u00fcn d\u0259st\u0259kl\u0259diyini bildirs\u0259 d\u0259, yenid\u0259n siyasi arenaya qay\u0131tmaq h\u0259v\u0259si il\u0259 al\u0131\u015f\u0131b-yand\u0131\u011f\u0131 g\u00f6r\u00fcn\u00fcr. Jurnalistin tribunadan \u00e7\u0131x\u0131\u015fla ba\u011fl\u0131 sual\u0131na ke\u00e7mi\u015f siyas\u0259t\u00e7i bildirib ki, ehtiyac yaransa, bu i\u015fi g\u00f6r\u0259 bil\u0259r. Bununla da Serj opponentl\u0259rin\u0259 art\u0131q tribunadan gurultulu \u00e7\u0131x\u0131\u015flar etm\u0259k \u00fc\u00e7\u00fcn dar\u0131xd\u0131\u011f\u0131na i\u015far\u0259 edib. Eyni zamanda, Qalstanyanla g\u00f6r\u00fc\u015f\u00fc bar\u0259d\u0259 bel\u0259 bir d\u0259v\u0259t almad\u0131\u011f\u0131n\u0131, amma onunla d\u0259f\u0259l\u0259rl\u0259 g\u00f6r\u00fc\u015fd\u00fcy\u00fcn\u00fc qeyd edib. Bu is\u0259 h\u0259r\u0259kata \u0259vv\u0259ld\u0259n maraql\u0131 oldu\u011funu, yol x\u0259rit\u0259si \u00e7\u0259k\u0259nl\u0259rd\u0259n biri oldu\u011funu etiraf etm\u0259k m\u0259nas\u0131na g\u0259lir.<\/p>\n<p>Bununla bel\u0259, m\u00fcxalif\u0259t v\u0259 h\u0259r\u0259kat 26 may tarixin\u0259 \u00fcmid edir v\u0259 meydana insanlar\u0131 toplayacaqlar\u0131n\u0131 d\u00fc\u015f\u00fcn\u00fcrl\u0259r. Serjd\u0259n f\u0259rqli olaraq, Robert Ko\u00e7aryan hadis\u0259l\u0259r\u0259 o\u011flu vasit\u0259sil\u0259 m\u00fcdaxil\u0259 edir, k\u00fc\u00e7\u0259 y\u00fcr\u00fc\u015fl\u0259ri v\u0259 t\u0259xribatlar\u0131 koordinasiya edir. Amma h\u0259m ke\u00e7iril\u0259n sor\u011fular, h\u0259m parlament iclaslar\u0131, h\u0259m d\u0259 mill\u0259t v\u0259kill\u0259rinin a\u00e7\u0131qlamalar\u0131 dem\u0259y\u0259 \u0259sas verir ki, eksl\u0259rin v\u0259 ke\u015fi\u015fl\u0259rin plan\u0131 bu d\u0259f\u0259 d\u0259 iflasa u\u011frayacaq. Robert v\u0259 Serjin qorxulu yuxusu is\u0259 s\u00fclh m\u00fcqavil\u0259si imzaland\u0131qdan sonra ba\u015f ver\u0259c\u0259k.<\/p>\n<p><strong>&#8220;Report&#8221; \u0130nformasiya Agentliyi<\/strong><\/p>\n","protected":false},"excerpt":{"rendered":"<p>Az\u0259rbaycanla Erm\u0259nistan aras\u0131nda s\u0259rh\u0259dl\u0259rin demarkasiya prosesin\u0259 start verildikd\u0259n sonra iki \u00f6lk\u0259 aras\u0131nda m\u00fcnasib\u0259tl\u0259rin normalla\u015fmas\u0131n\u0131n \u0259leyhin\u0259 olan bir s\u0131ra q\u00fcvv\u0259l\u0259r Baqrat Qalstanyan\u0131n simas\u0131nda &#8220;V\u0259t\u0259n u\u011frunda Tavu\u015f&#8221; h\u0259r\u0259kat\u0131 il\u0259 h\u0259r\u0259k\u0259t\u0259 ke\u00e7dil\u0259r. T\u0259sad\u00fcfi deyil ki, ba\u015f nazir Nikol Pa\u015finyanla x\u00fcsusi \u0259dav\u0259ti olan, yenid\u0259n hakimiyy\u0259t\u0259 can atan daxili q\u00fcvv\u0259l\u0259r, partiyalar, m\u00fcxalif\u0259t n\u00fcmay\u0259nd\u0259l\u0259ri d\u0259 ilk g\u00fcnd\u0259n u\u011fursuz olan bu h\u0259r\u0259kata qo\u015fuldular. M\u00fcxt\u0259lif m\u0259lumatlar\u0131n analizi is\u0259 s\u00fcbut edir ki, Erm\u0259nistan\u0131n ikinci v\u0259 \u00fc\u00e7\u00fcnc\u00fc prezidentl\u0259ri erm\u0259ni ke\u015fi\u015fi v\u0259 onun h\u0259r\u0259kat\u0131n\u0131 d\u0259st\u0259kl\u0259yirl\u0259r. Robert Ko\u00e7aryan v\u0259 Serj Sarqsyan\u0131n bel\u0259 t\u0259\u015fvi\u015f\u0259 d\u00fc\u015fm\u0259sinin s\u0259b\u0259bi is\u0259 ayd\u0131nd\u0131r. \u00c7\u00fcnki demarkasiya prosesi ard\u0131nca s\u00fclh&hellip;<\/p>\n","protected":false},"author":2,"featured_media":724634,"comment_status":"closed","ping_status":"closed","sticky":false,"template":"","format":"standard","meta":{"om_disable_all_campaigns":false,"_monsterinsights_skip_tracking":false,"_monsterinsights_sitenote_active":false,"_monsterinsights_sitenote_note":"","_monsterinsights_sitenote_category":0},"categories":[4],"tags":[],"aioseo_notices":[],"gutentor_comment":0,"rttpg_featured_image_url":{"full":["https:\/\/arantv.az\/wp-content\/uploads\/2024\/05\/images-25.jpg",284,177,false],"landscape":["https:\/\/arantv.az\/wp-content\/uploads\/2024\/05\/images-25.jpg",284,177,false],"portraits":["https:\/\/arantv.az\/wp-content\/uploads\/2024\/05\/images-25.jpg",284,177,false],"thumbnail":["https:\/\/arantv.az\/wp-content\/uploads\/2024\/05\/images-25.jpg",284,177,false],"medium":["https:\/\/arantv.az\/wp-content\/uploads\/2024\/05\/images-25.jpg",284,177,false],"large":["https:\/\/arantv.az\/wp-content\/uploads\/2024\/05\/images-25.jpg",284,177,false],"1536x1536":["https:\/\/arantv.az\/wp-content\/uploads\/2024\/05\/images-25.jpg",284,177,false],"2048x2048":["https:\/\/arantv.az\/wp-content\/uploads\/2024\/05\/images-25.jpg",284,177,false],"post-thumbnail":["https:\/\/arantv.az\/wp-content\/uploads\/2024\/05\/images-25-240x172.jpg",240,172,true],"advps-thumb-one":["https:\/\/arantv.az\/wp-content\/uploads\/2024\/05\/images-25.jpg",284,177,false]},"rttpg_author":{"display_name":"V\u00fcsal Rafiqo\u011flu","author_link":"https:\/\/arantv.az\/?author=2"},"rttpg_comment":0,"rttpg_category":"<a href=\"https:\/\/arantv.az\/?cat=4\" rel=\"category\">Siyas\u0259t<\/a>","rttpg_excerpt":"Az\u0259rbaycanla Erm\u0259nistan aras\u0131nda s\u0259rh\u0259dl\u0259rin demarkasiya prosesin\u0259 start verildikd\u0259n sonra iki \u00f6lk\u0259 aras\u0131nda m\u00fcnasib\u0259tl\u0259rin normalla\u015fmas\u0131n\u0131n \u0259leyhin\u0259 olan bir s\u0131ra q\u00fcvv\u0259l\u0259r Baqrat Qalstanyan\u0131n simas\u0131nda &#8220;V\u0259t\u0259n u\u011frunda Tavu\u015f&#8221; h\u0259r\u0259kat\u0131 il\u0259 h\u0259r\u0259k\u0259t\u0259 ke\u00e7dil\u0259r. T\u0259sad\u00fcfi deyil ki, ba\u015f nazir Nikol Pa\u015finyanla x\u00fcsusi \u0259dav\u0259ti olan, yenid\u0259n hakimiyy\u0259t\u0259 can atan daxili q\u00fcvv\u0259l\u0259r, partiyalar, m\u00fcxalif\u0259t n\u00fcmay\u0259nd\u0259l\u0259ri d\u0259 ilk g\u00fcnd\u0259n u\u011fursuz olan bu h\u0259r\u0259kata&hellip;","_links":{"self":[{"href":"https:\/\/arantv.az\/index.php?rest_route=\/wp\/v2\/posts\/724633"}],"collection":[{"href":"https:\/\/arantv.az\/index.php?rest_route=\/wp\/v2\/posts"}],"about":[{"href":"https:\/\/arantv.az\/index.php?rest_route=\/wp\/v2\/types\/post"}],"author":[{"embeddable":true,"href":"https:\/\/arantv.az\/index.php?rest_route=\/wp\/v2\/users\/2"}],"replies":[{"embeddable":true,"href":"https:\/\/arantv.az\/index.php?rest_route=%2Fwp%2Fv2%2Fcomments&post=724633"}],"version-history":[{"count":0,"href":"https:\/\/arantv.az\/index.php?rest_route=\/wp\/v2\/posts\/724633\/revisions"}],"wp:featuredmedia":[{"embeddable":true,"href":"https:\/\/arantv.az\/index.php?rest_route=\/wp\/v2\/media\/724634"}],"wp:attachment":[{"href":"https:\/\/arantv.az\/index.php?rest_route=%2Fwp%2Fv2%2Fmedia&parent=724633"}],"wp:term":[{"taxonomy":"category","embeddable":true,"href":"https:\/\/arantv.az\/index.php?rest_route=%2Fwp%2Fv2%2Fcategories&post=724633"},{"taxonomy":"post_tag","embeddable":true,"href":"https:\/\/arantv.az\/index.php?rest_route=%2Fwp%2Fv2%2Ftags&post=724633"}],"curies":[{"name":"wp","href":"https:\/\/api.w.org\/{rel}","templated":true}]}}