{"id":724677,"date":"2024-05-24T14:02:39","date_gmt":"2024-05-24T10:02:39","guid":{"rendered":"https:\/\/arantv.az\/?p=724677"},"modified":"2024-05-24T14:02:39","modified_gmt":"2024-05-24T10:02:39","slug":"naxcivandaki-k%c9%99rki-k%c9%99ndinin-geri-qaytarilmasi-da-prioritetl%c9%99r-sirasindadir-s%c9%99rh","status":"publish","type":"post","link":"https:\/\/arantv.az\/?p=724677","title":{"rendered":"\u201cNax\u00e7\u0131vandak\u0131 K\u0259rki k\u0259ndinin geri qaytar\u0131lmas\u0131 da prioritetl\u0259r s\u0131ras\u0131ndad\u0131r\u201d-\u015e\u018fRH"},"content":{"rendered":"<p>\u201cQazax\u0131n 4 k\u0259ndinin Az\u0259rbaycana geri qaytar\u0131lmas\u0131, Az\u0259rbaycan s\u0259rh\u0259d qo\u015funlar\u0131n\u0131n h\u0259min \u0259razid\u0259 xidm\u0259t\u0259 ba\u015flamas\u0131 g\u0259l\u0259c\u0259k delimitasiya v\u0259 demarkasiya prosesi \u00fc\u00e7\u00fcn m\u00fch\u00fcm presendentdir. Delimitasiya v\u0259 demarkasiya olduqca \u00e7\u0259tin v\u0259 m\u00fcr\u0259kk\u0259b m\u0259s\u0259l\u0259l\u0259ri \u0259hat\u0259 edir. Az\u0259rbaycan is\u0259 q\u0131sa m\u00fcdd\u0259t \u0259rzind\u0259 Qazax istiqam\u0259tind\u0259 h\u0259m delimitasiya, h\u0259m d\u0259 demarkasiya\u00a0 \u00fczr\u0259 nailiyy\u0259t \u0259ld\u0259 etdi\u201d.<\/p>\n<p><strong>Bu fikirl\u0259ri Musavat.com-a siyasi \u015f\u0259rh\u00e7i Aq\u015fin K\u0259rimov deyib. Ekspert yax\u0131n zamanda Az\u0259rbaycan\u0131n \u0259ld\u0259 ed\u0259 bil\u0259c\u0259yi u\u011furlardan dan\u0131\u015f\u0131b:<\/strong>\u00a0\u201cHesab edir\u0259m ki, Az\u0259rbaycan Qazax\u0131n dig\u0259r 3 k\u0259ndinin geri qaytar\u0131lmas\u0131 \u00fc\u00e7\u00fcn dan\u0131\u015f\u0131qlar\u0131 g\u00fccl\u0259ndir\u0259c\u0259k. Eyni zamanda Nax\u00e7\u0131vandak\u0131 K\u0259rki k\u0259ndinin\u00a0 geri qaytar\u0131lmas\u0131 da prioritetl\u0259r s\u0131ras\u0131ndad\u0131r. Az\u0259rbaycan bu prosesi maksimum tezl\u0259\u015fdirm\u0259k ist\u0259yir. Erm\u0259nistan is\u0259 delimitasiya prosesinin 1976-c\u0131 il x\u0259rit\u0259l\u0259ri \u0259sas\u0131nda apar\u0131ld\u0131\u011f\u0131n\u0131 bildirs\u0259 d\u0259, ortada \u0130r\u0259van\u0131n a\u00e7\u0131qlamad\u0131\u011f\u0131 b\u0259zi m\u0259qamlar var. S\u00f6hb\u0259t Az\u0259rbaycan\u0131n maksimalist maraqlar\u0131ndan gedir. M\u0259n bu ifad\u0259ni i\u015fl\u0259tm\u0259kd\u0259n he\u00e7 vaxt \u00e7\u0259kinm\u0259mi\u015f\u0259m.<\/p>\n<p>\u00c7\u00fcnki Az\u0259rbaycan qalib d\u00f6vl\u0259tdir. Regionda geosiyasi oyun\u00e7uya \u00e7evrilir v\u0259 onun maksimalist maraqlar\u0131n\u0131n t\u0259min olunas\u0131 vacibdir. Sad\u0259c\u0259 olaraq Pa\u015finyan h\u0259l\u0259 ki, 1976-c\u0131 il x\u0259rit\u0259l\u0259rini g\u00fcnd\u0259m\u0259 g\u0259tirm\u0259kl\u0259 bir n\u00f6v \u00f6z\u00fcn\u00fc s\u0131\u011fortalam\u0131\u015f olur v\u0259 erm\u0259ni c\u0259miyy\u0259tini daha b\u00f6y\u00fck d\u0259yi\u015fiklikl\u0259r\u0259 haz\u0131rlamaq m\u0259qs\u0259dini g\u00fcd\u00fcr. \u0130st\u0259nil\u0259n halda proses Az\u0259rbaycan\u0131n xeyrin\u0259dir. Az\u0259rbaycan t\u0259dric\u0259n dig\u0259r \u0259razil\u0259rd\u0259 d\u0259 \u0259razi b\u00fct\u00f6vl\u00fcy\u00fcn\u00fc v\u0259 suverenliyini b\u0259rpa ed\u0259c\u0259k. Onu da qeyd etm\u0259k olar ki, Az\u0259rbaycan S\u0259rh\u0259d Qo\u015funlar\u0131n\u0131n delimitasiya v\u0259 demarkasiya olunmu\u015f \u0259razil\u0259rd\u0259 xidm\u0259t aparmas\u0131 g\u0259l\u0259c\u0259kd\u0259 Qazax\u0131n dig\u0259r 3 k\u0259ndin\u0259 ged\u0259n kommunikasiya yollar\u0131n\u0131n a\u00e7\u0131lmas\u0131n\u0131n t\u0259hl\u00fck\u0259sizliyin\u0259 z\u0259man\u0259t verir\u201d.<\/p>\n","protected":false},"excerpt":{"rendered":"<p>\u201cQazax\u0131n 4 k\u0259ndinin Az\u0259rbaycana geri qaytar\u0131lmas\u0131, Az\u0259rbaycan s\u0259rh\u0259d qo\u015funlar\u0131n\u0131n h\u0259min \u0259razid\u0259 xidm\u0259t\u0259 ba\u015flamas\u0131 g\u0259l\u0259c\u0259k delimitasiya v\u0259 demarkasiya prosesi \u00fc\u00e7\u00fcn m\u00fch\u00fcm presendentdir. Delimitasiya v\u0259 demarkasiya olduqca \u00e7\u0259tin v\u0259 m\u00fcr\u0259kk\u0259b m\u0259s\u0259l\u0259l\u0259ri \u0259hat\u0259 edir. Az\u0259rbaycan is\u0259 q\u0131sa m\u00fcdd\u0259t \u0259rzind\u0259 Qazax istiqam\u0259tind\u0259 h\u0259m delimitasiya, h\u0259m d\u0259 demarkasiya\u00a0 \u00fczr\u0259 nailiyy\u0259t \u0259ld\u0259 etdi\u201d. Bu fikirl\u0259ri Musavat.com-a siyasi \u015f\u0259rh\u00e7i Aq\u015fin K\u0259rimov deyib. Ekspert yax\u0131n zamanda Az\u0259rbaycan\u0131n \u0259ld\u0259 ed\u0259 bil\u0259c\u0259yi u\u011furlardan dan\u0131\u015f\u0131b:\u00a0\u201cHesab edir\u0259m ki, Az\u0259rbaycan Qazax\u0131n dig\u0259r 3 k\u0259ndinin geri qaytar\u0131lmas\u0131 \u00fc\u00e7\u00fcn dan\u0131\u015f\u0131qlar\u0131 g\u00fccl\u0259ndir\u0259c\u0259k. Eyni zamanda Nax\u00e7\u0131vandak\u0131 K\u0259rki k\u0259ndinin\u00a0 geri qaytar\u0131lmas\u0131 da prioritetl\u0259r s\u0131ras\u0131ndad\u0131r. Az\u0259rbaycan bu prosesi maksimum&hellip;<\/p>\n","protected":false},"author":2,"featured_media":724678,"comment_status":"closed","ping_status":"closed","sticky":false,"template":"","format":"standard","meta":{"om_disable_all_campaigns":false,"_monsterinsights_skip_tracking":false,"_monsterinsights_sitenote_active":false,"_monsterinsights_sitenote_note":"","_monsterinsights_sitenote_category":0},"categories":[4],"tags":[],"aioseo_notices":[],"gutentor_comment":0,"rttpg_featured_image_url":{"full":["https:\/\/arantv.az\/wp-content\/uploads\/2024\/05\/be82bc4e6c00e1eda19b9a24131796f3.jpg",855,500,false],"landscape":["https:\/\/arantv.az\/wp-content\/uploads\/2024\/05\/be82bc4e6c00e1eda19b9a24131796f3.jpg",855,500,false],"portraits":["https:\/\/arantv.az\/wp-content\/uploads\/2024\/05\/be82bc4e6c00e1eda19b9a24131796f3.jpg",855,500,false],"thumbnail":["https:\/\/arantv.az\/wp-content\/uploads\/2024\/05\/be82bc4e6c00e1eda19b9a24131796f3-500x280.jpg",500,280,true],"medium":["https:\/\/arantv.az\/wp-content\/uploads\/2024\/05\/be82bc4e6c00e1eda19b9a24131796f3-624x365.jpg",624,365,true],"large":["https:\/\/arantv.az\/wp-content\/uploads\/2024\/05\/be82bc4e6c00e1eda19b9a24131796f3-840x491.jpg",640,374,true],"1536x1536":["https:\/\/arantv.az\/wp-content\/uploads\/2024\/05\/be82bc4e6c00e1eda19b9a24131796f3.jpg",855,500,false],"2048x2048":["https:\/\/arantv.az\/wp-content\/uploads\/2024\/05\/be82bc4e6c00e1eda19b9a24131796f3.jpg",855,500,false],"post-thumbnail":["https:\/\/arantv.az\/wp-content\/uploads\/2024\/05\/be82bc4e6c00e1eda19b9a24131796f3-240x172.jpg",240,172,true],"advps-thumb-one":["https:\/\/arantv.az\/wp-content\/uploads\/2024\/05\/be82bc4e6c00e1eda19b9a24131796f3.jpg",855,500,false]},"rttpg_author":{"display_name":"V\u00fcsal Rafiqo\u011flu","author_link":"https:\/\/arantv.az\/?author=2"},"rttpg_comment":0,"rttpg_category":"<a href=\"https:\/\/arantv.az\/?cat=4\" rel=\"category\">Siyas\u0259t<\/a>","rttpg_excerpt":"\u201cQazax\u0131n 4 k\u0259ndinin Az\u0259rbaycana geri qaytar\u0131lmas\u0131, Az\u0259rbaycan s\u0259rh\u0259d qo\u015funlar\u0131n\u0131n h\u0259min \u0259razid\u0259 xidm\u0259t\u0259 ba\u015flamas\u0131 g\u0259l\u0259c\u0259k delimitasiya v\u0259 demarkasiya prosesi \u00fc\u00e7\u00fcn m\u00fch\u00fcm presendentdir. Delimitasiya v\u0259 demarkasiya olduqca \u00e7\u0259tin v\u0259 m\u00fcr\u0259kk\u0259b m\u0259s\u0259l\u0259l\u0259ri \u0259hat\u0259 edir. Az\u0259rbaycan is\u0259 q\u0131sa m\u00fcdd\u0259t \u0259rzind\u0259 Qazax istiqam\u0259tind\u0259 h\u0259m delimitasiya, h\u0259m d\u0259 demarkasiya\u00a0 \u00fczr\u0259 nailiyy\u0259t \u0259ld\u0259 etdi\u201d. Bu fikirl\u0259ri Musavat.com-a siyasi \u015f\u0259rh\u00e7i Aq\u015fin K\u0259rimov deyib.&hellip;","_links":{"self":[{"href":"https:\/\/arantv.az\/index.php?rest_route=\/wp\/v2\/posts\/724677"}],"collection":[{"href":"https:\/\/arantv.az\/index.php?rest_route=\/wp\/v2\/posts"}],"about":[{"href":"https:\/\/arantv.az\/index.php?rest_route=\/wp\/v2\/types\/post"}],"author":[{"embeddable":true,"href":"https:\/\/arantv.az\/index.php?rest_route=\/wp\/v2\/users\/2"}],"replies":[{"embeddable":true,"href":"https:\/\/arantv.az\/index.php?rest_route=%2Fwp%2Fv2%2Fcomments&post=724677"}],"version-history":[{"count":0,"href":"https:\/\/arantv.az\/index.php?rest_route=\/wp\/v2\/posts\/724677\/revisions"}],"wp:featuredmedia":[{"embeddable":true,"href":"https:\/\/arantv.az\/index.php?rest_route=\/wp\/v2\/media\/724678"}],"wp:attachment":[{"href":"https:\/\/arantv.az\/index.php?rest_route=%2Fwp%2Fv2%2Fmedia&parent=724677"}],"wp:term":[{"taxonomy":"category","embeddable":true,"href":"https:\/\/arantv.az\/index.php?rest_route=%2Fwp%2Fv2%2Fcategories&post=724677"},{"taxonomy":"post_tag","embeddable":true,"href":"https:\/\/arantv.az\/index.php?rest_route=%2Fwp%2Fv2%2Ftags&post=724677"}],"curies":[{"name":"wp","href":"https:\/\/api.w.org\/{rel}","templated":true}]}}