{"id":724680,"date":"2024-05-24T14:03:55","date_gmt":"2024-05-24T10:03:55","guid":{"rendered":"https:\/\/arantv.az\/?p=724680"},"modified":"2024-05-24T14:03:55","modified_gmt":"2024-05-24T10:03:55","slug":"olk%c9%99mizd%c9%99-keciril%c9%99n-tacikistan-m%c9%99d%c9%99niyy%c9%99ti-gunl%c9%99ri-basa-catdifoto","status":"publish","type":"post","link":"https:\/\/arantv.az\/?p=724680","title":{"rendered":"\u00d6lk\u0259mizd\u0259 ke\u00e7iril\u0259n Tacikistan M\u0259d\u0259niyy\u0259ti G\u00fcnl\u0259ri ba\u015fa \u00e7atd\u0131FOTO"},"content":{"rendered":"<div class=\"text-content\" data-id=\"\" data-url=\"\">\n<p><strong>Az\u0259rbaycan Respublikas\u0131 M\u0259d\u0259niyy\u0259t Nazirliyinin t\u0259\u015fkilat\u00e7\u0131l\u0131\u011f\u0131 il\u0259 19\u201323 may tarixl\u0259rind\u0259 \u00f6lk\u0259mizd\u0259 ke\u00e7iril\u0259n Tacikistan M\u0259d\u0259niyy\u0259ti G\u00fcnl\u0259ri sona \u00e7at\u0131b.<\/strong><\/p>\n<p><strong>ARANTV.AZ <\/strong>\u00a0x\u0259b\u0259r verir ki, m\u0259d\u0259niyy\u0259t g\u00fcnl\u0259rinin sonuncu g\u00fcn\u00fcnd\u0259 \u2013 may\u0131n 23-d\u0259 Fikr\u0259t \u018fmirov ad\u0131na G\u0259nc\u0259 D\u00f6vl\u0259t Filarmoniyas\u0131nda &#8220;Tacikistan v\u0259 Az\u0259rbaycan dostlu\u011fu&#8221; adl\u0131 geni\u015f konsert proqram\u0131 t\u0259qdim olunub.<\/p>\n<p>Musiqili ax\u015fam\u0131n tama\u015fa\u00e7\u0131lar\u0131 aras\u0131nda Tacikistan Respublikas\u0131n\u0131n m\u0259d\u0259niyy\u0259t naziri xan\u0131m Matlubaxon Sattoriyen, Az\u0259rbaycan Respublikas\u0131 m\u0259d\u0259niyy\u0259t nazirinin m\u00fcavini Murad H\u00fcseynov, G\u0259nc\u0259-Da\u015fk\u0259s\u0259n Regional M\u0259d\u0259niyy\u0259t \u0130dar\u0259sinin r\u0259isi P\u0259rvin Kaz\u0131mov, Fikr\u0259t \u018fmirov ad\u0131na G\u0259nc\u0259 D\u00f6vl\u0259t Filarmoniyas\u0131n\u0131n direktoru \u018fm\u0259kdar artist Ramil Qas\u0131mov, iki \u00f6lk\u0259nin m\u0259d\u0259niyy\u0259t v\u0259 inc\u0259s\u0259n\u0259t xadiml\u0259ri, ictimaiyy\u0259t n\u00fcmay\u0259nd\u0259l\u0259ri v\u0259 dig\u0259r qonaqlar olub.<\/p>\n<p>Konsertd\u0259 Tacikistan\u0131n Xalq artistl\u0259ri Mir\u0259li Dostizoda, R\u00fcst\u0259m Dulloyev, Raxmatullo Ho\u015fimov, \u018fm\u0259kdar artistl\u0259r Sitorai Karomatullo, Davlat N\u0259zriyev, G\u00fcl\u0259sal Pulodova, M\u0259h\u0259mm\u0259drafi Karomatullo, Fotimai M\u0259\u015frab\u0131n, F\u0259xriddini Malikin, Nigina Amonkulova, Haknazar Alovatov, el\u0259c\u0259 d\u0259 Qaffar V\u0259lamatzad\u0259 ad\u0131na D\u00f6vl\u0259t \u018fm\u0259kdar R\u0259qs Ansambl\u0131, \u201cLola\u201d, \u201cZebo\u201d v\u0259 \u201cParastu\u201d, \u201cG\u00fclrez\u201d, \u201cCahonoro\u201d, \u201cBazmoro\u201d r\u0259qs ansambllar\u0131 v\u0259 ba\u015fqalar\u0131 \u00e7\u0131x\u0131\u015f edibl\u0259r.<\/p>\n<p>Proqramda \u201cSevdiyim diyar\u201d, \u201cBu g\u00f6z\u0259l g\u00f6zl\u0259r\u201d, \u201cTacikistan-Az\u0259rbaycan\u201d, \u201cSevgim\u201d, \u201cDostlu\u011fun nuru\u201d v\u0259 dig\u0259r mahn\u0131lar ifa olunub.<\/p>\n<p>Tacikistan s\u0259n\u0259t\u00e7il\u0259rinin t\u0259qdim etdiyi musiqi v\u0259 r\u0259qs n\u00f6mr\u0259l\u0259ri b\u00f6y\u00fck maraq v\u0259 alq\u0131\u015flarla qar\u015f\u0131lan\u0131b.<\/p>\n<p>Qonaq ifa\u00e7\u0131lar\u0131n Az\u0259rbaycan musiqisin\u0259 m\u00fcraci\u0259ti is\u0259 x\u00fcsusi r\u0259\u011fb\u0259t do\u011furub. \u201cAz\u0259rbaycan&#8221;, &#8220;Sar\u0131 g\u0259lin&#8221; v\u0259 \u201cSevgili canan\u201d mahn\u0131lar\u0131 gurultulu alq\u0131\u015flarla m\u00fckafatland\u0131r\u0131l\u0131b.<\/p>\n<p>Bununla da \u00f6lk\u0259mizd\u0259 Tacikistan m\u0259d\u0259niyy\u0259ti v\u0259 inc\u0259s\u0259n\u0259ti \u015f\u00f6l\u0259ni tarix\u0259 qovu\u015fub.<\/p>\n<p>Xat\u0131rladaq ki, m\u0259d\u0259niyy\u0259t g\u00fcnl\u0259ri \u00e7\u0259r\u00e7iv\u0259sind\u0259 Tacikistan inc\u0259s\u0259n\u0259t ustalar\u0131n\u0131n qala-konserti il\u0259 yana\u015f\u0131, Tacik kinosu g\u00fcnl\u0259ri v\u0259 bu \u00f6lk\u0259nin r\u0259ssamlar\u0131n\u0131n \u0259s\u0259rl\u0259ri, xalq s\u0259n\u0259tkarl\u0131q n\u00fcmun\u0259l\u0259ri v\u0259 milli geyiml\u0259rind\u0259n ibar\u0259t s\u0259rgi t\u0259\u015fkil edilib.<\/p>\n<\/div>\n<div>\n<div class=\"form-group\"><img class=\"img-responsive\" src=\"https:\/\/cdn.musavat.com\/news\/images\/iqbal\/Untitled%20%2813%29-5.jpg\" \/><\/div>\n<div class=\"form-group\"><img class=\"img-responsive\" src=\"https:\/\/cdn.musavat.com\/news\/images\/iqbal\/Untitled%20%2812%29-5.jpg\" \/><\/div>\n<div class=\"form-group\"><img class=\"img-responsive\" src=\"https:\/\/cdn.musavat.com\/news\/images\/iqbal\/Untitled%20%2811%29-5.jpg\" \/><\/div>\n<div class=\"form-group\"><img class=\"img-responsive\" src=\"https:\/\/cdn.musavat.com\/news\/images\/iqbal\/Untitled%20%2810%29-8.jpg\" \/><\/div>\n<div class=\"form-group\"><img class=\"img-responsive\" src=\"https:\/\/cdn.musavat.com\/news\/images\/iqbal\/Untitled%20%289%29-10.jpg\" \/><\/div>\n<div class=\"form-group\"><img class=\"img-responsive\" src=\"https:\/\/cdn.musavat.com\/news\/images\/iqbal\/Untitled%20%288%29-14.jpg\" \/><\/div>\n<div class=\"form-group\"><img class=\"img-responsive\" src=\"https:\/\/cdn.musavat.com\/news\/images\/iqbal\/Untitled%20%287%29-17.jpg\" \/><\/div>\n<div class=\"form-group\"><img class=\"img-responsive\" src=\"https:\/\/cdn.musavat.com\/news\/images\/iqbal\/Untitled%20%286%29-22.jpg\" \/><\/div>\n<div class=\"form-group\"><img class=\"img-responsive\" src=\"https:\/\/cdn.musavat.com\/news\/images\/iqbal\/Untitled%20%285%29-27.jpg\" \/><\/div>\n<div class=\"form-group\"><img class=\"img-responsive\" src=\"https:\/\/cdn.musavat.com\/news\/images\/iqbal\/Untitled%20%284%29-28.jpg\" \/><\/div>\n<div class=\"form-group\"><img class=\"img-responsive\" src=\"https:\/\/cdn.musavat.com\/news\/images\/iqbal\/Untitled%20%283%29-36.jpg\" \/><\/div>\n<div class=\"form-group\"><img class=\"img-responsive\" src=\"https:\/\/cdn.musavat.com\/news\/images\/iqbal\/Untitled%20%282%29-36.jpg\" \/><\/div>\n<div class=\"form-group\"><img class=\"img-responsive\" src=\"https:\/\/cdn.musavat.com\/news\/images\/iqbal\/Untitled%20%281%29-39.jpg\" \/><\/div>\n<\/div>\n<div><\/div>\n<div class=\"inner-social-box\">\n<div class=\"subs-in-social subs-whatsapp\"><\/div>\n<\/div>\n","protected":false},"excerpt":{"rendered":"<p>Az\u0259rbaycan Respublikas\u0131 M\u0259d\u0259niyy\u0259t Nazirliyinin t\u0259\u015fkilat\u00e7\u0131l\u0131\u011f\u0131 il\u0259 19\u201323 may tarixl\u0259rind\u0259 \u00f6lk\u0259mizd\u0259 ke\u00e7iril\u0259n Tacikistan M\u0259d\u0259niyy\u0259ti G\u00fcnl\u0259ri sona \u00e7at\u0131b. ARANTV.AZ \u00a0x\u0259b\u0259r verir ki, m\u0259d\u0259niyy\u0259t g\u00fcnl\u0259rinin sonuncu g\u00fcn\u00fcnd\u0259 \u2013 may\u0131n 23-d\u0259 Fikr\u0259t \u018fmirov ad\u0131na G\u0259nc\u0259 D\u00f6vl\u0259t Filarmoniyas\u0131nda &#8220;Tacikistan v\u0259 Az\u0259rbaycan dostlu\u011fu&#8221; adl\u0131 geni\u015f konsert proqram\u0131 t\u0259qdim olunub. Musiqili ax\u015fam\u0131n tama\u015fa\u00e7\u0131lar\u0131 aras\u0131nda Tacikistan Respublikas\u0131n\u0131n m\u0259d\u0259niyy\u0259t naziri xan\u0131m Matlubaxon Sattoriyen, Az\u0259rbaycan Respublikas\u0131 m\u0259d\u0259niyy\u0259t nazirinin m\u00fcavini Murad H\u00fcseynov, G\u0259nc\u0259-Da\u015fk\u0259s\u0259n Regional M\u0259d\u0259niyy\u0259t \u0130dar\u0259sinin r\u0259isi P\u0259rvin Kaz\u0131mov, Fikr\u0259t \u018fmirov ad\u0131na G\u0259nc\u0259 D\u00f6vl\u0259t Filarmoniyas\u0131n\u0131n direktoru \u018fm\u0259kdar artist Ramil Qas\u0131mov, iki \u00f6lk\u0259nin m\u0259d\u0259niyy\u0259t v\u0259 inc\u0259s\u0259n\u0259t xadiml\u0259ri, ictimaiyy\u0259t n\u00fcmay\u0259nd\u0259l\u0259ri v\u0259 dig\u0259r qonaqlar&hellip;<\/p>\n","protected":false},"author":2,"featured_media":724681,"comment_status":"closed","ping_status":"closed","sticky":false,"template":"","format":"standard","meta":{"om_disable_all_campaigns":false,"_monsterinsights_skip_tracking":false,"_monsterinsights_sitenote_active":false,"_monsterinsights_sitenote_note":"","_monsterinsights_sitenote_category":0},"categories":[1],"tags":[],"aioseo_notices":[],"gutentor_comment":0,"rttpg_featured_image_url":{"full":["https:\/\/arantv.az\/wp-content\/uploads\/2024\/05\/ee4528f7d2fc70ae6b4bde5a03d672ed.jpg",870,500,false],"landscape":["https:\/\/arantv.az\/wp-content\/uploads\/2024\/05\/ee4528f7d2fc70ae6b4bde5a03d672ed.jpg",870,500,false],"portraits":["https:\/\/arantv.az\/wp-content\/uploads\/2024\/05\/ee4528f7d2fc70ae6b4bde5a03d672ed.jpg",870,500,false],"thumbnail":["https:\/\/arantv.az\/wp-content\/uploads\/2024\/05\/ee4528f7d2fc70ae6b4bde5a03d672ed-500x280.jpg",500,280,true],"medium":["https:\/\/arantv.az\/wp-content\/uploads\/2024\/05\/ee4528f7d2fc70ae6b4bde5a03d672ed-635x365.jpg",635,365,true],"large":["https:\/\/arantv.az\/wp-content\/uploads\/2024\/05\/ee4528f7d2fc70ae6b4bde5a03d672ed-840x483.jpg",640,368,true],"1536x1536":["https:\/\/arantv.az\/wp-content\/uploads\/2024\/05\/ee4528f7d2fc70ae6b4bde5a03d672ed.jpg",870,500,false],"2048x2048":["https:\/\/arantv.az\/wp-content\/uploads\/2024\/05\/ee4528f7d2fc70ae6b4bde5a03d672ed.jpg",870,500,false],"post-thumbnail":["https:\/\/arantv.az\/wp-content\/uploads\/2024\/05\/ee4528f7d2fc70ae6b4bde5a03d672ed-240x172.jpg",240,172,true],"advps-thumb-one":["https:\/\/arantv.az\/wp-content\/uploads\/2024\/05\/ee4528f7d2fc70ae6b4bde5a03d672ed.jpg",870,500,false]},"rttpg_author":{"display_name":"V\u00fcsal Rafiqo\u011flu","author_link":"https:\/\/arantv.az\/?author=2"},"rttpg_comment":0,"rttpg_category":"<a href=\"https:\/\/arantv.az\/?cat=1\" rel=\"category\">C\u0259miyy\u0259t<\/a>","rttpg_excerpt":"Az\u0259rbaycan Respublikas\u0131 M\u0259d\u0259niyy\u0259t Nazirliyinin t\u0259\u015fkilat\u00e7\u0131l\u0131\u011f\u0131 il\u0259 19\u201323 may tarixl\u0259rind\u0259 \u00f6lk\u0259mizd\u0259 ke\u00e7iril\u0259n Tacikistan M\u0259d\u0259niyy\u0259ti G\u00fcnl\u0259ri sona \u00e7at\u0131b. ARANTV.AZ \u00a0x\u0259b\u0259r verir ki, m\u0259d\u0259niyy\u0259t g\u00fcnl\u0259rinin sonuncu g\u00fcn\u00fcnd\u0259 \u2013 may\u0131n 23-d\u0259 Fikr\u0259t \u018fmirov ad\u0131na G\u0259nc\u0259 D\u00f6vl\u0259t Filarmoniyas\u0131nda &#8220;Tacikistan v\u0259 Az\u0259rbaycan dostlu\u011fu&#8221; adl\u0131 geni\u015f konsert proqram\u0131 t\u0259qdim olunub. Musiqili ax\u015fam\u0131n tama\u015fa\u00e7\u0131lar\u0131 aras\u0131nda Tacikistan Respublikas\u0131n\u0131n m\u0259d\u0259niyy\u0259t naziri xan\u0131m Matlubaxon Sattoriyen, Az\u0259rbaycan&hellip;","_links":{"self":[{"href":"https:\/\/arantv.az\/index.php?rest_route=\/wp\/v2\/posts\/724680"}],"collection":[{"href":"https:\/\/arantv.az\/index.php?rest_route=\/wp\/v2\/posts"}],"about":[{"href":"https:\/\/arantv.az\/index.php?rest_route=\/wp\/v2\/types\/post"}],"author":[{"embeddable":true,"href":"https:\/\/arantv.az\/index.php?rest_route=\/wp\/v2\/users\/2"}],"replies":[{"embeddable":true,"href":"https:\/\/arantv.az\/index.php?rest_route=%2Fwp%2Fv2%2Fcomments&post=724680"}],"version-history":[{"count":0,"href":"https:\/\/arantv.az\/index.php?rest_route=\/wp\/v2\/posts\/724680\/revisions"}],"wp:featuredmedia":[{"embeddable":true,"href":"https:\/\/arantv.az\/index.php?rest_route=\/wp\/v2\/media\/724681"}],"wp:attachment":[{"href":"https:\/\/arantv.az\/index.php?rest_route=%2Fwp%2Fv2%2Fmedia&parent=724680"}],"wp:term":[{"taxonomy":"category","embeddable":true,"href":"https:\/\/arantv.az\/index.php?rest_route=%2Fwp%2Fv2%2Fcategories&post=724680"},{"taxonomy":"post_tag","embeddable":true,"href":"https:\/\/arantv.az\/index.php?rest_route=%2Fwp%2Fv2%2Ftags&post=724680"}],"curies":[{"name":"wp","href":"https:\/\/api.w.org\/{rel}","templated":true}]}}