{"id":724693,"date":"2024-05-24T14:08:10","date_gmt":"2024-05-24T10:08:10","guid":{"rendered":"https:\/\/arantv.az\/?p=724693"},"modified":"2024-05-24T14:08:10","modified_gmt":"2024-05-24T10:08:10","slug":"bakida-z%c9%99lz%c9%99l%c9%99-t%c9%99lasi-bu-binalar-sokul%c9%99c%c9%99k","status":"publish","type":"post","link":"https:\/\/arantv.az\/?p=724693","title":{"rendered":"Bak\u0131da z\u0259lz\u0259l\u0259 t\u0259la\u015f\u0131: Bu binalar s\u00f6k\u00fcl\u0259c\u0259k"},"content":{"rendered":"<p><strong>Bak\u0131da y\u00fcks\u0259k m\u0259rt\u0259b\u0259li binalar\u0131n z\u0259lz\u0259l\u0259y\u0259 davaml\u0131l\u0131\u011f\u0131n\u0131n m\u00fcnt\u0259z\u0259m monitorinqi il\u0259 ba\u011fl\u0131 layih\u0259 haz\u0131rlan\u0131b. Bunu Az\u0259rbaycan Memarl\u0131q v\u0259 \u0130n\u015faat Universitetinin Z\u0259lz\u0259l\u0259 m\u00fch\u0259ndisliyi elmi-t\u0259dqiqat M\u0259rk\u0259zinin direktoru Az\u0259r Qas\u0131mzad\u0259 Bak\u0131da ke\u00e7iril\u0259n Katastrofik Riskl\u0259r\u0259 Qar\u015f\u0131 Dayan\u0131ql\u0131 Maliyy\u0259 Sistemi Konfrans\u0131nda bildirib. Onun s\u00f6zl\u0259rin\u0259 g\u00f6r\u0259, s\u0131\u011forta \u015firk\u0259tl\u0259ri h\u0259min binalardak\u0131 m\u0259nzill\u0259ri s\u0131\u011forta ed\u0259rk\u0259n monitorinqin n\u0259tic\u0259l\u0259rini n\u0259z\u0259r\u0259 alacaqlar.<\/strong><\/p>\n<p>Paytaxtda tikil\u0259n binalar\u0131n z\u0259lz\u0259l\u0259y\u0259 davaml\u0131 olub-olmamas\u0131 il\u0259 ba\u011fl\u0131 is\u0259 c\u0259miyy\u0259td\u0259 t\u0259zadl\u0131 fikirl\u0259r m\u00f6vcuddur. \u0130nsanlar\u0131n bir qismi yeni tikilil\u0259rin \u0259vv\u0259lki binalar kimi keyfiyy\u0259tli olmad\u0131\u011f\u0131n\u0131 des\u0259 d\u0259, b\u0259zil\u0259ri haz\u0131rki binalar\u0131n m\u00fcasir standartlara tam cavab verdiyini d\u00fc\u015f\u00fcn\u00fcr. B\u0259s reall\u0131qda v\u0259ziyy\u0259t nec\u0259dir? Paytaxtda in\u015fa olunmu\u015f binalar z\u0259lz\u0259l\u0259y\u0259 d\u00f6z\u00fcml\u00fcd\u00fcrm\u00fc?<\/p>\n<p><strong>M\u00f6vzu il\u0259 ba\u011fl\u0131 Yenisabah.az-a dan\u0131\u015fan \u0259mlak m\u0259s\u0259l\u0259l\u0259ri \u00fczr\u0259 ekspert Ramil Osmanl\u0131 bildirib ki, Bak\u0131 \u015f\u0259h\u0259rind\u0259ki binalar\u0131n z\u0259lz\u0259l\u0259y\u0259 orta davaml\u0131l\u0131\u011f\u0131 ortalama 8-9 bal olaraq n\u0259z\u0259rd\u0259 tutulub:<\/strong><\/p>\n<p>&#8220;A\u00e7\u0131qlanan m\u0259lumatlarda g\u00f6r\u00fcn\u00fcr ki, Bak\u0131 \u015f\u0259h\u0259rind\u0259ki binalar\u0131n z\u0259lz\u0259l\u0259y\u0259 orta davaml\u0131l\u0131\u011f\u0131 t\u0259qrib\u0259n 8-9 bal aras\u0131nda hesablan\u0131r. Amma qeyd etdiyimiz r\u0259q\u0259m tam d\u0259qiq \u015f\u0259kild\u0259 apar\u0131lacaq monitorinqin n\u0259tic\u0259l\u0259rind\u0259n sonra m\u00fc\u0259yy\u0259n olunacaq. Bu g\u00fcn el\u0259 binalar var ki, onlar art\u0131q \u00f6z istismar m\u00fcdd\u0259tini ba\u015fa vurub. B\u0259zi binalar da var ki, yeni tikilil\u0259r olsa da, ya d\u00fczg\u00fcn \u0259razid\u0259 in\u015fa olunmay\u0131b, ya da seysmik bax\u0131mdan aktiv \u0259razid\u0259 in\u015fa olunub\u201d.<\/p>\n<p>Ekspert standartlara cavab verm\u0259y\u0259n binalar\u0131n s\u00f6k\u00fcl\u0259c\u0259yini bildirib:<\/p>\n<p>&#8220;H\u0259r bir halda d\u00fc\u015f\u00fcn\u00fcr\u0259m ki, monitorinql\u0259r ba\u015fa \u00e7atd\u0131qdan sonra biz yekun n\u0259tic\u0259 haqq\u0131nda dan\u0131\u015fa bil\u0259rik. H\u0259l\u0259ki istinad ed\u0259c\u0259yimiz m\u0259nb\u0259 T\u00fcrkiy\u0259d\u0259 ba\u015f ver\u0259n z\u0259lz\u0259l\u0259d\u0259n sonra, d\u00f6vl\u0259t qurumlar\u0131m\u0131z\u0131n a\u00e7\u0131qlad\u0131\u011f\u0131 m\u0259lumatlard\u0131r ki, onlar da binalar\u0131n davaml\u0131l\u0131q g\u00f6st\u0259ricisinin 8-9 bal aras\u0131nda d\u0259yi\u015fdiyini bildirirl\u0259r. Bu m\u0259nb\u0259l\u0259r is\u0259 tikinti prosesi d\u00f6vr\u00fcnd\u0259 h\u0259min icra hakimiyy\u0259ti orqanlar\u0131n\u0131n apard\u0131\u011f\u0131 texniki ekspertizalar\u0131n n\u0259tic\u0259l\u0259rin\u0259 \u0259saslan\u0131r. T\u0259bii ki, \u0259g\u0259r seysmik g\u00f6st\u0259ricil\u0259ri normadan a\u015fa\u011f\u0131 olarsa v\u0259 b\u0259rkitm\u0259 kimi t\u0259dbirl\u0259r m\u00fcmk\u00fcn olmazsa, bu halda h\u0259min binalar\u0131n g\u0259l\u0259c\u0259k taleyi il\u0259 ba\u011fl\u0131 q\u0259rar q\u0259bul olunacaq\u201d.<\/p>\n","protected":false},"excerpt":{"rendered":"<p>Bak\u0131da y\u00fcks\u0259k m\u0259rt\u0259b\u0259li binalar\u0131n z\u0259lz\u0259l\u0259y\u0259 davaml\u0131l\u0131\u011f\u0131n\u0131n m\u00fcnt\u0259z\u0259m monitorinqi il\u0259 ba\u011fl\u0131 layih\u0259 haz\u0131rlan\u0131b. Bunu Az\u0259rbaycan Memarl\u0131q v\u0259 \u0130n\u015faat Universitetinin Z\u0259lz\u0259l\u0259 m\u00fch\u0259ndisliyi elmi-t\u0259dqiqat M\u0259rk\u0259zinin direktoru Az\u0259r Qas\u0131mzad\u0259 Bak\u0131da ke\u00e7iril\u0259n Katastrofik Riskl\u0259r\u0259 Qar\u015f\u0131 Dayan\u0131ql\u0131 Maliyy\u0259 Sistemi Konfrans\u0131nda bildirib. Onun s\u00f6zl\u0259rin\u0259 g\u00f6r\u0259, s\u0131\u011forta \u015firk\u0259tl\u0259ri h\u0259min binalardak\u0131 m\u0259nzill\u0259ri s\u0131\u011forta ed\u0259rk\u0259n monitorinqin n\u0259tic\u0259l\u0259rini n\u0259z\u0259r\u0259 alacaqlar. Paytaxtda tikil\u0259n binalar\u0131n z\u0259lz\u0259l\u0259y\u0259 davaml\u0131 olub-olmamas\u0131 il\u0259 ba\u011fl\u0131 is\u0259 c\u0259miyy\u0259td\u0259 t\u0259zadl\u0131 fikirl\u0259r m\u00f6vcuddur. \u0130nsanlar\u0131n bir qismi yeni tikilil\u0259rin \u0259vv\u0259lki binalar kimi keyfiyy\u0259tli olmad\u0131\u011f\u0131n\u0131 des\u0259 d\u0259, b\u0259zil\u0259ri haz\u0131rki binalar\u0131n m\u00fcasir standartlara tam cavab verdiyini d\u00fc\u015f\u00fcn\u00fcr. B\u0259s reall\u0131qda v\u0259ziyy\u0259t nec\u0259dir? Paytaxtda in\u015fa olunmu\u015f&hellip;<\/p>\n","protected":false},"author":2,"featured_media":724694,"comment_status":"closed","ping_status":"closed","sticky":false,"template":"","format":"standard","meta":{"om_disable_all_campaigns":false,"_monsterinsights_skip_tracking":false,"_monsterinsights_sitenote_active":false,"_monsterinsights_sitenote_note":"","_monsterinsights_sitenote_category":0},"categories":[19],"tags":[],"aioseo_notices":[],"gutentor_comment":0,"rttpg_featured_image_url":{"full":["https:\/\/arantv.az\/wp-content\/uploads\/2024\/05\/b6ee0fc2d2793ce51089b9df05a8a400.jpg",800,450,false],"landscape":["https:\/\/arantv.az\/wp-content\/uploads\/2024\/05\/b6ee0fc2d2793ce51089b9df05a8a400.jpg",800,450,false],"portraits":["https:\/\/arantv.az\/wp-content\/uploads\/2024\/05\/b6ee0fc2d2793ce51089b9df05a8a400.jpg",800,450,false],"thumbnail":["https:\/\/arantv.az\/wp-content\/uploads\/2024\/05\/b6ee0fc2d2793ce51089b9df05a8a400-500x280.jpg",500,280,true],"medium":["https:\/\/arantv.az\/wp-content\/uploads\/2024\/05\/b6ee0fc2d2793ce51089b9df05a8a400-649x365.jpg",649,365,true],"large":["https:\/\/arantv.az\/wp-content\/uploads\/2024\/05\/b6ee0fc2d2793ce51089b9df05a8a400.jpg",640,360,false],"1536x1536":["https:\/\/arantv.az\/wp-content\/uploads\/2024\/05\/b6ee0fc2d2793ce51089b9df05a8a400.jpg",800,450,false],"2048x2048":["https:\/\/arantv.az\/wp-content\/uploads\/2024\/05\/b6ee0fc2d2793ce51089b9df05a8a400.jpg",800,450,false],"post-thumbnail":["https:\/\/arantv.az\/wp-content\/uploads\/2024\/05\/b6ee0fc2d2793ce51089b9df05a8a400-240x172.jpg",240,172,true],"advps-thumb-one":["https:\/\/arantv.az\/wp-content\/uploads\/2024\/05\/b6ee0fc2d2793ce51089b9df05a8a400.jpg",800,450,false]},"rttpg_author":{"display_name":"V\u00fcsal Rafiqo\u011flu","author_link":"https:\/\/arantv.az\/?author=2"},"rttpg_comment":0,"rttpg_category":"<a href=\"https:\/\/arantv.az\/?cat=19\" rel=\"category\">G\u00fcnd\u0259m<\/a>","rttpg_excerpt":"Bak\u0131da y\u00fcks\u0259k m\u0259rt\u0259b\u0259li binalar\u0131n z\u0259lz\u0259l\u0259y\u0259 davaml\u0131l\u0131\u011f\u0131n\u0131n m\u00fcnt\u0259z\u0259m monitorinqi il\u0259 ba\u011fl\u0131 layih\u0259 haz\u0131rlan\u0131b. Bunu Az\u0259rbaycan Memarl\u0131q v\u0259 \u0130n\u015faat Universitetinin Z\u0259lz\u0259l\u0259 m\u00fch\u0259ndisliyi elmi-t\u0259dqiqat M\u0259rk\u0259zinin direktoru Az\u0259r Qas\u0131mzad\u0259 Bak\u0131da ke\u00e7iril\u0259n Katastrofik Riskl\u0259r\u0259 Qar\u015f\u0131 Dayan\u0131ql\u0131 Maliyy\u0259 Sistemi Konfrans\u0131nda bildirib. Onun s\u00f6zl\u0259rin\u0259 g\u00f6r\u0259, s\u0131\u011forta \u015firk\u0259tl\u0259ri h\u0259min binalardak\u0131 m\u0259nzill\u0259ri s\u0131\u011forta ed\u0259rk\u0259n monitorinqin n\u0259tic\u0259l\u0259rini n\u0259z\u0259r\u0259 alacaqlar. Paytaxtda tikil\u0259n binalar\u0131n z\u0259lz\u0259l\u0259y\u0259 davaml\u0131 olub-olmamas\u0131&hellip;","_links":{"self":[{"href":"https:\/\/arantv.az\/index.php?rest_route=\/wp\/v2\/posts\/724693"}],"collection":[{"href":"https:\/\/arantv.az\/index.php?rest_route=\/wp\/v2\/posts"}],"about":[{"href":"https:\/\/arantv.az\/index.php?rest_route=\/wp\/v2\/types\/post"}],"author":[{"embeddable":true,"href":"https:\/\/arantv.az\/index.php?rest_route=\/wp\/v2\/users\/2"}],"replies":[{"embeddable":true,"href":"https:\/\/arantv.az\/index.php?rest_route=%2Fwp%2Fv2%2Fcomments&post=724693"}],"version-history":[{"count":0,"href":"https:\/\/arantv.az\/index.php?rest_route=\/wp\/v2\/posts\/724693\/revisions"}],"wp:featuredmedia":[{"embeddable":true,"href":"https:\/\/arantv.az\/index.php?rest_route=\/wp\/v2\/media\/724694"}],"wp:attachment":[{"href":"https:\/\/arantv.az\/index.php?rest_route=%2Fwp%2Fv2%2Fmedia&parent=724693"}],"wp:term":[{"taxonomy":"category","embeddable":true,"href":"https:\/\/arantv.az\/index.php?rest_route=%2Fwp%2Fv2%2Fcategories&post=724693"},{"taxonomy":"post_tag","embeddable":true,"href":"https:\/\/arantv.az\/index.php?rest_route=%2Fwp%2Fv2%2Ftags&post=724693"}],"curies":[{"name":"wp","href":"https:\/\/api.w.org\/{rel}","templated":true}]}}