{"id":724700,"date":"2024-05-24T14:10:35","date_gmt":"2024-05-24T10:10:35","guid":{"rendered":"https:\/\/arantv.az\/?p=724700"},"modified":"2024-05-24T14:10:35","modified_gmt":"2024-05-24T10:10:35","slug":"birinci-qarabag-muharib%c9%99sind%c9%99-h%c9%99lak-olmus-vurgun-seyidovun-qaliqlari-agsuda-d%c9%99fn-olunub","status":"publish","type":"post","link":"https:\/\/arantv.az\/?p=724700","title":{"rendered":"Birinci Qaraba\u011f m\u00fcharib\u0259sind\u0259 h\u0259lak olmu\u015f Vur\u011fun Seyidovun qal\u0131qlar\u0131 A\u011fsuda d\u0259fn olunub"},"content":{"rendered":"<p>Birinci Qaraba\u011f m\u00fcharib\u0259sind\u0259 itkin d\u00fc\u015fd\u00fcy\u00fc ehtimal olunan, 30 il sonra d\u0259fn yeri v\u0259 kimliyi m\u00fc\u0259yy\u0259n edil\u0259n Seyidov Vur\u011fun \u018flam\u0259t o\u011flunun qal\u0131qlar\u0131 A\u011fsu rayonunun Kalva k\u0259ndin\u0259 g\u0259tirilib.<\/p>\n<p><strong>ARANTV.AZ x\u0259b\u0259r verir ki,<\/strong>\u00a0Kalva k\u0259ndind\u0259 \u015f\u0259hidl\u0259 vida m\u0259rasimi ke\u00e7irilib.<\/p>\n<p>Vida m\u0259rasimind\u0259 \u015f\u0259hidin ail\u0259 \u00fczvl\u0259ri, k\u0259nd sakinl\u0259ri, qazil\u0259r, rayon \u0130cra Hakimiyy\u0259tinin, h\u00fcquq-m\u00fchafiz\u0259 orqanlar\u0131n\u0131n \u0259m\u0259kda\u015flar\u0131, ictimaiyy\u0259t n\u00fcmay\u0259nd\u0259l\u0259ri i\u015ftirak edibl\u0259r.<\/p>\n<p>Daha sonra \u015f\u0259hidin qal\u0131qlar\u0131 k\u0259nd q\u0259biristanl\u0131\u011f\u0131nda d\u0259fn olunub.<\/p>\n<p>Qeyd ed\u0259k ki, Birinci Qaraba\u011f m\u00fcharib\u0259sind\u0259 itkin d\u00fc\u015fd\u00fcy\u00fc ehtimal edil\u0259n Seyidov Vur\u011fun \u018flam\u0259t o\u011flunun G\u0259nc\u0259d\u0259ki \u015e\u0259hidl\u0259r xiyaban\u0131nda nam\u0259lum \u015f\u0259hid kimi d\u0259fn olundu\u011fu a\u015fkarlan\u0131b v\u0259 kimliyi m\u00fc\u0259yy\u0259n edilib.<\/p>\n","protected":false},"excerpt":{"rendered":"<p>Birinci Qaraba\u011f m\u00fcharib\u0259sind\u0259 itkin d\u00fc\u015fd\u00fcy\u00fc ehtimal olunan, 30 il sonra d\u0259fn yeri v\u0259 kimliyi m\u00fc\u0259yy\u0259n edil\u0259n Seyidov Vur\u011fun \u018flam\u0259t o\u011flunun qal\u0131qlar\u0131 A\u011fsu rayonunun Kalva k\u0259ndin\u0259 g\u0259tirilib. ARANTV.AZ x\u0259b\u0259r verir ki,\u00a0Kalva k\u0259ndind\u0259 \u015f\u0259hidl\u0259 vida m\u0259rasimi ke\u00e7irilib. Vida m\u0259rasimind\u0259 \u015f\u0259hidin ail\u0259 \u00fczvl\u0259ri, k\u0259nd sakinl\u0259ri, qazil\u0259r, rayon \u0130cra Hakimiyy\u0259tinin, h\u00fcquq-m\u00fchafiz\u0259 orqanlar\u0131n\u0131n \u0259m\u0259kda\u015flar\u0131, ictimaiyy\u0259t n\u00fcmay\u0259nd\u0259l\u0259ri i\u015ftirak edibl\u0259r. Daha sonra \u015f\u0259hidin qal\u0131qlar\u0131 k\u0259nd q\u0259biristanl\u0131\u011f\u0131nda d\u0259fn olunub. Qeyd ed\u0259k ki, Birinci Qaraba\u011f m\u00fcharib\u0259sind\u0259 itkin d\u00fc\u015fd\u00fcy\u00fc ehtimal edil\u0259n Seyidov Vur\u011fun \u018flam\u0259t o\u011flunun G\u0259nc\u0259d\u0259ki \u015e\u0259hidl\u0259r xiyaban\u0131nda nam\u0259lum \u015f\u0259hid kimi d\u0259fn olundu\u011fu a\u015fkarlan\u0131b v\u0259 kimliyi m\u00fc\u0259yy\u0259n edilib.<\/p>\n","protected":false},"author":2,"featured_media":724701,"comment_status":"closed","ping_status":"closed","sticky":false,"template":"","format":"standard","meta":{"om_disable_all_campaigns":false,"_monsterinsights_skip_tracking":false,"_monsterinsights_sitenote_active":false,"_monsterinsights_sitenote_note":"","_monsterinsights_sitenote_category":0},"categories":[1],"tags":[],"aioseo_notices":[],"gutentor_comment":0,"rttpg_featured_image_url":{"full":["https:\/\/arantv.az\/wp-content\/uploads\/2024\/05\/4edaa105171654446847497585410581260.jpg",975,540,false],"landscape":["https:\/\/arantv.az\/wp-content\/uploads\/2024\/05\/4edaa105171654446847497585410581260.jpg",975,540,false],"portraits":["https:\/\/arantv.az\/wp-content\/uploads\/2024\/05\/4edaa105171654446847497585410581260.jpg",975,540,false],"thumbnail":["https:\/\/arantv.az\/wp-content\/uploads\/2024\/05\/4edaa105171654446847497585410581260-500x280.jpg",500,280,true],"medium":["https:\/\/arantv.az\/wp-content\/uploads\/2024\/05\/4edaa105171654446847497585410581260-660x365.jpg",660,365,true],"large":["https:\/\/arantv.az\/wp-content\/uploads\/2024\/05\/4edaa105171654446847497585410581260-840x465.jpg",640,354,true],"1536x1536":["https:\/\/arantv.az\/wp-content\/uploads\/2024\/05\/4edaa105171654446847497585410581260.jpg",975,540,false],"2048x2048":["https:\/\/arantv.az\/wp-content\/uploads\/2024\/05\/4edaa105171654446847497585410581260.jpg",975,540,false],"post-thumbnail":["https:\/\/arantv.az\/wp-content\/uploads\/2024\/05\/4edaa105171654446847497585410581260-240x172.jpg",240,172,true],"advps-thumb-one":["https:\/\/arantv.az\/wp-content\/uploads\/2024\/05\/4edaa105171654446847497585410581260.jpg",975,540,false]},"rttpg_author":{"display_name":"V\u00fcsal Rafiqo\u011flu","author_link":"https:\/\/arantv.az\/?author=2"},"rttpg_comment":0,"rttpg_category":"<a href=\"https:\/\/arantv.az\/?cat=1\" rel=\"category\">C\u0259miyy\u0259t<\/a>","rttpg_excerpt":"Birinci Qaraba\u011f m\u00fcharib\u0259sind\u0259 itkin d\u00fc\u015fd\u00fcy\u00fc ehtimal olunan, 30 il sonra d\u0259fn yeri v\u0259 kimliyi m\u00fc\u0259yy\u0259n edil\u0259n Seyidov Vur\u011fun \u018flam\u0259t o\u011flunun qal\u0131qlar\u0131 A\u011fsu rayonunun Kalva k\u0259ndin\u0259 g\u0259tirilib. ARANTV.AZ x\u0259b\u0259r verir ki,\u00a0Kalva k\u0259ndind\u0259 \u015f\u0259hidl\u0259 vida m\u0259rasimi ke\u00e7irilib. Vida m\u0259rasimind\u0259 \u015f\u0259hidin ail\u0259 \u00fczvl\u0259ri, k\u0259nd sakinl\u0259ri, qazil\u0259r, rayon \u0130cra Hakimiyy\u0259tinin, h\u00fcquq-m\u00fchafiz\u0259 orqanlar\u0131n\u0131n \u0259m\u0259kda\u015flar\u0131, ictimaiyy\u0259t n\u00fcmay\u0259nd\u0259l\u0259ri i\u015ftirak edibl\u0259r. Daha sonra&hellip;","_links":{"self":[{"href":"https:\/\/arantv.az\/index.php?rest_route=\/wp\/v2\/posts\/724700"}],"collection":[{"href":"https:\/\/arantv.az\/index.php?rest_route=\/wp\/v2\/posts"}],"about":[{"href":"https:\/\/arantv.az\/index.php?rest_route=\/wp\/v2\/types\/post"}],"author":[{"embeddable":true,"href":"https:\/\/arantv.az\/index.php?rest_route=\/wp\/v2\/users\/2"}],"replies":[{"embeddable":true,"href":"https:\/\/arantv.az\/index.php?rest_route=%2Fwp%2Fv2%2Fcomments&post=724700"}],"version-history":[{"count":0,"href":"https:\/\/arantv.az\/index.php?rest_route=\/wp\/v2\/posts\/724700\/revisions"}],"wp:featuredmedia":[{"embeddable":true,"href":"https:\/\/arantv.az\/index.php?rest_route=\/wp\/v2\/media\/724701"}],"wp:attachment":[{"href":"https:\/\/arantv.az\/index.php?rest_route=%2Fwp%2Fv2%2Fmedia&parent=724700"}],"wp:term":[{"taxonomy":"category","embeddable":true,"href":"https:\/\/arantv.az\/index.php?rest_route=%2Fwp%2Fv2%2Fcategories&post=724700"},{"taxonomy":"post_tag","embeddable":true,"href":"https:\/\/arantv.az\/index.php?rest_route=%2Fwp%2Fv2%2Ftags&post=724700"}],"curies":[{"name":"wp","href":"https:\/\/api.w.org\/{rel}","templated":true}]}}