{"id":724728,"date":"2024-05-24T15:04:40","date_gmt":"2024-05-24T11:04:40","guid":{"rendered":"https:\/\/arantv.az\/?p=724728"},"modified":"2024-05-24T15:04:40","modified_gmt":"2024-05-24T11:04:40","slug":"azad-edilmis-rayonlarda-yeni-yaradilmis-is-yerl%c9%99rinin-sayi-aciqlandi","status":"publish","type":"post","link":"https:\/\/arantv.az\/?p=724728","title":{"rendered":"Azad edilmi\u015f rayonlarda yeni yarad\u0131lm\u0131\u015f i\u015f yerl\u0259rinin say\u0131 a\u00e7\u0131qland\u0131"},"content":{"rendered":"<div class=\"post-detail-content-inner resize-area\">\n<p>2024-c\u00fc ilin I r\u00fcb\u00fcnd\u0259 i\u015f\u011faldan azad edilmi\u015f rayonlarda 292 yeni i\u015f yeri yarad\u0131l\u0131b.<\/p>\n<p><strong>ARANTV.AZ<\/strong>-\u0131n D\u00f6vl\u0259t Statistika Komit\u0259sinin hesabat\u0131 \u0259sas\u0131nda apard\u0131\u011f\u0131 hesablamalara g\u00f6r\u0259, bu g\u00f6st\u0259ricinin h\u0259cmi \u00f6t\u0259n ilin m\u00fcvafiq d\u00f6vr\u00fc il\u0259 m\u00fcqayis\u0259d\u0259 2,9 d\u0259f\u0259 art\u0131b. Bel\u0259 ki, 2023-ci il I r\u00fcb\u00fcnd\u0259 i\u015f\u011faldan azad edilmi\u015f rayonlarda 101 yeni i\u015f yerl\u0259ri yarad\u0131l\u0131b.<\/p>\n<p>Qeyd ed\u0259k ki, cari ilin yanvar-mart aylar\u0131 \u0259rzind\u0259 \u0259n \u00e7ox yeni i\u015f yeri La\u00e7\u0131n v\u0259 C\u0259bray\u0131lda yarad\u0131l\u0131b. Bel\u0259 ki, hesabat d\u00f6vr\u00fcnd\u0259 La\u00e7\u0131nda 152, C\u0259bray\u0131lda is\u0259 32 yeni i\u015f yerl\u0259ri yarad\u0131l\u0131b.<\/p>\n<p>Xat\u0131rladaq ki, hesabat d\u00f6vr\u00fcnd\u0259 azad edilmi\u015f rayonlarda 54 yeni m\u00fc\u0259ssis\u0259 v\u0259 t\u0259\u015fkilat yarad\u0131l\u0131b.<\/p>\n<p>A\u015fa\u011f\u0131dak\u0131 c\u0259dv\u0259ld\u0259 2023-ci ilin I r\u00fcb\u00fcnd\u0259 v\u0259 2024-c\u00fc ilin I r\u00fcb\u00fcnd\u0259 yeni yarad\u0131lm\u0131\u015f i\u015f yerl\u0259rinin say\u0131 verilib:<\/p>\n<p><img loading=\"lazy\" class=\"inner-photo\" src=\"https:\/\/images.oxu.az\/2024\/05\/24\/PDX7N4Umw5Cp4b1s9g3oNx3cQVItCVa0GCoOzJh2:640.jpg\" alt=\"\" width=\"640\" height=\"428\" \/><\/p>\n<\/div>\n<div class=\"tag-area tag-area--slider\">\n<div class=\"swiper swiper-initialized swiper-horizontal swiper-pointer-events swiper-free-mode swiper-watch-progress swiper-backface-hidden\">\n<div id=\"swiper-wrapper-b845c3fd1106a926a\" class=\"swiper-wrapper\" aria-live=\"polite\">\n<div class=\"swiper-slide swiper-slide-visible swiper-slide-active\" role=\"group\" aria-label=\"1 \/ 2\">\n<div class=\"tag-item\"><\/div>\n<\/div>\n<\/div>\n<\/div>\n<\/div>\n","protected":false},"excerpt":{"rendered":"<p>2024-c\u00fc ilin I r\u00fcb\u00fcnd\u0259 i\u015f\u011faldan azad edilmi\u015f rayonlarda 292 yeni i\u015f yeri yarad\u0131l\u0131b. ARANTV.AZ-\u0131n D\u00f6vl\u0259t Statistika Komit\u0259sinin hesabat\u0131 \u0259sas\u0131nda apard\u0131\u011f\u0131 hesablamalara g\u00f6r\u0259, bu g\u00f6st\u0259ricinin h\u0259cmi \u00f6t\u0259n ilin m\u00fcvafiq d\u00f6vr\u00fc il\u0259 m\u00fcqayis\u0259d\u0259 2,9 d\u0259f\u0259 art\u0131b. Bel\u0259 ki, 2023-ci il I r\u00fcb\u00fcnd\u0259 i\u015f\u011faldan azad edilmi\u015f rayonlarda 101 yeni i\u015f yerl\u0259ri yarad\u0131l\u0131b. Qeyd ed\u0259k ki, cari ilin yanvar-mart aylar\u0131 \u0259rzind\u0259 \u0259n \u00e7ox yeni i\u015f yeri La\u00e7\u0131n v\u0259 C\u0259bray\u0131lda yarad\u0131l\u0131b. Bel\u0259 ki, hesabat d\u00f6vr\u00fcnd\u0259 La\u00e7\u0131nda 152, C\u0259bray\u0131lda is\u0259 32 yeni i\u015f yerl\u0259ri yarad\u0131l\u0131b. Xat\u0131rladaq ki, hesabat d\u00f6vr\u00fcnd\u0259 azad edilmi\u015f rayonlarda 54 yeni m\u00fc\u0259ssis\u0259 v\u0259&hellip;<\/p>\n","protected":false},"author":2,"featured_media":724729,"comment_status":"closed","ping_status":"closed","sticky":false,"template":"","format":"standard","meta":{"om_disable_all_campaigns":false,"_monsterinsights_skip_tracking":false,"_monsterinsights_sitenote_active":false,"_monsterinsights_sitenote_note":"","_monsterinsights_sitenote_category":0},"categories":[1],"tags":[],"aioseo_notices":[],"gutentor_comment":0,"rttpg_featured_image_url":{"full":["https:\/\/arantv.az\/wp-content\/uploads\/2024\/05\/20ef511b42-Isgaldan-azad-olunan-erazilerde-yol-neqliyyat-infrastrukturu-ugurla-reallasdirilir.jpg",700,497,false],"landscape":["https:\/\/arantv.az\/wp-content\/uploads\/2024\/05\/20ef511b42-Isgaldan-azad-olunan-erazilerde-yol-neqliyyat-infrastrukturu-ugurla-reallasdirilir.jpg",700,497,false],"portraits":["https:\/\/arantv.az\/wp-content\/uploads\/2024\/05\/20ef511b42-Isgaldan-azad-olunan-erazilerde-yol-neqliyyat-infrastrukturu-ugurla-reallasdirilir.jpg",700,497,false],"thumbnail":["https:\/\/arantv.az\/wp-content\/uploads\/2024\/05\/20ef511b42-Isgaldan-azad-olunan-erazilerde-yol-neqliyyat-infrastrukturu-ugurla-reallasdirilir-500x280.jpg",500,280,true],"medium":["https:\/\/arantv.az\/wp-content\/uploads\/2024\/05\/20ef511b42-Isgaldan-azad-olunan-erazilerde-yol-neqliyyat-infrastrukturu-ugurla-reallasdirilir-514x365.jpg",514,365,true],"large":["https:\/\/arantv.az\/wp-content\/uploads\/2024\/05\/20ef511b42-Isgaldan-azad-olunan-erazilerde-yol-neqliyyat-infrastrukturu-ugurla-reallasdirilir.jpg",640,454,false],"1536x1536":["https:\/\/arantv.az\/wp-content\/uploads\/2024\/05\/20ef511b42-Isgaldan-azad-olunan-erazilerde-yol-neqliyyat-infrastrukturu-ugurla-reallasdirilir.jpg",700,497,false],"2048x2048":["https:\/\/arantv.az\/wp-content\/uploads\/2024\/05\/20ef511b42-Isgaldan-azad-olunan-erazilerde-yol-neqliyyat-infrastrukturu-ugurla-reallasdirilir.jpg",700,497,false],"post-thumbnail":["https:\/\/arantv.az\/wp-content\/uploads\/2024\/05\/20ef511b42-Isgaldan-azad-olunan-erazilerde-yol-neqliyyat-infrastrukturu-ugurla-reallasdirilir-240x172.jpg",240,172,true],"advps-thumb-one":["https:\/\/arantv.az\/wp-content\/uploads\/2024\/05\/20ef511b42-Isgaldan-azad-olunan-erazilerde-yol-neqliyyat-infrastrukturu-ugurla-reallasdirilir.jpg",700,497,false]},"rttpg_author":{"display_name":"V\u00fcsal Rafiqo\u011flu","author_link":"https:\/\/arantv.az\/?author=2"},"rttpg_comment":0,"rttpg_category":"<a href=\"https:\/\/arantv.az\/?cat=1\" rel=\"category\">C\u0259miyy\u0259t<\/a>","rttpg_excerpt":"2024-c\u00fc ilin I r\u00fcb\u00fcnd\u0259 i\u015f\u011faldan azad edilmi\u015f rayonlarda 292 yeni i\u015f yeri yarad\u0131l\u0131b. ARANTV.AZ-\u0131n D\u00f6vl\u0259t Statistika Komit\u0259sinin hesabat\u0131 \u0259sas\u0131nda apard\u0131\u011f\u0131 hesablamalara g\u00f6r\u0259, bu g\u00f6st\u0259ricinin h\u0259cmi \u00f6t\u0259n ilin m\u00fcvafiq d\u00f6vr\u00fc il\u0259 m\u00fcqayis\u0259d\u0259 2,9 d\u0259f\u0259 art\u0131b. Bel\u0259 ki, 2023-ci il I r\u00fcb\u00fcnd\u0259 i\u015f\u011faldan azad edilmi\u015f rayonlarda 101 yeni i\u015f yerl\u0259ri yarad\u0131l\u0131b. Qeyd ed\u0259k ki, cari ilin yanvar-mart&hellip;","_links":{"self":[{"href":"https:\/\/arantv.az\/index.php?rest_route=\/wp\/v2\/posts\/724728"}],"collection":[{"href":"https:\/\/arantv.az\/index.php?rest_route=\/wp\/v2\/posts"}],"about":[{"href":"https:\/\/arantv.az\/index.php?rest_route=\/wp\/v2\/types\/post"}],"author":[{"embeddable":true,"href":"https:\/\/arantv.az\/index.php?rest_route=\/wp\/v2\/users\/2"}],"replies":[{"embeddable":true,"href":"https:\/\/arantv.az\/index.php?rest_route=%2Fwp%2Fv2%2Fcomments&post=724728"}],"version-history":[{"count":0,"href":"https:\/\/arantv.az\/index.php?rest_route=\/wp\/v2\/posts\/724728\/revisions"}],"wp:featuredmedia":[{"embeddable":true,"href":"https:\/\/arantv.az\/index.php?rest_route=\/wp\/v2\/media\/724729"}],"wp:attachment":[{"href":"https:\/\/arantv.az\/index.php?rest_route=%2Fwp%2Fv2%2Fmedia&parent=724728"}],"wp:term":[{"taxonomy":"category","embeddable":true,"href":"https:\/\/arantv.az\/index.php?rest_route=%2Fwp%2Fv2%2Fcategories&post=724728"},{"taxonomy":"post_tag","embeddable":true,"href":"https:\/\/arantv.az\/index.php?rest_route=%2Fwp%2Fv2%2Ftags&post=724728"}],"curies":[{"name":"wp","href":"https:\/\/api.w.org\/{rel}","templated":true}]}}