{"id":724765,"date":"2024-05-24T19:57:18","date_gmt":"2024-05-24T15:57:18","guid":{"rendered":"https:\/\/arantv.az\/?p=724765"},"modified":"2024-05-24T19:57:18","modified_gmt":"2024-05-24T15:57:18","slug":"pasinyan-mdb-olk%c9%99l%c9%99rinin-bas-nazirl%c9%99rinin-asqabaddaki-gorusun%c9%99-qatilmadi","status":"publish","type":"post","link":"https:\/\/arantv.az\/?p=724765","title":{"rendered":"Pa\u015finyan MDB \u00f6lk\u0259l\u0259rinin ba\u015f nazirl\u0259rinin A\u015fqabaddak\u0131 g\u00f6r\u00fc\u015f\u00fcn\u0259 qat\u0131lmad\u0131"},"content":{"rendered":"<p>Erm\u0259nistan\u0131n ba\u015f naziri Nikol Pa\u015finyan MDB \u00f6lk\u0259l\u0259rinin h\u00f6kum\u0259t ba\u015f\u00e7\u0131lar\u0131 \u015euras\u0131n\u0131n iclas\u0131 \u00fc\u00e7\u00fcn A\u015fqabada g\u0259lm\u0259yib.<\/p>\n<p>\u0130clasda Erm\u0259nistan ad\u0131ndan respublikan\u0131n M\u00fcst\u0259qil D\u00f6vl\u0259tl\u0259r Birliyinin qanuni v\u0259 dig\u0259r orqanlar\u0131 yan\u0131nda daimi s\u0259lahiyy\u0259tli n\u00fcmay\u0259nd\u0259si, Erm\u0259nistan\u0131n Belarusdak\u0131 f\u00f6vq\u0259lad\u0259 v\u0259 s\u0259lahiyy\u0259tli s\u0259firi Razmik Xumaryan i\u015ftirak edib.<\/p>\n<p>\u0130r\u0259van son vaxtlar b\u0259zi inteqrasiya formatlar\u0131nda g\u00f6r\u00fc\u015fl\u0259r\u0259 qat\u0131lm\u0131r. Bel\u0259 ki, Pa\u015finyan Kollektiv T\u0259hl\u00fck\u0259sizlik M\u00fcqavil\u0259si T\u0259\u015fkilat\u0131n\u0131n b\u0259zi sammitl\u0259rind\u0259 d\u0259 i\u015ftirak etm\u0259yib.<\/p>\n<p>M\u0259nb\u0259: TASS<\/p>\n","protected":false},"excerpt":{"rendered":"<p>Erm\u0259nistan\u0131n ba\u015f naziri Nikol Pa\u015finyan MDB \u00f6lk\u0259l\u0259rinin h\u00f6kum\u0259t ba\u015f\u00e7\u0131lar\u0131 \u015euras\u0131n\u0131n iclas\u0131 \u00fc\u00e7\u00fcn A\u015fqabada g\u0259lm\u0259yib. \u0130clasda Erm\u0259nistan ad\u0131ndan respublikan\u0131n M\u00fcst\u0259qil D\u00f6vl\u0259tl\u0259r Birliyinin qanuni v\u0259 dig\u0259r orqanlar\u0131 yan\u0131nda daimi s\u0259lahiyy\u0259tli n\u00fcmay\u0259nd\u0259si, Erm\u0259nistan\u0131n Belarusdak\u0131 f\u00f6vq\u0259lad\u0259 v\u0259 s\u0259lahiyy\u0259tli s\u0259firi Razmik Xumaryan i\u015ftirak edib. \u0130r\u0259van son vaxtlar b\u0259zi inteqrasiya formatlar\u0131nda g\u00f6r\u00fc\u015fl\u0259r\u0259 qat\u0131lm\u0131r. Bel\u0259 ki, Pa\u015finyan Kollektiv T\u0259hl\u00fck\u0259sizlik M\u00fcqavil\u0259si T\u0259\u015fkilat\u0131n\u0131n b\u0259zi sammitl\u0259rind\u0259 d\u0259 i\u015ftirak etm\u0259yib. M\u0259nb\u0259: TASS<\/p>\n","protected":false},"author":2,"featured_media":724766,"comment_status":"closed","ping_status":"closed","sticky":false,"template":"","format":"standard","meta":{"om_disable_all_campaigns":false,"_monsterinsights_skip_tracking":false,"_monsterinsights_sitenote_active":false,"_monsterinsights_sitenote_note":"","_monsterinsights_sitenote_category":0},"categories":[7],"tags":[],"aioseo_notices":[],"gutentor_comment":0,"rttpg_featured_image_url":{"full":["https:\/\/arantv.az\/wp-content\/uploads\/2024\/05\/pasinyan5.jpg",620,349,false],"landscape":["https:\/\/arantv.az\/wp-content\/uploads\/2024\/05\/pasinyan5.jpg",620,349,false],"portraits":["https:\/\/arantv.az\/wp-content\/uploads\/2024\/05\/pasinyan5.jpg",620,349,false],"thumbnail":["https:\/\/arantv.az\/wp-content\/uploads\/2024\/05\/pasinyan5-500x280.jpg",500,280,true],"medium":["https:\/\/arantv.az\/wp-content\/uploads\/2024\/05\/pasinyan5.jpg",620,349,false],"large":["https:\/\/arantv.az\/wp-content\/uploads\/2024\/05\/pasinyan5.jpg",620,349,false],"1536x1536":["https:\/\/arantv.az\/wp-content\/uploads\/2024\/05\/pasinyan5.jpg",620,349,false],"2048x2048":["https:\/\/arantv.az\/wp-content\/uploads\/2024\/05\/pasinyan5.jpg",620,349,false],"post-thumbnail":["https:\/\/arantv.az\/wp-content\/uploads\/2024\/05\/pasinyan5-240x172.jpg",240,172,true],"advps-thumb-one":["https:\/\/arantv.az\/wp-content\/uploads\/2024\/05\/pasinyan5.jpg",620,349,false]},"rttpg_author":{"display_name":"V\u00fcsal Rafiqo\u011flu","author_link":"https:\/\/arantv.az\/?author=2"},"rttpg_comment":0,"rttpg_category":"<a href=\"https:\/\/arantv.az\/?cat=7\" rel=\"category\">D\u00fcnya<\/a>","rttpg_excerpt":"Erm\u0259nistan\u0131n ba\u015f naziri Nikol Pa\u015finyan MDB \u00f6lk\u0259l\u0259rinin h\u00f6kum\u0259t ba\u015f\u00e7\u0131lar\u0131 \u015euras\u0131n\u0131n iclas\u0131 \u00fc\u00e7\u00fcn A\u015fqabada g\u0259lm\u0259yib. \u0130clasda Erm\u0259nistan ad\u0131ndan respublikan\u0131n M\u00fcst\u0259qil D\u00f6vl\u0259tl\u0259r Birliyinin qanuni v\u0259 dig\u0259r orqanlar\u0131 yan\u0131nda daimi s\u0259lahiyy\u0259tli n\u00fcmay\u0259nd\u0259si, Erm\u0259nistan\u0131n Belarusdak\u0131 f\u00f6vq\u0259lad\u0259 v\u0259 s\u0259lahiyy\u0259tli s\u0259firi Razmik Xumaryan i\u015ftirak edib. \u0130r\u0259van son vaxtlar b\u0259zi inteqrasiya formatlar\u0131nda g\u00f6r\u00fc\u015fl\u0259r\u0259 qat\u0131lm\u0131r. Bel\u0259 ki, Pa\u015finyan Kollektiv T\u0259hl\u00fck\u0259sizlik M\u00fcqavil\u0259si T\u0259\u015fkilat\u0131n\u0131n b\u0259zi&hellip;","_links":{"self":[{"href":"https:\/\/arantv.az\/index.php?rest_route=\/wp\/v2\/posts\/724765"}],"collection":[{"href":"https:\/\/arantv.az\/index.php?rest_route=\/wp\/v2\/posts"}],"about":[{"href":"https:\/\/arantv.az\/index.php?rest_route=\/wp\/v2\/types\/post"}],"author":[{"embeddable":true,"href":"https:\/\/arantv.az\/index.php?rest_route=\/wp\/v2\/users\/2"}],"replies":[{"embeddable":true,"href":"https:\/\/arantv.az\/index.php?rest_route=%2Fwp%2Fv2%2Fcomments&post=724765"}],"version-history":[{"count":0,"href":"https:\/\/arantv.az\/index.php?rest_route=\/wp\/v2\/posts\/724765\/revisions"}],"wp:featuredmedia":[{"embeddable":true,"href":"https:\/\/arantv.az\/index.php?rest_route=\/wp\/v2\/media\/724766"}],"wp:attachment":[{"href":"https:\/\/arantv.az\/index.php?rest_route=%2Fwp%2Fv2%2Fmedia&parent=724765"}],"wp:term":[{"taxonomy":"category","embeddable":true,"href":"https:\/\/arantv.az\/index.php?rest_route=%2Fwp%2Fv2%2Fcategories&post=724765"},{"taxonomy":"post_tag","embeddable":true,"href":"https:\/\/arantv.az\/index.php?rest_route=%2Fwp%2Fv2%2Ftags&post=724765"}],"curies":[{"name":"wp","href":"https:\/\/api.w.org\/{rel}","templated":true}]}}