{"id":724777,"date":"2024-05-24T20:09:32","date_gmt":"2024-05-24T16:09:32","guid":{"rendered":"https:\/\/arantv.az\/?p=724777"},"modified":"2024-05-24T20:09:32","modified_gmt":"2024-05-24T16:09:32","slug":"g%c9%99l%c9%99n-h%c9%99ft%c9%99d%c9%99n-olk%c9%99d%c9%99-havanin-temperaturu-yuks%c9%99l%c9%99c%c9%99","status":"publish","type":"post","link":"https:\/\/arantv.az\/?p=724777","title":{"rendered":"G\u0259l\u0259n h\u0259ft\u0259d\u0259n \u00f6lk\u0259d\u0259 havan\u0131n temperaturu y\u00fcks\u0259l\u0259c\u0259"},"content":{"rendered":"<p>&#8220;G\u0259l\u0259n h\u0259ft\u0259d\u0259n etibar\u0259n \u00f6lk\u0259 \u0259razisind\u0259 havan\u0131n temperaturu y\u00fcks\u0259l\u0259c\u0259k&#8221;.<\/p>\n<p>Bunu &#8220;Report&#8221;a a\u00e7\u0131qlamas\u0131nda Milli Hidrometeorologiya Xidm\u0259tinin Proqnozlar B\u00fcrosunun direktoru G\u00fcl\u015fad M\u0259mm\u0259dova deyib.<\/p>\n<p>Onun s\u00f6zl\u0259rin\u0259 g\u00f6r\u0259, h\u0259r il oldu\u011fu kimi, bu il d\u0259 yay \u0259rzind\u0259 isti d\u00f6vrl\u0259rin m\u00fc\u015fahid\u0259 olunmas\u0131 g\u00f6zl\u0259nilir.<\/p>\n<p>&#8220;Bu, Az\u0259rbaycan\u0131n iqlimin\u0259 xas olan x\u00fcsusiyy\u0259tdir. 40 d\u0259r\u0259c\u0259d\u0259n y\u00fcks\u0259k temperatur ad\u0259t\u0259n respublikan\u0131n Aran rayonlar\u0131nda, Nax\u00e7\u0131van MR-da dem\u0259k olar ki h\u0259r il qeyd\u0259 al\u0131n\u0131r. Ab\u015feron yar\u0131madas\u0131nda da son ill\u0259r bir nec\u0259 g\u00fcn \u0259rzind\u0259 havan\u0131n temperaturu 40 d\u0259r\u0259c\u0259 \u0259traf\u0131nda olub, bu Ab\u015feron yar\u0131madas\u0131 \u00fc\u00e7\u00fcn xarakterikdir. 2022-2023-c\u00fc ill\u0259rd\u0259 havan\u0131n maksimal temperaturu Bak\u0131da v\u0259 Ab\u015feron yar\u0131madas\u0131nda 41, Nax\u00e7\u0131van MR v\u0259 Aran rayonlar\u0131nda is\u0259 43 d\u0259r\u0259c\u0259y\u0259d\u0259k isti qeyd\u0259 al\u0131n\u0131b&#8221;, &#8211; G.M\u0259mm\u0259dova qeyd edib.<\/p>\n<p>O bildirib ki, haz\u0131rda davam ed\u0259n qeyri-sabit havalar\u0131n g\u0259l\u0259n h\u0259ft\u0259d\u0259n etibar\u0259n, daha m\u00fclayim v\u0259 sabit olaca\u011f\u0131, temperaturun t\u0259dric\u0259n artaca\u011f\u0131 g\u00f6zl\u0259nilir:<\/p>\n<p>&#8220;Hava \u015f\u0259raiti il\u0259 ba\u011fl\u0131 m\u0259lumatlar h\u0259r g\u00fcn meteo.az sayt\u0131nda yerl\u0259\u015fdirilir&#8221;.<\/p>\n","protected":false},"excerpt":{"rendered":"<p>&#8220;G\u0259l\u0259n h\u0259ft\u0259d\u0259n etibar\u0259n \u00f6lk\u0259 \u0259razisind\u0259 havan\u0131n temperaturu y\u00fcks\u0259l\u0259c\u0259k&#8221;. Bunu &#8220;Report&#8221;a a\u00e7\u0131qlamas\u0131nda Milli Hidrometeorologiya Xidm\u0259tinin Proqnozlar B\u00fcrosunun direktoru G\u00fcl\u015fad M\u0259mm\u0259dova deyib. Onun s\u00f6zl\u0259rin\u0259 g\u00f6r\u0259, h\u0259r il oldu\u011fu kimi, bu il d\u0259 yay \u0259rzind\u0259 isti d\u00f6vrl\u0259rin m\u00fc\u015fahid\u0259 olunmas\u0131 g\u00f6zl\u0259nilir. &#8220;Bu, Az\u0259rbaycan\u0131n iqlimin\u0259 xas olan x\u00fcsusiyy\u0259tdir. 40 d\u0259r\u0259c\u0259d\u0259n y\u00fcks\u0259k temperatur ad\u0259t\u0259n respublikan\u0131n Aran rayonlar\u0131nda, Nax\u00e7\u0131van MR-da dem\u0259k olar ki h\u0259r il qeyd\u0259 al\u0131n\u0131r. Ab\u015feron yar\u0131madas\u0131nda da son ill\u0259r bir nec\u0259 g\u00fcn \u0259rzind\u0259 havan\u0131n temperaturu 40 d\u0259r\u0259c\u0259 \u0259traf\u0131nda olub, bu Ab\u015feron yar\u0131madas\u0131 \u00fc\u00e7\u00fcn xarakterikdir. 2022-2023-c\u00fc ill\u0259rd\u0259 havan\u0131n maksimal temperaturu Bak\u0131da v\u0259 Ab\u015feron yar\u0131madas\u0131nda 41,&hellip;<\/p>\n","protected":false},"author":2,"featured_media":724778,"comment_status":"closed","ping_status":"closed","sticky":false,"template":"","format":"standard","meta":{"om_disable_all_campaigns":false,"_monsterinsights_skip_tracking":false,"_monsterinsights_sitenote_active":false,"_monsterinsights_sitenote_note":"","_monsterinsights_sitenote_category":0},"categories":[1],"tags":[],"aioseo_notices":[],"gutentor_comment":0,"rttpg_featured_image_url":{"full":["https:\/\/arantv.az\/wp-content\/uploads\/2024\/05\/gunesli_hava_00256.jpg",600,450,false],"landscape":["https:\/\/arantv.az\/wp-content\/uploads\/2024\/05\/gunesli_hava_00256.jpg",600,450,false],"portraits":["https:\/\/arantv.az\/wp-content\/uploads\/2024\/05\/gunesli_hava_00256.jpg",600,450,false],"thumbnail":["https:\/\/arantv.az\/wp-content\/uploads\/2024\/05\/gunesli_hava_00256-500x280.jpg",500,280,true],"medium":["https:\/\/arantv.az\/wp-content\/uploads\/2024\/05\/gunesli_hava_00256-487x365.jpg",487,365,true],"large":["https:\/\/arantv.az\/wp-content\/uploads\/2024\/05\/gunesli_hava_00256.jpg",600,450,false],"1536x1536":["https:\/\/arantv.az\/wp-content\/uploads\/2024\/05\/gunesli_hava_00256.jpg",600,450,false],"2048x2048":["https:\/\/arantv.az\/wp-content\/uploads\/2024\/05\/gunesli_hava_00256.jpg",600,450,false],"post-thumbnail":["https:\/\/arantv.az\/wp-content\/uploads\/2024\/05\/gunesli_hava_00256-240x172.jpg",240,172,true],"advps-thumb-one":["https:\/\/arantv.az\/wp-content\/uploads\/2024\/05\/gunesli_hava_00256.jpg",600,450,false]},"rttpg_author":{"display_name":"V\u00fcsal Rafiqo\u011flu","author_link":"https:\/\/arantv.az\/?author=2"},"rttpg_comment":0,"rttpg_category":"<a href=\"https:\/\/arantv.az\/?cat=1\" rel=\"category\">C\u0259miyy\u0259t<\/a>","rttpg_excerpt":"&#8220;G\u0259l\u0259n h\u0259ft\u0259d\u0259n etibar\u0259n \u00f6lk\u0259 \u0259razisind\u0259 havan\u0131n temperaturu y\u00fcks\u0259l\u0259c\u0259k&#8221;. Bunu &#8220;Report&#8221;a a\u00e7\u0131qlamas\u0131nda Milli Hidrometeorologiya Xidm\u0259tinin Proqnozlar B\u00fcrosunun direktoru G\u00fcl\u015fad M\u0259mm\u0259dova deyib. Onun s\u00f6zl\u0259rin\u0259 g\u00f6r\u0259, h\u0259r il oldu\u011fu kimi, bu il d\u0259 yay \u0259rzind\u0259 isti d\u00f6vrl\u0259rin m\u00fc\u015fahid\u0259 olunmas\u0131 g\u00f6zl\u0259nilir. &#8220;Bu, Az\u0259rbaycan\u0131n iqlimin\u0259 xas olan x\u00fcsusiyy\u0259tdir. 40 d\u0259r\u0259c\u0259d\u0259n y\u00fcks\u0259k temperatur ad\u0259t\u0259n respublikan\u0131n Aran rayonlar\u0131nda, Nax\u00e7\u0131van MR-da dem\u0259k olar&hellip;","_links":{"self":[{"href":"https:\/\/arantv.az\/index.php?rest_route=\/wp\/v2\/posts\/724777"}],"collection":[{"href":"https:\/\/arantv.az\/index.php?rest_route=\/wp\/v2\/posts"}],"about":[{"href":"https:\/\/arantv.az\/index.php?rest_route=\/wp\/v2\/types\/post"}],"author":[{"embeddable":true,"href":"https:\/\/arantv.az\/index.php?rest_route=\/wp\/v2\/users\/2"}],"replies":[{"embeddable":true,"href":"https:\/\/arantv.az\/index.php?rest_route=%2Fwp%2Fv2%2Fcomments&post=724777"}],"version-history":[{"count":0,"href":"https:\/\/arantv.az\/index.php?rest_route=\/wp\/v2\/posts\/724777\/revisions"}],"wp:featuredmedia":[{"embeddable":true,"href":"https:\/\/arantv.az\/index.php?rest_route=\/wp\/v2\/media\/724778"}],"wp:attachment":[{"href":"https:\/\/arantv.az\/index.php?rest_route=%2Fwp%2Fv2%2Fmedia&parent=724777"}],"wp:term":[{"taxonomy":"category","embeddable":true,"href":"https:\/\/arantv.az\/index.php?rest_route=%2Fwp%2Fv2%2Fcategories&post=724777"},{"taxonomy":"post_tag","embeddable":true,"href":"https:\/\/arantv.az\/index.php?rest_route=%2Fwp%2Fv2%2Ftags&post=724777"}],"curies":[{"name":"wp","href":"https:\/\/api.w.org\/{rel}","templated":true}]}}