{"id":724780,"date":"2024-05-24T20:11:14","date_gmt":"2024-05-24T16:11:14","guid":{"rendered":"https:\/\/arantv.az\/?p=724780"},"modified":"2024-05-24T20:11:14","modified_gmt":"2024-05-24T16:11:14","slug":"leysan-qar-kul%c9%99k-gozl%c9%99nilir-x%c9%99b%c9%99rdarliq","status":"publish","type":"post","link":"https:\/\/arantv.az\/?p=724780","title":{"rendered":"Leysan, qar, k\u00fcl\u0259k g\u00f6zl\u0259nilir &#8211; X\u018fB\u018fRDARLIQ"},"content":{"rendered":"<p>Bak\u0131da v\u0259 Ab\u015feron yar\u0131madas\u0131nda may\u0131n 25-i g\u00fcn\u00fcn birinci yar\u0131s\u0131nda, 26-s\u0131 ax\u015fam arabir ya\u011f\u0131\u015f ya\u011faca\u011f\u0131 g\u00f6zl\u0259nilir. Yar\u0131madan\u0131n b\u0259zi yerl\u0259rind\u0259 intensivl\u0259\u015f\u0259c\u0259yi ehtimal\u0131 var.<\/p>\n<p><strong>ARANTV.AZ <\/strong>\u00a0bildirir ki, bu bar\u0259d\u0259 Milli Hidrometeorologiya Xidm\u0259ti m\u0259lumat yay\u0131b.<\/p>\n<p>Qeyd olunub ki, Az\u0259rbaycan\u0131n rayonlar\u0131nda may\u0131n 24-\u00fc g\u00fcnd\u00fczd\u0259n 27-d\u0259k b\u0259zi yerl\u0259rd\u0259 arabir ya\u011f\u0131nt\u0131l\u0131 olaca\u011f\u0131 g\u00f6zl\u0259nilir. Ayr\u0131-ayr\u0131 yerl\u0259rd\u0259 (Nax\u00e7\u0131van MR, Qaraba\u011f v\u0259 \u015e\u0259rqi Z\u0259ng\u0259zur, Qazax-G\u0259nc\u0259, Balak\u0259n-\u015e\u0259ki, Quba-Qusar, Da\u011fl\u0131q \u015eirvan, M\u0259rk\u0259zi Aran, L\u0259nk\u0259ran-Astara) ya\u011f\u0131nt\u0131lar\u0131n leysan xarakterli intensiv olaca\u011f\u0131, \u015fim\u015f\u0259k \u00e7axaca\u011f\u0131, dolu d\u00fc\u015f\u0259c\u0259yi, da\u011fl\u0131q \u0259razil\u0259rd\u0259 qar ya\u011faca\u011f\u0131 ehtimal\u0131 var.<\/p>\n<p>May\u0131n 25-d\u0259n 26-s\u0131 g\u00fcnd\u00fcz\u0259d\u0259k \u015f\u0259rq k\u00fcl\u0259yinin 15-20 m\/s, ayr\u0131-ayr\u0131 yerl\u0259rd\u0259 arabir 25-30 m\/s-d\u0259k g\u00fccl\u0259n\u0259c\u0259yi g\u00f6zl\u0259nilir.<\/p>\n<p>\u00c7aylarda, o c\u00fcml\u0259d\u0259n K\u00fcr, Araz, Qan\u0131x v\u0259 Qab\u0131rr\u0131 \u00e7aylar\u0131nda sululu\u011fun artaca\u011f\u0131, B\u00f6y\u00fck v\u0259 Ki\u00e7ik Qafqaz\u0131n, L\u0259nk\u0259ran-Astara b\u00f6lg\u0259sinin \u0259razisind\u0259n axan b\u0259zi \u00e7aylardan q\u0131sam\u00fcdd\u0259tli da\u015fq\u0131n v\u0259 sel ke\u00e7\u0259c\u0259yi g\u00f6zl\u0259nilir.<\/p>\n","protected":false},"excerpt":{"rendered":"<p>Bak\u0131da v\u0259 Ab\u015feron yar\u0131madas\u0131nda may\u0131n 25-i g\u00fcn\u00fcn birinci yar\u0131s\u0131nda, 26-s\u0131 ax\u015fam arabir ya\u011f\u0131\u015f ya\u011faca\u011f\u0131 g\u00f6zl\u0259nilir. Yar\u0131madan\u0131n b\u0259zi yerl\u0259rind\u0259 intensivl\u0259\u015f\u0259c\u0259yi ehtimal\u0131 var. ARANTV.AZ \u00a0bildirir ki, bu bar\u0259d\u0259 Milli Hidrometeorologiya Xidm\u0259ti m\u0259lumat yay\u0131b. Qeyd olunub ki, Az\u0259rbaycan\u0131n rayonlar\u0131nda may\u0131n 24-\u00fc g\u00fcnd\u00fczd\u0259n 27-d\u0259k b\u0259zi yerl\u0259rd\u0259 arabir ya\u011f\u0131nt\u0131l\u0131 olaca\u011f\u0131 g\u00f6zl\u0259nilir. Ayr\u0131-ayr\u0131 yerl\u0259rd\u0259 (Nax\u00e7\u0131van MR, Qaraba\u011f v\u0259 \u015e\u0259rqi Z\u0259ng\u0259zur, Qazax-G\u0259nc\u0259, Balak\u0259n-\u015e\u0259ki, Quba-Qusar, Da\u011fl\u0131q \u015eirvan, M\u0259rk\u0259zi Aran, L\u0259nk\u0259ran-Astara) ya\u011f\u0131nt\u0131lar\u0131n leysan xarakterli intensiv olaca\u011f\u0131, \u015fim\u015f\u0259k \u00e7axaca\u011f\u0131, dolu d\u00fc\u015f\u0259c\u0259yi, da\u011fl\u0131q \u0259razil\u0259rd\u0259 qar ya\u011faca\u011f\u0131 ehtimal\u0131 var. May\u0131n 25-d\u0259n 26-s\u0131 g\u00fcnd\u00fcz\u0259d\u0259k \u015f\u0259rq k\u00fcl\u0259yinin 15-20 m\/s, ayr\u0131-ayr\u0131 yerl\u0259rd\u0259 arabir 25-30 m\/s-d\u0259k&hellip;<\/p>\n","protected":false},"author":2,"featured_media":724781,"comment_status":"closed","ping_status":"closed","sticky":false,"template":"","format":"standard","meta":{"om_disable_all_campaigns":false,"_monsterinsights_skip_tracking":false,"_monsterinsights_sitenote_active":false,"_monsterinsights_sitenote_note":"","_monsterinsights_sitenote_category":0},"categories":[22],"tags":[],"aioseo_notices":[],"gutentor_comment":0,"rttpg_featured_image_url":{"full":["https:\/\/arantv.az\/wp-content\/uploads\/2024\/05\/663a3d033a0d3663a3d033a0d41715092739663a3d033a0cd663a3d033a0d0.png",740,493,false],"landscape":["https:\/\/arantv.az\/wp-content\/uploads\/2024\/05\/663a3d033a0d3663a3d033a0d41715092739663a3d033a0cd663a3d033a0d0.png",740,493,false],"portraits":["https:\/\/arantv.az\/wp-content\/uploads\/2024\/05\/663a3d033a0d3663a3d033a0d41715092739663a3d033a0cd663a3d033a0d0.png",740,493,false],"thumbnail":["https:\/\/arantv.az\/wp-content\/uploads\/2024\/05\/663a3d033a0d3663a3d033a0d41715092739663a3d033a0cd663a3d033a0d0-500x280.png",500,280,true],"medium":["https:\/\/arantv.az\/wp-content\/uploads\/2024\/05\/663a3d033a0d3663a3d033a0d41715092739663a3d033a0cd663a3d033a0d0-548x365.png",548,365,true],"large":["https:\/\/arantv.az\/wp-content\/uploads\/2024\/05\/663a3d033a0d3663a3d033a0d41715092739663a3d033a0cd663a3d033a0d0.png",640,426,false],"1536x1536":["https:\/\/arantv.az\/wp-content\/uploads\/2024\/05\/663a3d033a0d3663a3d033a0d41715092739663a3d033a0cd663a3d033a0d0.png",740,493,false],"2048x2048":["https:\/\/arantv.az\/wp-content\/uploads\/2024\/05\/663a3d033a0d3663a3d033a0d41715092739663a3d033a0cd663a3d033a0d0.png",740,493,false],"post-thumbnail":["https:\/\/arantv.az\/wp-content\/uploads\/2024\/05\/663a3d033a0d3663a3d033a0d41715092739663a3d033a0cd663a3d033a0d0-240x172.png",240,172,true],"advps-thumb-one":["https:\/\/arantv.az\/wp-content\/uploads\/2024\/05\/663a3d033a0d3663a3d033a0d41715092739663a3d033a0cd663a3d033a0d0.png",740,493,false]},"rttpg_author":{"display_name":"V\u00fcsal Rafiqo\u011flu","author_link":"https:\/\/arantv.az\/?author=2"},"rttpg_comment":0,"rttpg_category":"<a href=\"https:\/\/arantv.az\/?cat=22\" rel=\"category\">Hava<\/a>","rttpg_excerpt":"Bak\u0131da v\u0259 Ab\u015feron yar\u0131madas\u0131nda may\u0131n 25-i g\u00fcn\u00fcn birinci yar\u0131s\u0131nda, 26-s\u0131 ax\u015fam arabir ya\u011f\u0131\u015f ya\u011faca\u011f\u0131 g\u00f6zl\u0259nilir. Yar\u0131madan\u0131n b\u0259zi yerl\u0259rind\u0259 intensivl\u0259\u015f\u0259c\u0259yi ehtimal\u0131 var. ARANTV.AZ \u00a0bildirir ki, bu bar\u0259d\u0259 Milli Hidrometeorologiya Xidm\u0259ti m\u0259lumat yay\u0131b. Qeyd olunub ki, Az\u0259rbaycan\u0131n rayonlar\u0131nda may\u0131n 24-\u00fc g\u00fcnd\u00fczd\u0259n 27-d\u0259k b\u0259zi yerl\u0259rd\u0259 arabir ya\u011f\u0131nt\u0131l\u0131 olaca\u011f\u0131 g\u00f6zl\u0259nilir. Ayr\u0131-ayr\u0131 yerl\u0259rd\u0259 (Nax\u00e7\u0131van MR, Qaraba\u011f v\u0259 \u015e\u0259rqi Z\u0259ng\u0259zur, Qazax-G\u0259nc\u0259,&hellip;","_links":{"self":[{"href":"https:\/\/arantv.az\/index.php?rest_route=\/wp\/v2\/posts\/724780"}],"collection":[{"href":"https:\/\/arantv.az\/index.php?rest_route=\/wp\/v2\/posts"}],"about":[{"href":"https:\/\/arantv.az\/index.php?rest_route=\/wp\/v2\/types\/post"}],"author":[{"embeddable":true,"href":"https:\/\/arantv.az\/index.php?rest_route=\/wp\/v2\/users\/2"}],"replies":[{"embeddable":true,"href":"https:\/\/arantv.az\/index.php?rest_route=%2Fwp%2Fv2%2Fcomments&post=724780"}],"version-history":[{"count":0,"href":"https:\/\/arantv.az\/index.php?rest_route=\/wp\/v2\/posts\/724780\/revisions"}],"wp:featuredmedia":[{"embeddable":true,"href":"https:\/\/arantv.az\/index.php?rest_route=\/wp\/v2\/media\/724781"}],"wp:attachment":[{"href":"https:\/\/arantv.az\/index.php?rest_route=%2Fwp%2Fv2%2Fmedia&parent=724780"}],"wp:term":[{"taxonomy":"category","embeddable":true,"href":"https:\/\/arantv.az\/index.php?rest_route=%2Fwp%2Fv2%2Fcategories&post=724780"},{"taxonomy":"post_tag","embeddable":true,"href":"https:\/\/arantv.az\/index.php?rest_route=%2Fwp%2Fv2%2Ftags&post=724780"}],"curies":[{"name":"wp","href":"https:\/\/api.w.org\/{rel}","templated":true}]}}