{"id":724784,"date":"2024-05-24T20:12:54","date_gmt":"2024-05-24T16:12:54","guid":{"rendered":"https:\/\/arantv.az\/?p=724784"},"modified":"2024-05-24T20:12:54","modified_gmt":"2024-05-24T16:12:54","slug":"ceyhun-bayramov-berbokla-danisiqlar-apardi","status":"publish","type":"post","link":"https:\/\/arantv.az\/?p=724784","title":{"rendered":"Ceyhun Bayramov Berbokla dan\u0131\u015f\u0131qlar APARDI"},"content":{"rendered":"<p><strong>Az\u0259rbaycan\u0131n xarici i\u015fl\u0259r naziri Ceyhun Bayramov il\u0259 Almaniya Federativ Respublikas\u0131n\u0131n xarici i\u015fl\u0259r naziri Annalena Berbok aras\u0131nda telefon dan\u0131\u015f\u0131\u011f\u0131 apar\u0131l\u0131b.<\/strong><\/p>\n<p>Bu bar\u0259d\u0259\u00a0<strong>Musavat.com<\/strong>-a Az\u0259rbaycan Xarici \u0130\u015fl\u0259r Nazirliyind\u0259n m\u0259lumat verilib.<\/p>\n<p>Bildirilib ki, telefon dan\u0131\u015f\u0131\u011f\u0131 zaman\u0131 Az\u0259rbaycan-Almaniya ikit\u0259r\u0259fli m\u00fcnasib\u0259tl\u0259rinin cari v\u0259ziyy\u0259ti v\u0259 perspektivl\u0259ri, regionda m\u00f6vcud v\u0259ziyy\u0259t, habel\u0259 Az\u0259rbaycan v\u0259 Erm\u0259nistan aras\u0131nda s\u00fclh prosesi m\u00fczakir\u0259 olunub.<\/p>\n<p>Alma-Ata \u015f\u0259h\u0259rind\u0259 10-11 may tarixl\u0259rind\u0259 Az\u0259rbaycan v\u0259 Erm\u0259nistan xarici i\u015fl\u0259r nazirl\u0259ri aras\u0131nda ke\u00e7irilmi\u015f g\u00f6r\u00fc\u015f bar\u0259d\u0259 qar\u015f\u0131 t\u0259r\u0259f\u0259 \u0259trafl\u0131 m\u0259lumat verilib. \u00dcmumilikd\u0259, s\u00fclh prosesi \u00e7\u0259r\u00e7iv\u0259sind\u0259 fikir ayr\u0131l\u0131qlar\u0131 olan m\u0259s\u0259l\u0259l\u0259r n\u0259z\u0259rd\u0259n ke\u00e7irilib, dan\u0131\u015f\u0131qlar\u0131n davam etdirilm\u0259sinin z\u0259ruriliyi vur\u011fulan\u0131b.<\/p>\n<p>Son zamanlar Az\u0259rbaycanla-Erm\u0259nistan aras\u0131nda ba\u015f tutan raz\u0131la\u015fmalar v\u0259 etimad quruculu\u011fu t\u0259dbirl\u0259ri, x\u00fcsusil\u0259 d\u0259 delimitasiya komissiyalar\u0131 t\u0259r\u0259find\u0259n \u0259ld\u0259 edilmi\u015f raz\u0131l\u0131\u011fa \u0259sas\u0259n Az\u0259rbaycana m\u0259xsus 4 k\u0259ndin geri qaytar\u0131lmas\u0131 v\u0259 s\u0259rh\u0259ddin bir hiss\u0259sinin delimitasiya olunmas\u0131 s\u00fclh prosesi \u00e7\u0259r\u00e7iv\u0259sind\u0259 \u0259h\u0259miyy\u0259tli t\u0259dbirl\u0259r kimi qeyd edilib.<\/p>\n<p>Telefon dan\u0131\u015f\u0131\u011f\u0131 zaman\u0131, \u00f6lk\u0259mizin BMT-nin \u0130qlim D\u0259yi\u015fikliyi \u00fczr\u0259 \u00c7\u0259r\u00e7iv\u0259 Konvensiyas\u0131n\u0131n T\u0259r\u0259fl\u0259r Konfrans\u0131n\u0131n 29-cu sessiyas\u0131na (COP29) ev sahibliyi \u00e7\u0259r\u00e7iv\u0259sind\u0259 \u201cPetersberq \u0130qlim Dialoqu\u201d format\u0131nda Az\u0259rbaycan v\u0259 Almaniya h\u0259ms\u0259drliyi il\u0259 t\u0259dbirin \u0259h\u0259miyy\u0259ti vur\u011fulan\u0131b, bundan sonra da iki \u00f6lk\u0259 aras\u0131nda COP29 \u00e7\u0259r\u00e7iv\u0259sind\u0259 \u0259m\u0259kda\u015fl\u0131\u011f\u0131n vacib oldu\u011fu qeyd edilib.<\/p>\n<p>Daha sonra, qar\u015f\u0131l\u0131ql\u0131 maraq do\u011furan dig\u0259r ikit\u0259r\u0259fli v\u0259 regional m\u0259s\u0259l\u0259l\u0259r \u0259traf\u0131nda fikir m\u00fcbadil\u0259si apar\u0131l\u0131b.<\/p>\n","protected":false},"excerpt":{"rendered":"<p>Az\u0259rbaycan\u0131n xarici i\u015fl\u0259r naziri Ceyhun Bayramov il\u0259 Almaniya Federativ Respublikas\u0131n\u0131n xarici i\u015fl\u0259r naziri Annalena Berbok aras\u0131nda telefon dan\u0131\u015f\u0131\u011f\u0131 apar\u0131l\u0131b. Bu bar\u0259d\u0259\u00a0Musavat.com-a Az\u0259rbaycan Xarici \u0130\u015fl\u0259r Nazirliyind\u0259n m\u0259lumat verilib. Bildirilib ki, telefon dan\u0131\u015f\u0131\u011f\u0131 zaman\u0131 Az\u0259rbaycan-Almaniya ikit\u0259r\u0259fli m\u00fcnasib\u0259tl\u0259rinin cari v\u0259ziyy\u0259ti v\u0259 perspektivl\u0259ri, regionda m\u00f6vcud v\u0259ziyy\u0259t, habel\u0259 Az\u0259rbaycan v\u0259 Erm\u0259nistan aras\u0131nda s\u00fclh prosesi m\u00fczakir\u0259 olunub. Alma-Ata \u015f\u0259h\u0259rind\u0259 10-11 may tarixl\u0259rind\u0259 Az\u0259rbaycan v\u0259 Erm\u0259nistan xarici i\u015fl\u0259r nazirl\u0259ri aras\u0131nda ke\u00e7irilmi\u015f g\u00f6r\u00fc\u015f bar\u0259d\u0259 qar\u015f\u0131 t\u0259r\u0259f\u0259 \u0259trafl\u0131 m\u0259lumat verilib. \u00dcmumilikd\u0259, s\u00fclh prosesi \u00e7\u0259r\u00e7iv\u0259sind\u0259 fikir ayr\u0131l\u0131qlar\u0131 olan m\u0259s\u0259l\u0259l\u0259r n\u0259z\u0259rd\u0259n ke\u00e7irilib, dan\u0131\u015f\u0131qlar\u0131n davam etdirilm\u0259sinin z\u0259ruriliyi vur\u011fulan\u0131b. Son zamanlar Az\u0259rbaycanla-Erm\u0259nistan aras\u0131nda&hellip;<\/p>\n","protected":false},"author":2,"featured_media":724785,"comment_status":"closed","ping_status":"closed","sticky":false,"template":"","format":"standard","meta":{"om_disable_all_campaigns":false,"_monsterinsights_skip_tracking":false,"_monsterinsights_sitenote_active":false,"_monsterinsights_sitenote_note":"","_monsterinsights_sitenote_category":0},"categories":[4],"tags":[],"aioseo_notices":[],"gutentor_comment":0,"rttpg_featured_image_url":{"full":["https:\/\/arantv.az\/wp-content\/uploads\/2024\/05\/74c4dad662b78b931a04514ea3baae3a.jpg",850,500,false],"landscape":["https:\/\/arantv.az\/wp-content\/uploads\/2024\/05\/74c4dad662b78b931a04514ea3baae3a.jpg",850,500,false],"portraits":["https:\/\/arantv.az\/wp-content\/uploads\/2024\/05\/74c4dad662b78b931a04514ea3baae3a.jpg",850,500,false],"thumbnail":["https:\/\/arantv.az\/wp-content\/uploads\/2024\/05\/74c4dad662b78b931a04514ea3baae3a-500x280.jpg",500,280,true],"medium":["https:\/\/arantv.az\/wp-content\/uploads\/2024\/05\/74c4dad662b78b931a04514ea3baae3a-621x365.jpg",621,365,true],"large":["https:\/\/arantv.az\/wp-content\/uploads\/2024\/05\/74c4dad662b78b931a04514ea3baae3a-840x494.jpg",640,376,true],"1536x1536":["https:\/\/arantv.az\/wp-content\/uploads\/2024\/05\/74c4dad662b78b931a04514ea3baae3a.jpg",850,500,false],"2048x2048":["https:\/\/arantv.az\/wp-content\/uploads\/2024\/05\/74c4dad662b78b931a04514ea3baae3a.jpg",850,500,false],"post-thumbnail":["https:\/\/arantv.az\/wp-content\/uploads\/2024\/05\/74c4dad662b78b931a04514ea3baae3a-240x172.jpg",240,172,true],"advps-thumb-one":["https:\/\/arantv.az\/wp-content\/uploads\/2024\/05\/74c4dad662b78b931a04514ea3baae3a.jpg",850,500,false]},"rttpg_author":{"display_name":"V\u00fcsal Rafiqo\u011flu","author_link":"https:\/\/arantv.az\/?author=2"},"rttpg_comment":0,"rttpg_category":"<a href=\"https:\/\/arantv.az\/?cat=4\" rel=\"category\">Siyas\u0259t<\/a>","rttpg_excerpt":"Az\u0259rbaycan\u0131n xarici i\u015fl\u0259r naziri Ceyhun Bayramov il\u0259 Almaniya Federativ Respublikas\u0131n\u0131n xarici i\u015fl\u0259r naziri Annalena Berbok aras\u0131nda telefon dan\u0131\u015f\u0131\u011f\u0131 apar\u0131l\u0131b. Bu bar\u0259d\u0259\u00a0Musavat.com-a Az\u0259rbaycan Xarici \u0130\u015fl\u0259r Nazirliyind\u0259n m\u0259lumat verilib. Bildirilib ki, telefon dan\u0131\u015f\u0131\u011f\u0131 zaman\u0131 Az\u0259rbaycan-Almaniya ikit\u0259r\u0259fli m\u00fcnasib\u0259tl\u0259rinin cari v\u0259ziyy\u0259ti v\u0259 perspektivl\u0259ri, regionda m\u00f6vcud v\u0259ziyy\u0259t, habel\u0259 Az\u0259rbaycan v\u0259 Erm\u0259nistan aras\u0131nda s\u00fclh prosesi m\u00fczakir\u0259 olunub. Alma-Ata \u015f\u0259h\u0259rind\u0259 10-11 may&hellip;","_links":{"self":[{"href":"https:\/\/arantv.az\/index.php?rest_route=\/wp\/v2\/posts\/724784"}],"collection":[{"href":"https:\/\/arantv.az\/index.php?rest_route=\/wp\/v2\/posts"}],"about":[{"href":"https:\/\/arantv.az\/index.php?rest_route=\/wp\/v2\/types\/post"}],"author":[{"embeddable":true,"href":"https:\/\/arantv.az\/index.php?rest_route=\/wp\/v2\/users\/2"}],"replies":[{"embeddable":true,"href":"https:\/\/arantv.az\/index.php?rest_route=%2Fwp%2Fv2%2Fcomments&post=724784"}],"version-history":[{"count":0,"href":"https:\/\/arantv.az\/index.php?rest_route=\/wp\/v2\/posts\/724784\/revisions"}],"wp:featuredmedia":[{"embeddable":true,"href":"https:\/\/arantv.az\/index.php?rest_route=\/wp\/v2\/media\/724785"}],"wp:attachment":[{"href":"https:\/\/arantv.az\/index.php?rest_route=%2Fwp%2Fv2%2Fmedia&parent=724784"}],"wp:term":[{"taxonomy":"category","embeddable":true,"href":"https:\/\/arantv.az\/index.php?rest_route=%2Fwp%2Fv2%2Fcategories&post=724784"},{"taxonomy":"post_tag","embeddable":true,"href":"https:\/\/arantv.az\/index.php?rest_route=%2Fwp%2Fv2%2Ftags&post=724784"}],"curies":[{"name":"wp","href":"https:\/\/api.w.org\/{rel}","templated":true}]}}