{"id":725393,"date":"2024-05-27T10:58:42","date_gmt":"2024-05-27T06:58:42","guid":{"rendered":"https:\/\/arantv.az\/?p=725393"},"modified":"2024-05-27T10:58:42","modified_gmt":"2024-05-27T06:58:42","slug":"28-may-az%c9%99rbaycan-xalqinin-tarixi-z%c9%99f%c9%99r-gunudur","status":"publish","type":"post","link":"https:\/\/arantv.az\/?p=725393","title":{"rendered":"28 May Az\u0259rbaycan xalq\u0131n\u0131n tarixi Z\u0259f\u0259r G\u00fcn\u00fcd\u00fcr"},"content":{"rendered":"<p>1918-ci ild\u0259 Az\u0259rbaycan xalq\u0131 milli m\u0259fkur\u0259 il\u0259 silahlanm\u0131\u015f, d\u00f6vl\u0259t\u00e7ilik, m\u00fcst\u0259qillik ideyalar\u0131 il\u0259 m\u00fcbariz\u0259y\u0259 qalxan m\u00fct\u0259f\u0259kkir o\u011fullar\u0131n\u0131n m\u00fccadil\u0259si n\u0259tic\u0259sind\u0259 \u00f6z azadl\u0131\u011f\u0131na qovu\u015fa bildi. H\u0259min ilin mart soyq\u0131r\u0131m\u0131na qar\u015f\u0131 yumruq kimi birl\u0259\u015f\u0259n xalq \u00f6z tarixi arzusunu ger\u00e7\u0259kl\u0259\u015fdirdi v\u0259 \u015e\u0259rqd\u0259 ilk d\u0259f\u0259 demokratik, h\u00fcquqi d\u00f6vl\u0259tin \u0259sas\u0131n\u0131 qoydu. Xalq c\u00fcmhuriyy\u0259ti 23 ayl\u0131q f\u0259aliyy\u0259ti d\u00f6vr\u00fcnd\u0259 misilsiz i\u015fl\u0259r h\u0259yata ke\u00e7irdi. Bu i\u015fl\u0259rin \u0259n \u0259sas m\u0259zmunu ondan ibar\u0259tdir ki, Az\u0259rbaycan xalq\u0131 m\u00fcst\u0259qilliyin dad\u0131n\u0131 hiss etdi, azad ya\u015famaq duy\u011fusunu ya\u015fad\u0131. D\u00fcny\u0259vi v\u0259 parlamentli respublikan\u0131n qurulmas\u0131 yeni yaranan bir d\u00f6vl\u0259t \u00fc\u00e7\u00fcn olduqca b\u00f6y\u00fck u\u011fur idi.<\/p>\n<p>23 aydan sonra Xalq C\u00fcmhuriyy\u0259ti s\u00fcqut etdi. Kommunist &#8211; bol\u015fevik hakimiyy\u0259ti yenid\u0259n \u00f6lk\u0259mizi i\u015f\u011fal etdi. S\u00fctunlar\u0131 h\u0259l\u0259 tam m\u00f6hk\u0259ml\u0259nm\u0259mi\u015f m\u00fcst\u0259qil Xalq C\u00fcmhuriyy\u0259ti bel\u0259 bir az\u011f\u0131n, qana susam\u0131\u015f ordunun h\u00fccumunun qar\u015f\u0131s\u0131nda durmaq iqtidar\u0131nda deyildi. Az\u0259rbaycan i\u015f\u011fal olunsa da, azadl\u0131q ideyalar\u0131 \u00fcr\u0259yimizd\u0259 ya\u015fad\u0131, m\u00fchacir h\u00f6kum\u0259t \u00fczvl\u0259rimiz m\u00fcst\u0259qillik u\u011furunda m\u00fcbariz\u0259l\u0259rini davam etdirdil\u0259r. He\u00e7 \u015f\u00fcbh\u0259siz ki, 28 May m\u00fcst\u0259qilliyimizin tarixind\u0259 \u0259n \u015f\u0259r\u0259fli s\u0259hif\u0259l\u0259rd\u0259n biridir. \u00c7\u00fcnki m\u00fcst\u0259qil d\u00f6vl\u0259t olmaq h\u0259r xalqa n\u0259sib olmur. Say\u0131, \u0259razisi bizd\u0259n d\u0259f\u0259l\u0259rl\u0259 \u00e7ox olan xalqlar var ki, on ill\u0259rdir ki, m\u00fcst\u0259qillik u\u011furunda m\u00fcbariz\u0259 apar\u0131rlar, amma arzular\u0131na qovu\u015fa bilmirl\u0259r. Az\u0259rbaycan bu g\u00fcn d\u00fcnyan\u0131n 200-\u0259 q\u0259d\u0259r m\u00fcst\u0259qil d\u00f6vl\u0259rl\u0259ri s\u0131ras\u0131ndad\u0131r. M\u00fcst\u0259qil Az\u0259rbaycan Respublikas\u0131 bu g\u00fcn m\u00f6vcudlu\u011funa g\u00f6r\u0259 Xalq C\u00fcmhuriyy\u0259tin\u0259 minn\u0259tdard\u0131r, \u00e7\u00fcnki m\u00fcasir d\u00f6vl\u0259timiz onun varisidir. T\u00fcrkiy\u0259d\u0259 29 oktyabr, frans\u0131zlar \u00fc\u00e7\u00fcn Bastiliyan\u0131n al\u0131nmas\u0131, almanlar \u00fc\u00e7\u00fcn XIX \u0259srin ikinci yar\u0131s\u0131nda vahid d\u00f6vl\u0259t hal\u0131nda birl\u0259\u015fm\u0259, amerikanlar \u00fc\u00e7\u00fcn 4 iyul hans\u0131 tarixi \u0259h\u0259miyy\u0259t\u0259 malikdirs\u0259, Az\u0259rbaycan \u00fc\u00e7\u00fcn d\u0259 28 May eyni \u0259h\u0259miyy\u0259t\u0259 qadirdir.<\/p>\n<p>M.\u018f.R\u0259sulzad\u0259 yaz\u0131rd\u0131 ki, I cahan sava\u015f\u0131 olmasayd\u0131, fevral burjua inqilab\u0131 olmazd\u0131, fevral burjua inqilab\u0131 olmasayd\u0131, Az\u0259rbaycan Xalq C\u00fcmhuriyy\u0259ti olmazd\u0131.<\/p>\n<p>Bunu davam\u0131 olaraq dey\u0259 bil\u0259rik ki, 28 May olmasayd\u0131, 1991-ci ilin 18 oktyabr\u0131 da olmazd\u0131. V\u0259 biz \u00c7e\u00e7enistan, Tatar\u0131stan, Da\u011f\u0131stan kimi respublikalardan biri olacaqd\u0131q. 23 ay f\u0259aliyy\u0259t g\u00f6st\u0259r\u0259n Az\u0259rbaycan Xalq C\u00fcmhuriyy\u0259ti q\u0131sa m\u00fcdd\u0259t \u0259rzind\u0259 d\u00f6vl\u0259t\u00e7ilik \u00fc\u00e7\u00fcn vacib hesab edil\u0259n 250 q\u0259rar q\u0259bul etdi. Bu q\u0259rarlar\u0131 sadalamaq \u00fc\u00e7\u00fcn biz\u0259 saatlarla vaxt laz\u0131md\u0131r. Az\u0259rbaycan Xalq C\u00fcmhuriyy\u0259tini quranlar bu g\u00fcn Az\u0259rbaycan xalq\u0131n\u0131n q\u0259lbind\u0259 \u0259b\u0259di olaraq ya\u015fay\u0131r, biz onlar\u0131n adlar\u0131n\u0131 daim ehtiramla yad edirik.<\/p>\n<p>Qurucu babalar\u0131m\u0131z\u0131n biz\u0259 qoyub getdiyi d\u00f6vl\u0259t, qiym\u0259tli miras kimi bu g\u00fcn g\u00f6z b\u0259b\u0259b\u0259yimiz kimi qorunur. Ulu \u00f6nd\u0259r Heyd\u0259r \u018fliyev d\u0259 Az\u0259rbaycan Xalq C\u00fcmhuriyy\u0259tinin yarand\u0131\u011f\u0131 g\u00fcn\u00fc m\u0259hz m\u00fcst\u0259qillik g\u00fcn\u00fc kimi d\u0259y\u0259rl\u0259ndirmi\u015f v\u0259 bunu obyektiv yana\u015fmalarla \u0259sasland\u0131rm\u0131\u015fd\u0131. Ulu \u00d6nd\u0259rin d\u0259 qeyd etdiyi kimi, tam q\u0259tiyy\u0259tl\u0259 dem\u0259k olar ki, Az\u0259rbaycan d\u00f6vl\u0259ti, m\u00fcst\u0259qil Az\u0259rbaycan Respublikas\u0131 1918-ci ild\u0259 yaranm\u0131\u015f Xalq C\u00fcmhuriyy\u0259tinin varisidir. Bu g\u00fcn regionda v\u0259 d\u00fcnyada ged\u0259n prosesl\u0259ri g\u00f6rd\u00fckd\u0259 bir daha m\u0259lum olur ki, \u0259g\u0259r o zaman xilaskarl\u0131q missiyas\u0131n\u0131 \u00f6z \u00fcz\u0259rin\u0259 g\u00f6t\u00fcr\u0259n Heyd\u0259r \u018fliyev olmasayd\u0131, Az\u0259rbaycan bir d\u00f6vl\u0259t olaraq \u00fcmumiyy\u0259tl\u0259 d\u00fcnya x\u0259rit\u0259sind\u0259n silin\u0259 bil\u0259rdi. Ulu \u00f6nd\u0259rin s\u00f6yl\u0259diyi kimi, M\u00fcst\u0259qilliyi qoruyub saxlamaq onu \u0259ld\u0259 etm\u0259kd\u0259n \u00e7\u0259tindir. Heyd\u0259r \u018fliyevin g\u00fccl\u00fc siyasi irad\u0259si, \u0259zmi say\u0259sind\u0259, eyni zamanda d\u00f6vl\u0259t m\u00fcst\u0259qilliyinin m\u00f6hk\u0259ml\u0259ndirilm\u0259si v\u0259 d\u00f6nm\u0259zliyinin t\u0259min edilm\u0259si istiqam\u0259tind\u0259 h\u0259yata ke\u00e7irdiyi ard\u0131c\u0131l siyasi kurs n\u0259tic\u0259sind\u0259 xalq\u0131m\u0131z m\u00fcst\u0259qilliyini bir d\u0259f\u0259lik m\u00f6hk\u0259ml\u0259ndir\u0259 bildi. \u0130ndi C\u0259nubi Qafqaz\u0131n lider d\u00f6vl\u0259ti olan Az\u0259rbaycan beyn\u0259lxalq al\u0259min vacib aktorlar\u0131ndan biridir. 1918-ci ild\u0259 \u00f6z m\u00fcst\u0259qilliyin\u0259 qovu\u015fmu\u015f Az\u0259rbaycan d\u00f6vl\u0259ti bu g\u00fcn M\u00fcz\u0259ff\u0259r Ali Ba\u015f Komandan \u0130lham \u018fliyevin r\u0259hb\u0259rliyi il\u0259 30 il \u0259rzind\u0259 d\u00fc\u015fm\u0259nin i\u015f\u011fal alt\u0131nda saxlad\u0131\u011f\u0131 Qaraba\u011f\u0131 \u0259sar\u0259td\u0259n xilas etdi. 33 il\u0259 yax\u0131nd\u0131r ki, Respublikam\u0131z ya\u015fay\u0131r, yarad\u0131r v\u0259 d\u00fcnyan\u0131n \u0259n n\u00fcfuzlu t\u0259\u015fkilatlar\u0131n\u0131n \u00fczv\u00fcd\u00fcr. Az\u0259rbaycan Respublikas\u0131 Birinci Respublikan\u0131n qald\u0131rd\u0131\u011f\u0131 \u00fc\u00e7 r\u0259ngli bayra\u011f\u0131n\u0131 Az\u0259rbaycan\u0131n suveren \u0259razisind\u0259 h\u0259mi\u015f\u0259lik dal\u011falanmas\u0131 \u00fc\u00e7\u00fcn b\u00fct\u00fcn istiqam\u0259tl\u0259rd\u0259 m\u00fcbariz\u0259sini davam etdirir.<\/p>\n<p>Prezident \u0130lham \u018fliyevin qeyd etdiyi kimi: \u201cAz\u0259rbaycan Xalq C\u00fcmhuriyy\u0259tinin yarad\u0131lmas\u0131 tarixi hadis\u0259 idi. \u00c7\u00fcnki ilk d\u0259f\u0259 olaraq m\u00fcs\u0259lman al\u0259mind\u0259 demokratik respublika yarad\u0131lm\u0131\u015fd\u0131. Biz haql\u0131 olaraq f\u0259xr edirik ki, m\u0259hz Az\u0259rbaycan xalq\u0131 m\u00fcs\u0259lman al\u0259mind\u0259 ilk demokratik respublikan\u0131n yarad\u0131lmas\u0131n\u0131n m\u00fc\u0259llifi olmu\u015fdur.\u201d;<\/p>\n<p>Art\u0131q d\u00f6rd ildir ki, M\u00fcst\u0259qillik g\u00fcn\u00fcn\u00fc qalib \u00f6lk\u0259nin v\u0259t\u0259nda\u015flar\u0131 kimi qeyd edirik. Bundan b\u00f6y\u00fck s\u0259ad\u0259t, xo\u015fb\u0259xtlik ola bilm\u0259z.<\/p>\n<p>Ali Ba\u015f Komandan\u0131m\u0131z\u0131n uzaqg\u00f6r\u0259n v\u0259 c\u0259sar\u0259tli siyas\u0259ti, \u015f\u0259hidl\u0259rimizin qan\u0131 hesab\u0131na suverenliyini b\u0259rpa etdiyimiz Az\u0259rbaycan daim ya\u015fayacaq, inki\u015faf ed\u0259c\u0259k!<\/p>\n<p>M\u00fcst\u0259qillik G\u00fcn\u00fcm\u00fcz m\u00fcbar\u0259k!<\/p>\n<p><img src=\"https:\/\/ikisahil.az\/upload\/\/2024\/05\/27\/\/-b6e32320171679172134081572311038378.jpg\" alt=\"\" \/><\/p>\n<p><strong>M\u0259tan\u0259t S\u0259f\u0259rli,<\/strong><\/p>\n<p><em>YAP N\u0259simi rayon t\u0259\u015fkilat\u0131n\u0131n \u0259m\u0259kda\u015f\u0131<\/em><\/p>\n","protected":false},"excerpt":{"rendered":"<p>1918-ci ild\u0259 Az\u0259rbaycan xalq\u0131 milli m\u0259fkur\u0259 il\u0259 silahlanm\u0131\u015f, d\u00f6vl\u0259t\u00e7ilik, m\u00fcst\u0259qillik ideyalar\u0131 il\u0259 m\u00fcbariz\u0259y\u0259 qalxan m\u00fct\u0259f\u0259kkir o\u011fullar\u0131n\u0131n m\u00fccadil\u0259si n\u0259tic\u0259sind\u0259 \u00f6z azadl\u0131\u011f\u0131na qovu\u015fa bildi. H\u0259min ilin mart soyq\u0131r\u0131m\u0131na qar\u015f\u0131 yumruq kimi birl\u0259\u015f\u0259n xalq \u00f6z tarixi arzusunu ger\u00e7\u0259kl\u0259\u015fdirdi v\u0259 \u015e\u0259rqd\u0259 ilk d\u0259f\u0259 demokratik, h\u00fcquqi d\u00f6vl\u0259tin \u0259sas\u0131n\u0131 qoydu. Xalq c\u00fcmhuriyy\u0259ti 23 ayl\u0131q f\u0259aliyy\u0259ti d\u00f6vr\u00fcnd\u0259 misilsiz i\u015fl\u0259r h\u0259yata ke\u00e7irdi. Bu i\u015fl\u0259rin \u0259n \u0259sas m\u0259zmunu ondan ibar\u0259tdir ki, Az\u0259rbaycan xalq\u0131 m\u00fcst\u0259qilliyin dad\u0131n\u0131 hiss etdi, azad ya\u015famaq duy\u011fusunu ya\u015fad\u0131. D\u00fcny\u0259vi v\u0259 parlamentli respublikan\u0131n qurulmas\u0131 yeni yaranan bir d\u00f6vl\u0259t \u00fc\u00e7\u00fcn olduqca b\u00f6y\u00fck u\u011fur idi. 23 aydan sonra Xalq&hellip;<\/p>\n","protected":false},"author":2,"featured_media":725394,"comment_status":"closed","ping_status":"closed","sticky":false,"template":"","format":"standard","meta":{"om_disable_all_campaigns":false,"_monsterinsights_skip_tracking":false,"_monsterinsights_sitenote_active":false,"_monsterinsights_sitenote_note":"","_monsterinsights_sitenote_category":0},"categories":[19],"tags":[],"aioseo_notices":[],"gutentor_comment":0,"rttpg_featured_image_url":{"full":["https:\/\/arantv.az\/wp-content\/uploads\/2024\/05\/3a20f62a162204053518826516911048577.jpg",975,540,false],"landscape":["https:\/\/arantv.az\/wp-content\/uploads\/2024\/05\/3a20f62a162204053518826516911048577.jpg",975,540,false],"portraits":["https:\/\/arantv.az\/wp-content\/uploads\/2024\/05\/3a20f62a162204053518826516911048577.jpg",975,540,false],"thumbnail":["https:\/\/arantv.az\/wp-content\/uploads\/2024\/05\/3a20f62a162204053518826516911048577-500x280.jpg",500,280,true],"medium":["https:\/\/arantv.az\/wp-content\/uploads\/2024\/05\/3a20f62a162204053518826516911048577-660x365.jpg",660,365,true],"large":["https:\/\/arantv.az\/wp-content\/uploads\/2024\/05\/3a20f62a162204053518826516911048577-840x465.jpg",640,354,true],"1536x1536":["https:\/\/arantv.az\/wp-content\/uploads\/2024\/05\/3a20f62a162204053518826516911048577.jpg",975,540,false],"2048x2048":["https:\/\/arantv.az\/wp-content\/uploads\/2024\/05\/3a20f62a162204053518826516911048577.jpg",975,540,false],"post-thumbnail":["https:\/\/arantv.az\/wp-content\/uploads\/2024\/05\/3a20f62a162204053518826516911048577-240x172.jpg",240,172,true],"advps-thumb-one":["https:\/\/arantv.az\/wp-content\/uploads\/2024\/05\/3a20f62a162204053518826516911048577.jpg",975,540,false]},"rttpg_author":{"display_name":"V\u00fcsal Rafiqo\u011flu","author_link":"https:\/\/arantv.az\/?author=2"},"rttpg_comment":0,"rttpg_category":"<a href=\"https:\/\/arantv.az\/?cat=19\" rel=\"category\">G\u00fcnd\u0259m<\/a>","rttpg_excerpt":"1918-ci ild\u0259 Az\u0259rbaycan xalq\u0131 milli m\u0259fkur\u0259 il\u0259 silahlanm\u0131\u015f, d\u00f6vl\u0259t\u00e7ilik, m\u00fcst\u0259qillik ideyalar\u0131 il\u0259 m\u00fcbariz\u0259y\u0259 qalxan m\u00fct\u0259f\u0259kkir o\u011fullar\u0131n\u0131n m\u00fccadil\u0259si n\u0259tic\u0259sind\u0259 \u00f6z azadl\u0131\u011f\u0131na qovu\u015fa bildi. H\u0259min ilin mart soyq\u0131r\u0131m\u0131na qar\u015f\u0131 yumruq kimi birl\u0259\u015f\u0259n xalq \u00f6z tarixi arzusunu ger\u00e7\u0259kl\u0259\u015fdirdi v\u0259 \u015e\u0259rqd\u0259 ilk d\u0259f\u0259 demokratik, h\u00fcquqi d\u00f6vl\u0259tin \u0259sas\u0131n\u0131 qoydu. Xalq c\u00fcmhuriyy\u0259ti 23 ayl\u0131q f\u0259aliyy\u0259ti d\u00f6vr\u00fcnd\u0259 misilsiz i\u015fl\u0259r h\u0259yata ke\u00e7irdi. Bu&hellip;","_links":{"self":[{"href":"https:\/\/arantv.az\/index.php?rest_route=\/wp\/v2\/posts\/725393"}],"collection":[{"href":"https:\/\/arantv.az\/index.php?rest_route=\/wp\/v2\/posts"}],"about":[{"href":"https:\/\/arantv.az\/index.php?rest_route=\/wp\/v2\/types\/post"}],"author":[{"embeddable":true,"href":"https:\/\/arantv.az\/index.php?rest_route=\/wp\/v2\/users\/2"}],"replies":[{"embeddable":true,"href":"https:\/\/arantv.az\/index.php?rest_route=%2Fwp%2Fv2%2Fcomments&post=725393"}],"version-history":[{"count":0,"href":"https:\/\/arantv.az\/index.php?rest_route=\/wp\/v2\/posts\/725393\/revisions"}],"wp:featuredmedia":[{"embeddable":true,"href":"https:\/\/arantv.az\/index.php?rest_route=\/wp\/v2\/media\/725394"}],"wp:attachment":[{"href":"https:\/\/arantv.az\/index.php?rest_route=%2Fwp%2Fv2%2Fmedia&parent=725393"}],"wp:term":[{"taxonomy":"category","embeddable":true,"href":"https:\/\/arantv.az\/index.php?rest_route=%2Fwp%2Fv2%2Fcategories&post=725393"},{"taxonomy":"post_tag","embeddable":true,"href":"https:\/\/arantv.az\/index.php?rest_route=%2Fwp%2Fv2%2Ftags&post=725393"}],"curies":[{"name":"wp","href":"https:\/\/api.w.org\/{rel}","templated":true}]}}