{"id":725396,"date":"2024-05-27T11:09:56","date_gmt":"2024-05-27T07:09:56","guid":{"rendered":"https:\/\/arantv.az\/?p=725396"},"modified":"2024-05-27T11:09:56","modified_gmt":"2024-05-27T07:09:56","slug":"az%c9%99rbaycanda-t%c9%99hsil-sektorunda-yeni-t%c9%99yinat","status":"publish","type":"post","link":"https:\/\/arantv.az\/?p=725396","title":{"rendered":"Az\u0259rbaycanda t\u0259hsil sektorunda YEN\u0130 T\u018fY\u0130NAT"},"content":{"rendered":"<p>Nax\u00e7\u0131van Muxtar Respublikas\u0131n\u0131n t\u0259hsil nazirin\u0259 yeni m\u00fcavin t\u0259yin olunub<\/p>\n<p><b>ARANTV.AZ <\/b>x\u0259b\u0259r verir ki, Nax\u00e7\u0131van Muxtar Respublikas\u0131 Ali M\u0259clisi s\u0259drinin m\u00fcavini Anar \u0130brahimovun imzalad\u0131\u011f\u0131 27 may 2024-c\u00fc il tarixli s\u0259r\u0259ncama \u0259sas\u0259n R\u0259\u015fad X\u0259lil o\u011flu Xudiyev Nax\u00e7\u0131van Muxtar Respublikas\u0131 t\u0259hsil nazirinin m\u00fcavini t\u0259yin edilib.<\/p>\n<p>Qeyd ed\u0259k ki, R\u0259\u015fad Xudiyev bundan \u0259vv\u0259l Nax\u00e7\u0131van Muxtar Respublikas\u0131n\u0131n T\u0259hsil Nazirliyind\u0259 aparat r\u0259hb\u0259ri, m\u0259d\u0259niyy\u0259t nazirinin m\u00fcavini, Nazirl\u0259r Kabinetinin Humanitar v\u0259 sosial m\u0259s\u0259l\u0259l\u0259r \u015f\u00f6b\u0259sinin m\u00fcdiri, Az\u0259rbaycan Respublikas\u0131n\u0131n \u0130qtisadiyyat Nazirliyi yan\u0131nda \u018fmlak M\u0259s\u0259l\u0259l\u0259ri D\u00f6vl\u0259t Xidm\u0259tinin Aparat\u0131, Strateji planla\u015fd\u0131rma, innovasiyalar v\u0259 t\u0259hlil \u015f\u00f6b\u0259si, D\u00f6vl\u0259t proqramlar\u0131n\u0131n (layih\u0259l\u0259rin) idar\u0259 edilm\u0259si v\u0259 monitorinqi sektorunun ba\u015f m\u0259sl\u0259h\u0259t\u00e7isi v\u0259 dig\u0259r v\u0259zif\u0259l\u0259rd\u0259 \u00e7al\u0131\u015f\u0131b.<\/p>\n","protected":false},"excerpt":{"rendered":"<p>Nax\u00e7\u0131van Muxtar Respublikas\u0131n\u0131n t\u0259hsil nazirin\u0259 yeni m\u00fcavin t\u0259yin olunub ARANTV.AZ x\u0259b\u0259r verir ki, Nax\u00e7\u0131van Muxtar Respublikas\u0131 Ali M\u0259clisi s\u0259drinin m\u00fcavini Anar \u0130brahimovun imzalad\u0131\u011f\u0131 27 may 2024-c\u00fc il tarixli s\u0259r\u0259ncama \u0259sas\u0259n R\u0259\u015fad X\u0259lil o\u011flu Xudiyev Nax\u00e7\u0131van Muxtar Respublikas\u0131 t\u0259hsil nazirinin m\u00fcavini t\u0259yin edilib. Qeyd ed\u0259k ki, R\u0259\u015fad Xudiyev bundan \u0259vv\u0259l Nax\u00e7\u0131van Muxtar Respublikas\u0131n\u0131n T\u0259hsil Nazirliyind\u0259 aparat r\u0259hb\u0259ri, m\u0259d\u0259niyy\u0259t nazirinin m\u00fcavini, Nazirl\u0259r Kabinetinin Humanitar v\u0259 sosial m\u0259s\u0259l\u0259l\u0259r \u015f\u00f6b\u0259sinin m\u00fcdiri, Az\u0259rbaycan Respublikas\u0131n\u0131n \u0130qtisadiyyat Nazirliyi yan\u0131nda \u018fmlak M\u0259s\u0259l\u0259l\u0259ri D\u00f6vl\u0259t Xidm\u0259tinin Aparat\u0131, Strateji planla\u015fd\u0131rma, innovasiyalar v\u0259 t\u0259hlil \u015f\u00f6b\u0259si, D\u00f6vl\u0259t proqramlar\u0131n\u0131n (layih\u0259l\u0259rin) idar\u0259 edilm\u0259si v\u0259 monitorinqi&hellip;<\/p>\n","protected":false},"author":2,"featured_media":725397,"comment_status":"closed","ping_status":"closed","sticky":false,"template":"","format":"standard","meta":{"om_disable_all_campaigns":false,"_monsterinsights_skip_tracking":false,"_monsterinsights_sitenote_active":false,"_monsterinsights_sitenote_note":"","_monsterinsights_sitenote_category":0},"categories":[1],"tags":[],"aioseo_notices":[],"gutentor_comment":0,"rttpg_featured_image_url":{"full":["https:\/\/arantv.az\/wp-content\/uploads\/2024\/05\/1715428734188156826.jpg",750,467,false],"landscape":["https:\/\/arantv.az\/wp-content\/uploads\/2024\/05\/1715428734188156826.jpg",750,467,false],"portraits":["https:\/\/arantv.az\/wp-content\/uploads\/2024\/05\/1715428734188156826.jpg",750,467,false],"thumbnail":["https:\/\/arantv.az\/wp-content\/uploads\/2024\/05\/1715428734188156826-500x280.jpg",500,280,true],"medium":["https:\/\/arantv.az\/wp-content\/uploads\/2024\/05\/1715428734188156826-586x365.jpg",586,365,true],"large":["https:\/\/arantv.az\/wp-content\/uploads\/2024\/05\/1715428734188156826.jpg",640,399,false],"1536x1536":["https:\/\/arantv.az\/wp-content\/uploads\/2024\/05\/1715428734188156826.jpg",750,467,false],"2048x2048":["https:\/\/arantv.az\/wp-content\/uploads\/2024\/05\/1715428734188156826.jpg",750,467,false],"post-thumbnail":["https:\/\/arantv.az\/wp-content\/uploads\/2024\/05\/1715428734188156826-240x172.jpg",240,172,true],"advps-thumb-one":["https:\/\/arantv.az\/wp-content\/uploads\/2024\/05\/1715428734188156826.jpg",750,467,false]},"rttpg_author":{"display_name":"V\u00fcsal Rafiqo\u011flu","author_link":"https:\/\/arantv.az\/?author=2"},"rttpg_comment":0,"rttpg_category":"<a href=\"https:\/\/arantv.az\/?cat=1\" rel=\"category\">C\u0259miyy\u0259t<\/a>","rttpg_excerpt":"Nax\u00e7\u0131van Muxtar Respublikas\u0131n\u0131n t\u0259hsil nazirin\u0259 yeni m\u00fcavin t\u0259yin olunub ARANTV.AZ x\u0259b\u0259r verir ki, Nax\u00e7\u0131van Muxtar Respublikas\u0131 Ali M\u0259clisi s\u0259drinin m\u00fcavini Anar \u0130brahimovun imzalad\u0131\u011f\u0131 27 may 2024-c\u00fc il tarixli s\u0259r\u0259ncama \u0259sas\u0259n R\u0259\u015fad X\u0259lil o\u011flu Xudiyev Nax\u00e7\u0131van Muxtar Respublikas\u0131 t\u0259hsil nazirinin m\u00fcavini t\u0259yin edilib. Qeyd ed\u0259k ki, R\u0259\u015fad Xudiyev bundan \u0259vv\u0259l Nax\u00e7\u0131van Muxtar Respublikas\u0131n\u0131n T\u0259hsil Nazirliyind\u0259 aparat&hellip;","_links":{"self":[{"href":"https:\/\/arantv.az\/index.php?rest_route=\/wp\/v2\/posts\/725396"}],"collection":[{"href":"https:\/\/arantv.az\/index.php?rest_route=\/wp\/v2\/posts"}],"about":[{"href":"https:\/\/arantv.az\/index.php?rest_route=\/wp\/v2\/types\/post"}],"author":[{"embeddable":true,"href":"https:\/\/arantv.az\/index.php?rest_route=\/wp\/v2\/users\/2"}],"replies":[{"embeddable":true,"href":"https:\/\/arantv.az\/index.php?rest_route=%2Fwp%2Fv2%2Fcomments&post=725396"}],"version-history":[{"count":0,"href":"https:\/\/arantv.az\/index.php?rest_route=\/wp\/v2\/posts\/725396\/revisions"}],"wp:featuredmedia":[{"embeddable":true,"href":"https:\/\/arantv.az\/index.php?rest_route=\/wp\/v2\/media\/725397"}],"wp:attachment":[{"href":"https:\/\/arantv.az\/index.php?rest_route=%2Fwp%2Fv2%2Fmedia&parent=725396"}],"wp:term":[{"taxonomy":"category","embeddable":true,"href":"https:\/\/arantv.az\/index.php?rest_route=%2Fwp%2Fv2%2Fcategories&post=725396"},{"taxonomy":"post_tag","embeddable":true,"href":"https:\/\/arantv.az\/index.php?rest_route=%2Fwp%2Fv2%2Ftags&post=725396"}],"curies":[{"name":"wp","href":"https:\/\/api.w.org\/{rel}","templated":true}]}}