{"id":725452,"date":"2024-05-27T11:49:48","date_gmt":"2024-05-27T07:49:48","guid":{"rendered":"https:\/\/arantv.az\/?p=725452"},"modified":"2024-05-27T11:49:48","modified_gmt":"2024-05-27T07:49:48","slug":"xin-fransanin-az%c9%99rbaycana-qarsi-t%c9%99xribatlari-cavabsiz-qalmayacaq","status":"publish","type":"post","link":"https:\/\/arantv.az\/?p=725452","title":{"rendered":"X\u0130N: &#8220;Fransan\u0131n Az\u0259rbaycana qar\u015f\u0131 t\u0259xribatlar\u0131 cavabs\u0131z qalmayacaq&#8221;"},"content":{"rendered":"<p>&#8220;Fransa t\u0259r\u0259fi \u0259min olmal\u0131d\u0131r ki, \u00f6lk\u0259miz\u0259 qar\u015f\u0131 h\u0259yata ke\u00e7irdiyi kampaniya, s\u0259sl\u0259ndiril\u0259n nalayiq ifad\u0259l\u0259r v\u0259 t\u0259xribatlar cavabs\u0131z qalmayacaq&#8221;.<\/p>\n<p><b>ARANTV.AZ <\/b>x\u0259b\u0259r verir ki, bunu Xarici \u0130\u015fl\u0259r Nazirliyinin m\u0259tbuat katibi Ayxan Hac\u0131zad\u0259nin Fransa t\u0259r\u0259finin Az\u0259rbaycan\u0131 &#8220;diktatura&#8221; adland\u0131rmas\u0131 m\u0259s\u0259l\u0259si il\u0259 ba\u011fl\u0131 yerli median\u0131n sual\u0131na cavabland\u0131rark\u0259n deyib.<\/p>\n<p>&#8220;Fransa t\u0259r\u0259fi bu kimi m\u0259suliyy\u0259tsiz v\u0259 q\u0259buledilm\u0259z a\u00e7\u0131qlamalara g\u00f6r\u0259 n\u0259inki \u00fczrxahl\u0131q dil\u0259m\u0259yib, h\u0259tta &#8220;Le Point&#8221; v\u0259 dig\u0259r bu kimi yerli Fransa m\u0259tbuat\u0131nda Az\u0259rbaycana qar\u015f\u0131 qarayaxma kampaniyas\u0131n\u0131 daha da geni\u015fl\u0259ndirib.<\/p>\n<p>Bu \u00f6lk\u0259nin &#8220;demokratiya&#8221; p\u0259rd\u0259sin\u0259 b\u00fcr\u00fcn\u0259r\u0259k Az\u0259rbaycana qar\u015f\u0131 h\u0259yata ke\u00e7irdiyi kampaniya Fransan\u0131n xarici siyas\u0259tinin u\u011fursuzlu\u011funun \u00f6rt-basd\u0131r edilm\u0259si c\u0259hdidir.<\/p>\n<p>Bununla yana\u015f\u0131, d\u00fcnyaya &#8220;demokratiya d\u0259rsi&#8221; ke\u00e7m\u0259y\u0259 \u00e7al\u0131\u015fan Fransan\u0131n beyn\u0259lxalq h\u00fcquqi pozuntular\u0131, neokolonial siyas\u0259ti, irq\u00e7ilik, diskriminasiya, islamofobia, insan h\u00fcquqlar\u0131n\u0131n m\u0259hdudla\u015fd\u0131r\u0131lmas\u0131 kimi f\u0259aliyy\u0259ti h\u0259r k\u0259s\u0259 m\u0259lumdur. Buna g\u00f6r\u0259 d\u0259, Az\u0259rbaycan\u0131 &#8220;diktatura&#8221; adland\u0131rmazdan \u0259vv\u0259l, Fransan\u0131n bu f\u0259aliyy\u0259tind\u0259n d\u0259rs \u00e7\u0131xarmas\u0131 faydal\u0131 olard\u0131.<\/p>\n<p>Fransa t\u0259r\u0259fi \u0259min olmal\u0131d\u0131r ki, \u00f6lk\u0259miz\u0259 qar\u015f\u0131 h\u0259yata ke\u00e7irdiyi kampaniya, s\u0259sl\u0259ndiril\u0259n nalayiq ifad\u0259l\u0259r v\u0259 t\u0259xribatlar cavabs\u0131z qalmayacaq&#8221;, &#8211; dey\u0259 A.Hac\u0131zad\u0259 qeyd edib.<\/p>\n","protected":false},"excerpt":{"rendered":"<p>&#8220;Fransa t\u0259r\u0259fi \u0259min olmal\u0131d\u0131r ki, \u00f6lk\u0259miz\u0259 qar\u015f\u0131 h\u0259yata ke\u00e7irdiyi kampaniya, s\u0259sl\u0259ndiril\u0259n nalayiq ifad\u0259l\u0259r v\u0259 t\u0259xribatlar cavabs\u0131z qalmayacaq&#8221;. ARANTV.AZ x\u0259b\u0259r verir ki, bunu Xarici \u0130\u015fl\u0259r Nazirliyinin m\u0259tbuat katibi Ayxan Hac\u0131zad\u0259nin Fransa t\u0259r\u0259finin Az\u0259rbaycan\u0131 &#8220;diktatura&#8221; adland\u0131rmas\u0131 m\u0259s\u0259l\u0259si il\u0259 ba\u011fl\u0131 yerli median\u0131n sual\u0131na cavabland\u0131rark\u0259n deyib. &#8220;Fransa t\u0259r\u0259fi bu kimi m\u0259suliyy\u0259tsiz v\u0259 q\u0259buledilm\u0259z a\u00e7\u0131qlamalara g\u00f6r\u0259 n\u0259inki \u00fczrxahl\u0131q dil\u0259m\u0259yib, h\u0259tta &#8220;Le Point&#8221; v\u0259 dig\u0259r bu kimi yerli Fransa m\u0259tbuat\u0131nda Az\u0259rbaycana qar\u015f\u0131 qarayaxma kampaniyas\u0131n\u0131 daha da geni\u015fl\u0259ndirib. Bu \u00f6lk\u0259nin &#8220;demokratiya&#8221; p\u0259rd\u0259sin\u0259 b\u00fcr\u00fcn\u0259r\u0259k Az\u0259rbaycana qar\u015f\u0131 h\u0259yata ke\u00e7irdiyi kampaniya Fransan\u0131n xarici siyas\u0259tinin u\u011fursuzlu\u011funun \u00f6rt-basd\u0131r edilm\u0259si c\u0259hdidir. Bununla yana\u015f\u0131,&hellip;<\/p>\n","protected":false},"author":2,"featured_media":725453,"comment_status":"closed","ping_status":"closed","sticky":false,"template":"","format":"standard","meta":{"om_disable_all_campaigns":false,"_monsterinsights_skip_tracking":false,"_monsterinsights_sitenote_active":false,"_monsterinsights_sitenote_note":"","_monsterinsights_sitenote_category":0},"categories":[19],"tags":[],"aioseo_notices":[],"gutentor_comment":0,"rttpg_featured_image_url":{"full":["https:\/\/arantv.az\/wp-content\/uploads\/2024\/05\/images-35.jpg",302,167,false],"landscape":["https:\/\/arantv.az\/wp-content\/uploads\/2024\/05\/images-35.jpg",302,167,false],"portraits":["https:\/\/arantv.az\/wp-content\/uploads\/2024\/05\/images-35.jpg",302,167,false],"thumbnail":["https:\/\/arantv.az\/wp-content\/uploads\/2024\/05\/images-35.jpg",302,167,false],"medium":["https:\/\/arantv.az\/wp-content\/uploads\/2024\/05\/images-35.jpg",302,167,false],"large":["https:\/\/arantv.az\/wp-content\/uploads\/2024\/05\/images-35.jpg",302,167,false],"1536x1536":["https:\/\/arantv.az\/wp-content\/uploads\/2024\/05\/images-35.jpg",302,167,false],"2048x2048":["https:\/\/arantv.az\/wp-content\/uploads\/2024\/05\/images-35.jpg",302,167,false],"post-thumbnail":["https:\/\/arantv.az\/wp-content\/uploads\/2024\/05\/images-35-240x167.jpg",240,167,true],"advps-thumb-one":["https:\/\/arantv.az\/wp-content\/uploads\/2024\/05\/images-35.jpg",302,167,false]},"rttpg_author":{"display_name":"V\u00fcsal Rafiqo\u011flu","author_link":"https:\/\/arantv.az\/?author=2"},"rttpg_comment":0,"rttpg_category":"<a href=\"https:\/\/arantv.az\/?cat=19\" rel=\"category\">G\u00fcnd\u0259m<\/a>","rttpg_excerpt":"&#8220;Fransa t\u0259r\u0259fi \u0259min olmal\u0131d\u0131r ki, \u00f6lk\u0259miz\u0259 qar\u015f\u0131 h\u0259yata ke\u00e7irdiyi kampaniya, s\u0259sl\u0259ndiril\u0259n nalayiq ifad\u0259l\u0259r v\u0259 t\u0259xribatlar cavabs\u0131z qalmayacaq&#8221;. ARANTV.AZ x\u0259b\u0259r verir ki, bunu Xarici \u0130\u015fl\u0259r Nazirliyinin m\u0259tbuat katibi Ayxan Hac\u0131zad\u0259nin Fransa t\u0259r\u0259finin Az\u0259rbaycan\u0131 &#8220;diktatura&#8221; adland\u0131rmas\u0131 m\u0259s\u0259l\u0259si il\u0259 ba\u011fl\u0131 yerli median\u0131n sual\u0131na cavabland\u0131rark\u0259n deyib. &#8220;Fransa t\u0259r\u0259fi bu kimi m\u0259suliyy\u0259tsiz v\u0259 q\u0259buledilm\u0259z a\u00e7\u0131qlamalara g\u00f6r\u0259 n\u0259inki \u00fczrxahl\u0131q dil\u0259m\u0259yib, h\u0259tta&hellip;","_links":{"self":[{"href":"https:\/\/arantv.az\/index.php?rest_route=\/wp\/v2\/posts\/725452"}],"collection":[{"href":"https:\/\/arantv.az\/index.php?rest_route=\/wp\/v2\/posts"}],"about":[{"href":"https:\/\/arantv.az\/index.php?rest_route=\/wp\/v2\/types\/post"}],"author":[{"embeddable":true,"href":"https:\/\/arantv.az\/index.php?rest_route=\/wp\/v2\/users\/2"}],"replies":[{"embeddable":true,"href":"https:\/\/arantv.az\/index.php?rest_route=%2Fwp%2Fv2%2Fcomments&post=725452"}],"version-history":[{"count":0,"href":"https:\/\/arantv.az\/index.php?rest_route=\/wp\/v2\/posts\/725452\/revisions"}],"wp:featuredmedia":[{"embeddable":true,"href":"https:\/\/arantv.az\/index.php?rest_route=\/wp\/v2\/media\/725453"}],"wp:attachment":[{"href":"https:\/\/arantv.az\/index.php?rest_route=%2Fwp%2Fv2%2Fmedia&parent=725452"}],"wp:term":[{"taxonomy":"category","embeddable":true,"href":"https:\/\/arantv.az\/index.php?rest_route=%2Fwp%2Fv2%2Fcategories&post=725452"},{"taxonomy":"post_tag","embeddable":true,"href":"https:\/\/arantv.az\/index.php?rest_route=%2Fwp%2Fv2%2Ftags&post=725452"}],"curies":[{"name":"wp","href":"https:\/\/api.w.org\/{rel}","templated":true}]}}