{"id":725455,"date":"2024-05-27T11:50:50","date_gmt":"2024-05-27T07:50:50","guid":{"rendered":"https:\/\/arantv.az\/?p=725455"},"modified":"2024-05-27T11:50:50","modified_gmt":"2024-05-27T07:50:50","slug":"nazir-az%c9%99rbaycan-m%c9%99kt%c9%99bl%c9%99rind%c9%99-cop28-d%c9%99n-oyr%c9%99nil%c9%99n-d%c9%99rsl%c9%99rin-t%c9%99tbiqi-istiqam%c9%99tind%c9%99-isl%c9%99r-gedir","status":"publish","type":"post","link":"https:\/\/arantv.az\/?p=725455","title":{"rendered":"Nazir: &#8220;Az\u0259rbaycan m\u0259kt\u0259bl\u0259rind\u0259 COP28-d\u0259n \u00f6yr\u0259nil\u0259n d\u0259rsl\u0259rin t\u0259tbiqi istiqam\u0259tind\u0259 i\u015fl\u0259r gedir&#8221;"},"content":{"rendered":"<p>&#8220;Az\u0259rbaycan m\u0259kt\u0259bl\u0259rind\u0259 COP28-d\u0259n \u00f6yr\u0259nil\u0259n d\u0259rsl\u0259rin t\u0259tbiqi istiqam\u0259tind\u0259 i\u015fl\u0259r gedir&#8221;.<\/p>\n<p><strong>ARANTV.AZ <\/strong>x\u0259b\u0259r verir ki, bunu elm v\u0259 t\u0259hsil naziri Emin \u018fmrullayev &#8220;Ya\u015f\u0131l art\u0131m g\u00fcnd\u0259liyind\u0259 t\u0259hsil&#8221; m\u00f6vzusunda ke\u00e7iril\u0259n konfransda \u00e7\u0131x\u0131\u015f\u0131 zaman\u0131 deyib.<\/p>\n<p>E.\u018fmrullayev bildirib ki, Az\u0259rbaycanda ke\u00e7iril\u0259c\u0259k COP29 \u00e7\u0259r\u00e7iv\u0259sind\u0259 g\u00f6r\u0259c\u0259yimiz t\u0259\u015f\u0259bb\u00fcsd\u0259n biri kimi tarix\u0259 d\u00fc\u015f\u0259c\u0259k, uzunm\u00fcdd\u0259tli v\u0259d\u0259d\u0259 n\u0259tic\u0259l\u0259r g\u00f6r\u00fcl\u0259 bil\u0259c\u0259k.<\/p>\n<p>O vur\u011fulay\u0131b ki, ya\u015f\u0131l t\u0259hsil v\u0259 ya ya\u015f\u0131l transformasiya prosesi \u00f6z-\u00f6zl\u00fcy\u00fcnd\u0259 yenidir:<\/p>\n<p>&#8220;Haz\u0131rda d\u00fcnya b\u00fct\u00fcn t\u0259hsil pill\u0259l\u0259ri \u00fczr\u0259 prosesin d\u00fczg\u00fcn \u00f6l\u00e7\u00fclm\u0259si v\u0259 h\u0259d\u0259fl\u0259rin qoyulmas\u0131 istiqam\u0259tind\u0259 i\u015f davam edir&#8221;.<\/p>\n","protected":false},"excerpt":{"rendered":"<p>&#8220;Az\u0259rbaycan m\u0259kt\u0259bl\u0259rind\u0259 COP28-d\u0259n \u00f6yr\u0259nil\u0259n d\u0259rsl\u0259rin t\u0259tbiqi istiqam\u0259tind\u0259 i\u015fl\u0259r gedir&#8221;. ARANTV.AZ x\u0259b\u0259r verir ki, bunu elm v\u0259 t\u0259hsil naziri Emin \u018fmrullayev &#8220;Ya\u015f\u0131l art\u0131m g\u00fcnd\u0259liyind\u0259 t\u0259hsil&#8221; m\u00f6vzusunda ke\u00e7iril\u0259n konfransda \u00e7\u0131x\u0131\u015f\u0131 zaman\u0131 deyib. E.\u018fmrullayev bildirib ki, Az\u0259rbaycanda ke\u00e7iril\u0259c\u0259k COP29 \u00e7\u0259r\u00e7iv\u0259sind\u0259 g\u00f6r\u0259c\u0259yimiz t\u0259\u015f\u0259bb\u00fcsd\u0259n biri kimi tarix\u0259 d\u00fc\u015f\u0259c\u0259k, uzunm\u00fcdd\u0259tli v\u0259d\u0259d\u0259 n\u0259tic\u0259l\u0259r g\u00f6r\u00fcl\u0259 bil\u0259c\u0259k. O vur\u011fulay\u0131b ki, ya\u015f\u0131l t\u0259hsil v\u0259 ya ya\u015f\u0131l transformasiya prosesi \u00f6z-\u00f6zl\u00fcy\u00fcnd\u0259 yenidir: &#8220;Haz\u0131rda d\u00fcnya b\u00fct\u00fcn t\u0259hsil pill\u0259l\u0259ri \u00fczr\u0259 prosesin d\u00fczg\u00fcn \u00f6l\u00e7\u00fclm\u0259si v\u0259 h\u0259d\u0259fl\u0259rin qoyulmas\u0131 istiqam\u0259tind\u0259 i\u015f davam edir&#8221;.<\/p>\n","protected":false},"author":2,"featured_media":725456,"comment_status":"closed","ping_status":"closed","sticky":false,"template":"","format":"standard","meta":{"om_disable_all_campaigns":false,"_monsterinsights_skip_tracking":false,"_monsterinsights_sitenote_active":false,"_monsterinsights_sitenote_note":"","_monsterinsights_sitenote_category":0},"categories":[1],"tags":[],"aioseo_notices":[],"gutentor_comment":0,"rttpg_featured_image_url":{"full":["https:\/\/arantv.az\/wp-content\/uploads\/2024\/05\/emin.jpg",800,525,false],"landscape":["https:\/\/arantv.az\/wp-content\/uploads\/2024\/05\/emin.jpg",800,525,false],"portraits":["https:\/\/arantv.az\/wp-content\/uploads\/2024\/05\/emin.jpg",800,525,false],"thumbnail":["https:\/\/arantv.az\/wp-content\/uploads\/2024\/05\/emin-500x280.jpg",500,280,true],"medium":["https:\/\/arantv.az\/wp-content\/uploads\/2024\/05\/emin-556x365.jpg",556,365,true],"large":["https:\/\/arantv.az\/wp-content\/uploads\/2024\/05\/emin.jpg",640,420,false],"1536x1536":["https:\/\/arantv.az\/wp-content\/uploads\/2024\/05\/emin.jpg",800,525,false],"2048x2048":["https:\/\/arantv.az\/wp-content\/uploads\/2024\/05\/emin.jpg",800,525,false],"post-thumbnail":["https:\/\/arantv.az\/wp-content\/uploads\/2024\/05\/emin-240x172.jpg",240,172,true],"advps-thumb-one":["https:\/\/arantv.az\/wp-content\/uploads\/2024\/05\/emin.jpg",800,525,false]},"rttpg_author":{"display_name":"V\u00fcsal Rafiqo\u011flu","author_link":"https:\/\/arantv.az\/?author=2"},"rttpg_comment":0,"rttpg_category":"<a href=\"https:\/\/arantv.az\/?cat=1\" rel=\"category\">C\u0259miyy\u0259t<\/a>","rttpg_excerpt":"&#8220;Az\u0259rbaycan m\u0259kt\u0259bl\u0259rind\u0259 COP28-d\u0259n \u00f6yr\u0259nil\u0259n d\u0259rsl\u0259rin t\u0259tbiqi istiqam\u0259tind\u0259 i\u015fl\u0259r gedir&#8221;. ARANTV.AZ x\u0259b\u0259r verir ki, bunu elm v\u0259 t\u0259hsil naziri Emin \u018fmrullayev &#8220;Ya\u015f\u0131l art\u0131m g\u00fcnd\u0259liyind\u0259 t\u0259hsil&#8221; m\u00f6vzusunda ke\u00e7iril\u0259n konfransda \u00e7\u0131x\u0131\u015f\u0131 zaman\u0131 deyib. E.\u018fmrullayev bildirib ki, Az\u0259rbaycanda ke\u00e7iril\u0259c\u0259k COP29 \u00e7\u0259r\u00e7iv\u0259sind\u0259 g\u00f6r\u0259c\u0259yimiz t\u0259\u015f\u0259bb\u00fcsd\u0259n biri kimi tarix\u0259 d\u00fc\u015f\u0259c\u0259k, uzunm\u00fcdd\u0259tli v\u0259d\u0259d\u0259 n\u0259tic\u0259l\u0259r g\u00f6r\u00fcl\u0259 bil\u0259c\u0259k. O vur\u011fulay\u0131b ki, ya\u015f\u0131l t\u0259hsil v\u0259 ya&hellip;","_links":{"self":[{"href":"https:\/\/arantv.az\/index.php?rest_route=\/wp\/v2\/posts\/725455"}],"collection":[{"href":"https:\/\/arantv.az\/index.php?rest_route=\/wp\/v2\/posts"}],"about":[{"href":"https:\/\/arantv.az\/index.php?rest_route=\/wp\/v2\/types\/post"}],"author":[{"embeddable":true,"href":"https:\/\/arantv.az\/index.php?rest_route=\/wp\/v2\/users\/2"}],"replies":[{"embeddable":true,"href":"https:\/\/arantv.az\/index.php?rest_route=%2Fwp%2Fv2%2Fcomments&post=725455"}],"version-history":[{"count":0,"href":"https:\/\/arantv.az\/index.php?rest_route=\/wp\/v2\/posts\/725455\/revisions"}],"wp:featuredmedia":[{"embeddable":true,"href":"https:\/\/arantv.az\/index.php?rest_route=\/wp\/v2\/media\/725456"}],"wp:attachment":[{"href":"https:\/\/arantv.az\/index.php?rest_route=%2Fwp%2Fv2%2Fmedia&parent=725455"}],"wp:term":[{"taxonomy":"category","embeddable":true,"href":"https:\/\/arantv.az\/index.php?rest_route=%2Fwp%2Fv2%2Fcategories&post=725455"},{"taxonomy":"post_tag","embeddable":true,"href":"https:\/\/arantv.az\/index.php?rest_route=%2Fwp%2Fv2%2Ftags&post=725455"}],"curies":[{"name":"wp","href":"https:\/\/api.w.org\/{rel}","templated":true}]}}