{"id":725461,"date":"2024-05-27T11:54:30","date_gmt":"2024-05-27T07:54:30","guid":{"rendered":"https:\/\/arantv.az\/?p=725461"},"modified":"2024-05-27T11:54:30","modified_gmt":"2024-05-27T07:54:30","slug":"must%c9%99qilliyimiz-%c9%99b%c9%99didir-donm%c9%99zdir-sarsilmazdir-2","status":"publish","type":"post","link":"https:\/\/arantv.az\/?p=725461","title":{"rendered":"M\u00fcst\u0259qilliyimiz \u0259b\u0259didir, d\u00f6nm\u0259zdir, sars\u0131lmazd\u0131r!"},"content":{"rendered":"<h5>Az\u0259rbaycan xalq\u0131 d\u00fcnyan\u0131n \u0259n q\u0259dim d\u00f6vl\u0259t\u00e7ilik \u0259n\u0259n\u0259l\u0259rin\u0259 malik olan xalqlar\u0131ndan biridir. T\u0259qrib\u0259n 5 min illik d\u00f6vl\u0259t\u00e7ilik tarixin\u0259 malik olan Az\u0259rbaycan \u00f6z m\u0259d\u0259niyy\u0259tinin, ad\u0259t-\u0259n\u0259n\u0259l\u0259rinin, \u0259d\u0259biyyat\u0131n\u0131n, elm v\u0259 t\u0259hsilinin t\u0259r\u0259qqisind\u0259 b\u00f6y\u00fck nailiyy\u0259tl\u0259r\u0259 imza at\u0131b.\u00a0 H\u0259r bir mill\u0259ti tan\u0131dan v\u0259 onu dig\u0259r xalqlardan f\u0259rql\u0259ndir\u0259n \u0259n vacib x\u00fcsusiyy\u0259tl\u0259rind\u0259n biri onun y\u00fcks\u0259k m\u0259n\u0259vi d\u0259y\u0259rl\u0259r sistemin\u0259 malik olmas\u0131d\u0131r.\u00a0Az\u0259rbaycan b\u00fct\u00fcn tarixi d\u00f6vrl\u0259rd\u0259 b\u0259\u015f\u0259r m\u0259d\u0259niyy\u0259tin\u0259 \u0259v\u0259zsiz t\u00f6hf\u0259l\u0259r vermi\u015fdir.<\/h5>\n<p>28 may 1918-ci ild\u0259 Az\u0259rbaycan Xalq C\u00fcmhuriyy\u0259tinin yarad\u0131lmas\u0131 il\u0259 tariximizd\u0259 yeni bir s\u0259hif\u0259nin ba\u015flan\u011f\u0131c\u0131 qoyuldu. \u0130stiqlal B\u0259yannam\u0259sinin elan edilm\u0259si xalq\u0131m\u0131z\u0131n m\u00fcst\u0259qil d\u00f6vl\u0259t\u0259 sahib olmaq irad\u0259sinin t\u0259nt\u0259n\u0259si idi. Azad, demokratik respublika qurmaq m\u0259qs\u0259dini qar\u015f\u0131ya qoyan Az\u0259rbaycan Xalq C\u00fcmhuriyy\u0259tinin qurucular\u0131 yeni f\u0259aliyy\u0259t\u0259 ba\u015flam\u0131\u015f parlamentin q\u0259bul etdiyi qanunlar milli m\u00fcst\u0259qilliyin m\u00f6hk\u0259ml\u0259ndirilm\u0259sind\u0259, \u00f6lk\u0259d\u0259 siyasi, iqtisadi v\u0259 m\u0259d\u0259ni inki\u015faf\u0131n t\u0259min olunmas\u0131nda, habel\u0259, demokratik prinsipl\u0259rin t\u0259sbit edilm\u0259sind\u0259 \u0259sasl\u0131 rol oynad\u0131.<\/p>\n<p>Az\u0259rbaycan Xalq C\u00fcmhuriyy\u0259ti c\u0259mi 23 ay ya\u015fasa da, d\u00f6vl\u0259t\u00e7iliyimizin b\u0259rpas\u0131 bax\u0131m\u0131ndan m\u00fcst\u0259sna \u0259h\u0259miyy\u0259t\u0259 malik oldu. 28 aprel i\u015f\u011fal\u0131 Az\u0259rbaycan Xalq C\u00fcmhuriyy\u0259tinin m\u00f6vcudlu\u011funa son qoysa da, azadl\u0131qsev\u0259r xalq\u0131m\u0131z 18 oktyabr \u00a01991-ci ild\u0259 \u00f6z d\u00f6vl\u0259t m\u00fcst\u0259qilliyini yenid\u0259n b\u0259rpa etdi v\u0259 bu d\u00f6vl\u0259t m\u00fcst\u0259qilliyinin qorunub saxlanmas\u0131na, m\u00f6hk\u0259ml\u0259ndirilm\u0259sin\u0259 Ulu \u00d6nd\u0259r Heyd\u0259r \u018fliyev \u0259v\u0259zsiz t\u00f6hf\u0259l\u0259r verdi. Ulu \u00d6nd\u0259r 1918-ci ilin 28 may\u0131nda Az\u0259rbaycan Xalq C\u00fcmhuriyy\u0259tinin elan edilm\u0259sinin tarixi \u0259h\u0259miyy\u0259tini son d\u0259r\u0259c\u0259 y\u00fcks\u0259k qiym\u0259tl\u0259ndirmi\u015fdir.<\/p>\n<p>\u00dcmummilli liderimiz Heyd\u0259r \u018fliyevin \u201cM\u00fcst\u0259qilliyi qorumaq, saxlamaq o m\u00fcst\u0259qilliyi \u0259ld\u0259 etm\u0259kd\u0259n qat-qat \u00e7\u0259tin bir v\u0259zif\u0259dir\u201d fikirl\u0259ri tarixin s\u0131na\u011f\u0131ndan ke\u00e7mi\u015f hikm\u0259tli s\u00f6zl\u0259rdir. Ulu \u00d6nd\u0259r Heyd\u0259r \u018fliyev deyirdi: \u201cBiz ilk Demokratik C\u00fcmhuriyy\u0259tin yaranmas\u0131 g\u00fcn\u00fcn\u00fc \u0259ziz tutaraq, onu Az\u0259rbaycan\u0131n d\u00f6vl\u0259t m\u00fcst\u0259qilliyi g\u00fcn\u00fc \u2013 Respublika G\u00fcn\u00fc elan etmi\u015fik v\u0259 bu, bizim milli bayram\u0131m\u0131zd\u0131r\u201d.<\/p>\n<p>Az\u0259rbaycan Xalq C\u00fcmhuriyy\u0259tinin yadigar\u0131 kimi Az\u0259rbaycan bayra\u011f\u0131n\u0131n bu g\u00fcn art\u0131q i\u015f\u011faldan azad olunmu\u015f \u015eu\u015fada dal\u011falanmas\u0131 Az\u0259rbaycan Prezidenti \u0130lham \u018fliyevin g\u0259l\u0259c\u0259k n\u0259sill\u0259r\u0259 unudulmaz d\u00f6vl\u0259t\u00e7ilik \u0259man\u0259tidir. D\u00f6vl\u0259t ba\u015f\u00e7\u0131m\u0131z qeyd edir ki, Az\u0259rbaycan d\u00f6vl\u0259ti v\u0259 xalq\u0131 Az\u0259rbaycan Xalq C\u00fcmhuriyy\u0259tinin qurucular\u0131n\u0131n xatir\u0259sini \u0259ziz tutur. Onlar\u0131n xatir\u0259si bizim q\u0259lbimizd\u0259 ya\u015fay\u0131r.<\/p>\n<p>M\u00fcz\u0259ff\u0259r Ali Ba\u015f Komandan C\u0259nab \u0130lham \u018fliyevin r\u0259hb\u0259rliyi il\u0259 m\u00fcst\u0259qilliyimiz v\u0259 d\u00f6vl\u0259t\u00e7iliyimiz \u00f6t\u0259n h\u0259r g\u00fcn daha da m\u00f6hk\u0259ml\u0259nir. 2021-ci il 15 oktyabr tarixind\u0259 \u201cM\u00fcst\u0259qillik g\u00fcn\u00fc haqq\u0131nda\u201d Az\u0259rbaycan Respublikas\u0131n\u0131n Qanunu q\u0259bul olunmu\u015fdur. Bu Qanun d\u00f6vl\u0259t\u00e7ilik \u0259n\u0259n\u0259l\u0259rimizin \u0259b\u0259di ya\u015fayaca\u011f\u0131n\u0131 bir daha t\u0259sdiq edir. Ulu \u00d6nd\u0259r Heyd\u0259r \u018fliyev t\u0259r\u0259find\u0259n qorunub saxlan\u0131lan m\u00fcst\u0259qilliyimiz bu g\u00fcn Prezident \u0130lham \u018fliyevin r\u0259hb\u0259rliyi il\u0259 daha da m\u00f6hk\u0259ml\u0259ndirilir v\u0259 onun \u0259b\u0259diliyi t\u0259min edilir. M\u00fcz\u0259ff\u0259r Ali Ba\u015f Komandan C\u0259nab \u0130lham \u018fliyevin s\u0259sl\u0259ndirdiyi \u201cM\u00fcst\u0259qilliyimiz \u0259b\u0259didir, d\u00f6nm\u0259zdir, sars\u0131lmazd\u0131r! Ya\u015fas\u0131n g\u00fccl\u00fc, m\u00fcst\u0259qil Az\u0259rbaycan!\u201d ifad\u0259l\u0259ri h\u0259r birimizi sonsuz q\u00fcrurland\u0131r\u0131r.<\/p>\n<p><img src=\"https:\/\/ikisahil.az\/upload\/\/2024\/05\/27\/\/-2c3ddf4b171679487835575837610262485.jpg\" alt=\"\" \/><\/p>\n<p><strong>Vasif S\u0259fiyarov,<\/strong><\/p>\n<p><em>YAP Sumqay\u0131t \u015f\u0259h\u0259r t\u0259\u015fkilat\u0131n\u0131n m\u0259sl\u0259h\u0259t\u00e7isi<\/em><\/p>\n","protected":false},"excerpt":{"rendered":"<p>Az\u0259rbaycan xalq\u0131 d\u00fcnyan\u0131n \u0259n q\u0259dim d\u00f6vl\u0259t\u00e7ilik \u0259n\u0259n\u0259l\u0259rin\u0259 malik olan xalqlar\u0131ndan biridir. T\u0259qrib\u0259n 5 min illik d\u00f6vl\u0259t\u00e7ilik tarixin\u0259 malik olan Az\u0259rbaycan \u00f6z m\u0259d\u0259niyy\u0259tinin, ad\u0259t-\u0259n\u0259n\u0259l\u0259rinin, \u0259d\u0259biyyat\u0131n\u0131n, elm v\u0259 t\u0259hsilinin t\u0259r\u0259qqisind\u0259 b\u00f6y\u00fck nailiyy\u0259tl\u0259r\u0259 imza at\u0131b.\u00a0 H\u0259r bir mill\u0259ti tan\u0131dan v\u0259 onu dig\u0259r xalqlardan f\u0259rql\u0259ndir\u0259n \u0259n vacib x\u00fcsusiyy\u0259tl\u0259rind\u0259n biri onun y\u00fcks\u0259k m\u0259n\u0259vi d\u0259y\u0259rl\u0259r sistemin\u0259 malik olmas\u0131d\u0131r.\u00a0Az\u0259rbaycan b\u00fct\u00fcn tarixi d\u00f6vrl\u0259rd\u0259 b\u0259\u015f\u0259r m\u0259d\u0259niyy\u0259tin\u0259 \u0259v\u0259zsiz t\u00f6hf\u0259l\u0259r vermi\u015fdir. 28 may 1918-ci ild\u0259 Az\u0259rbaycan Xalq C\u00fcmhuriyy\u0259tinin yarad\u0131lmas\u0131 il\u0259 tariximizd\u0259 yeni bir s\u0259hif\u0259nin ba\u015flan\u011f\u0131c\u0131 qoyuldu. \u0130stiqlal B\u0259yannam\u0259sinin elan edilm\u0259si xalq\u0131m\u0131z\u0131n m\u00fcst\u0259qil d\u00f6vl\u0259t\u0259 sahib olmaq irad\u0259sinin t\u0259nt\u0259n\u0259si idi. Azad, demokratik respublika&hellip;<\/p>\n","protected":false},"author":2,"featured_media":725464,"comment_status":"closed","ping_status":"closed","sticky":false,"template":"","format":"standard","meta":{"om_disable_all_campaigns":false,"_monsterinsights_skip_tracking":false,"_monsterinsights_sitenote_active":false,"_monsterinsights_sitenote_note":"","_monsterinsights_sitenote_category":0},"categories":[19],"tags":[],"aioseo_notices":[],"gutentor_comment":0,"rttpg_featured_image_url":{"full":["https:\/\/arantv.az\/wp-content\/uploads\/2024\/05\/ba3c5fe1171679483156585774410155945-1.png",975,540,false],"landscape":["https:\/\/arantv.az\/wp-content\/uploads\/2024\/05\/ba3c5fe1171679483156585774410155945-1.png",975,540,false],"portraits":["https:\/\/arantv.az\/wp-content\/uploads\/2024\/05\/ba3c5fe1171679483156585774410155945-1.png",975,540,false],"thumbnail":["https:\/\/arantv.az\/wp-content\/uploads\/2024\/05\/ba3c5fe1171679483156585774410155945-1-500x280.png",500,280,true],"medium":["https:\/\/arantv.az\/wp-content\/uploads\/2024\/05\/ba3c5fe1171679483156585774410155945-1-660x365.png",660,365,true],"large":["https:\/\/arantv.az\/wp-content\/uploads\/2024\/05\/ba3c5fe1171679483156585774410155945-1-840x465.png",640,354,true],"1536x1536":["https:\/\/arantv.az\/wp-content\/uploads\/2024\/05\/ba3c5fe1171679483156585774410155945-1.png",975,540,false],"2048x2048":["https:\/\/arantv.az\/wp-content\/uploads\/2024\/05\/ba3c5fe1171679483156585774410155945-1.png",975,540,false],"post-thumbnail":["https:\/\/arantv.az\/wp-content\/uploads\/2024\/05\/ba3c5fe1171679483156585774410155945-1-240x172.png",240,172,true],"advps-thumb-one":["https:\/\/arantv.az\/wp-content\/uploads\/2024\/05\/ba3c5fe1171679483156585774410155945-1.png",975,540,false]},"rttpg_author":{"display_name":"V\u00fcsal Rafiqo\u011flu","author_link":"https:\/\/arantv.az\/?author=2"},"rttpg_comment":0,"rttpg_category":"<a href=\"https:\/\/arantv.az\/?cat=19\" rel=\"category\">G\u00fcnd\u0259m<\/a>","rttpg_excerpt":"Az\u0259rbaycan xalq\u0131 d\u00fcnyan\u0131n \u0259n q\u0259dim d\u00f6vl\u0259t\u00e7ilik \u0259n\u0259n\u0259l\u0259rin\u0259 malik olan xalqlar\u0131ndan biridir. T\u0259qrib\u0259n 5 min illik d\u00f6vl\u0259t\u00e7ilik tarixin\u0259 malik olan Az\u0259rbaycan \u00f6z m\u0259d\u0259niyy\u0259tinin, ad\u0259t-\u0259n\u0259n\u0259l\u0259rinin, \u0259d\u0259biyyat\u0131n\u0131n, elm v\u0259 t\u0259hsilinin t\u0259r\u0259qqisind\u0259 b\u00f6y\u00fck nailiyy\u0259tl\u0259r\u0259 imza at\u0131b.\u00a0 H\u0259r bir mill\u0259ti tan\u0131dan v\u0259 onu dig\u0259r xalqlardan f\u0259rql\u0259ndir\u0259n \u0259n vacib x\u00fcsusiyy\u0259tl\u0259rind\u0259n biri onun y\u00fcks\u0259k m\u0259n\u0259vi d\u0259y\u0259rl\u0259r sistemin\u0259 malik olmas\u0131d\u0131r.\u00a0Az\u0259rbaycan b\u00fct\u00fcn tarixi d\u00f6vrl\u0259rd\u0259&hellip;","_links":{"self":[{"href":"https:\/\/arantv.az\/index.php?rest_route=\/wp\/v2\/posts\/725461"}],"collection":[{"href":"https:\/\/arantv.az\/index.php?rest_route=\/wp\/v2\/posts"}],"about":[{"href":"https:\/\/arantv.az\/index.php?rest_route=\/wp\/v2\/types\/post"}],"author":[{"embeddable":true,"href":"https:\/\/arantv.az\/index.php?rest_route=\/wp\/v2\/users\/2"}],"replies":[{"embeddable":true,"href":"https:\/\/arantv.az\/index.php?rest_route=%2Fwp%2Fv2%2Fcomments&post=725461"}],"version-history":[{"count":0,"href":"https:\/\/arantv.az\/index.php?rest_route=\/wp\/v2\/posts\/725461\/revisions"}],"wp:featuredmedia":[{"embeddable":true,"href":"https:\/\/arantv.az\/index.php?rest_route=\/wp\/v2\/media\/725464"}],"wp:attachment":[{"href":"https:\/\/arantv.az\/index.php?rest_route=%2Fwp%2Fv2%2Fmedia&parent=725461"}],"wp:term":[{"taxonomy":"category","embeddable":true,"href":"https:\/\/arantv.az\/index.php?rest_route=%2Fwp%2Fv2%2Fcategories&post=725461"},{"taxonomy":"post_tag","embeddable":true,"href":"https:\/\/arantv.az\/index.php?rest_route=%2Fwp%2Fv2%2Ftags&post=725461"}],"curies":[{"name":"wp","href":"https:\/\/api.w.org\/{rel}","templated":true}]}}