{"id":725491,"date":"2024-05-27T12:46:38","date_gmt":"2024-05-27T08:46:38","guid":{"rendered":"https:\/\/arantv.az\/?p=725491"},"modified":"2024-05-27T12:46:38","modified_gmt":"2024-05-27T08:46:38","slug":"qazaxin-4-k%c9%99ndinin-az%c9%99rbaycana-qaytarilmasi-olk%c9%99mizin-novb%c9%99ti-diplomatik-q%c9%99l%c9%99b%c9%99sidir","status":"publish","type":"post","link":"https:\/\/arantv.az\/?p=725491","title":{"rendered":"Qazax\u0131n 4 k\u0259ndinin Az\u0259rbaycana qaytar\u0131lmas\u0131 \u00f6lk\u0259mizin n\u00f6vb\u0259ti diplomatik q\u0259l\u0259b\u0259sidir"},"content":{"rendered":"<p><strong><em>May\u0131n 24-d\u0259 Qazax rayonunun Ba\u011fanis Ayr\u0131m, A\u015fa\u011f\u0131 \u018fskipara, Xeyrimli v\u0259 Q\u0131z\u0131lhac\u0131l\u0131 k\u0259ndl\u0259ri 32 illik i\u015f\u011faldan sonra Az\u0259rbaycan D\u00f6vl\u0259t S\u0259rh\u0259d Xidm\u0259ti t\u0259r\u0259find\u0259n n\u0259zar\u0259t\u0259 g\u00f6t\u00fcr\u00fcl\u00fcb. R\u0259smi Bak\u0131 v\u0259 \u0130r\u0259van aras\u0131nda apar\u0131lan delimitasiya i\u015fl\u0259ri n\u0259tic\u0259sind\u0259 12,7 kilometr uzunlu\u011funda s\u0259rh\u0259d x\u0259tti m\u00fc\u0259yy\u0259n edilib v\u0259 bununla da 6,5 kvadratkilometr \u0259razinin Az\u0259rbaycana qaytar\u0131lmas\u0131 t\u0259min olunub. K\u0259ndl\u0259rimiz\u0259 n\u0259zar\u0259tin t\u0259min edilm\u0259si il\u0259 ba\u011fl\u0131 Prezident, Ali Ba\u015f Komandan \u0130lham \u018fliyev\u0259 DSX-n\u0131n general-mayoru, V\u0259t\u0259n M\u00fcharib\u0259si Q\u0259hr\u0259man\u0131 V\u00fcsal Sultanov m\u0259ruz\u0259 edib.<\/em><\/strong><\/p>\n<p><strong><em><img src=\"https:\/\/ikisahil.az\/upload\/\/2024\/05\/27\/\/-36107e6b171679872197034560910655952.jpg\" alt=\"\" \/><\/em><\/strong><\/p>\n<p>Qazax\u0131n 4 k\u0259ndind\u0259 d\u00f6vl\u0259t suverenliyinin b\u0259rpa edilm\u0259si d\u00f6vl\u0259t ba\u015f\u00e7\u0131s\u0131n\u0131n m\u00fcdrik siyas\u0259tinin v\u0259 Az\u0259rbaycan Ordusunun 44 g\u00fcnl\u00fck V\u0259t\u0259n m\u00fcharib\u0259sind\u0259 qazand\u0131\u011f\u0131 \u015eanl\u0131 Z\u0259f\u0259rin n\u0259tic\u0259sidir. \u0130kinci Qaraba\u011f m\u00fcharib\u0259si, 2022-ci ilin sentyabr d\u00f6y\u00fc\u015fl\u0259ri, Qisas \u0259m\u0259liyyatlar\u0131 v\u0259 2023-c\u00fc ilin sentyabr ay\u0131nda Xank\u0259ndi v\u0259 \u0259traf \u0259razil\u0259rin azad edilm\u0259si Az\u0259rbaycana qalib \u00f6lk\u0259 imici qazand\u0131rd\u0131. M\u0259hz bu amil dan\u0131\u015f\u0131qlar prosesind\u0259 r\u0259smi Bak\u0131n\u0131n dikt\u0259 ed\u0259n t\u0259r\u0259f\u0259 \u00e7evrilm\u0259sind\u0259 ba\u015fl\u0131ca rol oynay\u0131b. Xat\u0131rladaq ki, Prezident, Ali Ba\u015f Komandan \u0130lham \u018fliyevin tap\u015f\u0131r\u0131\u011f\u0131na \u0259sas\u0259n Qazax rayonunun Ba\u011fanis Ayr\u0131m, A\u015fa\u011f\u0131 \u018fskipara, Xeyrimli v\u0259 Q\u0131z\u0131lhac\u0131l\u0131 k\u0259ndl\u0259rinin i\u015f\u011faldan azad olunmas\u0131n\u0131 t\u0259min etm\u0259k m\u0259qs\u0259dil\u0259 aprelin 19-da Az\u0259rbaycan v\u0259 Erm\u0259nistan aras\u0131nda d\u00f6vl\u0259t s\u0259rh\u0259dinin delimitasiyas\u0131 \u00fczr\u0259 D\u00f6vl\u0259t Komissiyas\u0131 v\u0259 Erm\u0259nistan v\u0259 Az\u0259rbaycan aras\u0131nda d\u00f6vl\u0259t s\u0259rh\u0259dinin delimitasiyas\u0131 m\u0259s\u0259l\u0259l\u0259ri v\u0259 S\u0259rh\u0259d T\u0259hl\u00fck\u0259sizliyi \u00fczr\u0259 Komissiyan\u0131n s\u0259kkizinci g\u00f6r\u00fc\u015f\u00fcn\u00fcn protokolu imzalan\u0131b. Protokolun h\u0259yata ke\u00e7irilm\u0259si \u00fc\u00e7\u00fcn s\u0259rh\u0259d x\u0259ttinin koordinatlar\u0131 \u00fczr\u0259 d\u0259qiql\u0259\u015fdirm\u0259 apar\u0131l\u0131b v\u0259 birg\u0259 \u00e7\u00f6l i\u015fl\u0259rinin n\u0259tic\u0259l\u0259ri haqq\u0131nda texniki protokol t\u0259rtib edilib. May\u0131n 15-d\u0259 is\u0259 Az\u0259rbaycan v\u0259 Erm\u0259nistan aras\u0131nda s\u0259rh\u0259dd\u0259 komissiyalar\u0131n n\u00f6vb\u0259ti doqquzuncu g\u00f6r\u00fc\u015f\u00fc ke\u00e7irilib. S\u00f6z\u00fcged\u0259n texniki protokol raz\u0131la\u015fd\u0131r\u0131l\u0131b v\u0259 bu bar\u0259d\u0259 komissiyalar m\u00fcvafiq protokol imzalay\u0131blar.<\/p>\n<p>K\u0259ndl\u0259rin n\u0259zar\u0259t\u0259 ke\u00e7m\u0259sind\u0259n sonra burada yax\u0131n g\u0259l\u0259c\u0259kd\u0259 s\u0259rh\u0259d infrastrukturunun yarad\u0131lmas\u0131 n\u0259z\u0259rd\u0259 tutulur. Bunun \u00fc\u00e7\u00fcn Az\u0259rbaycan\u0131n m\u00f6vcud olan \u0259vv\u0259lki s\u0259rh\u0259d x\u0259tti yeni m\u00f6vqel\u0259r\u0259 da\u015f\u0131nacaq. H\u0259min \u0259razil\u0259rd\u0259 z\u0259ruri olan s\u0259rh\u0259d q\u00fcll\u0259l\u0259ri v\u0259 s\u0259rh\u0259d mane\u0259 x\u0259tti yerl\u0259\u015fdiril\u0259c\u0259k. Bu \u0259razil\u0259rd\u0259 m\u00f6vcud olan hakim y\u00fcks\u0259klikl\u0259r D\u00f6vl\u0259t S\u0259rh\u0259d Xidm\u0259tinin tamamil\u0259 n\u0259zar\u0259tind\u0259 olacaq ki, bu da g\u0259l\u0259c\u0259kd\u0259 Erm\u0259nistan ordusunun f\u0259aliyy\u0259tini m\u00fc\u015fahid\u0259 etm\u0259y\u0259 v\u0259 onlara qar\u015f\u0131 adekvat t\u0259dbirl\u0259r g\u00f6rm\u0259y\u0259 imkan ver\u0259c\u0259k. \u0130st\u0259nil\u0259n halda Erm\u0259nistan\u0131n bir g\u00fcll\u0259 at\u0131lmadan Az\u0259rbaycan \u0259razil\u0259rini geri qaytarmas\u0131 ondan x\u0259b\u0259r verir ki, \u0130r\u0259van\u0131n ali siyasi r\u0259hb\u0259rliyi Ali Ba\u015f Komandan\u0131m\u0131z\u0131n yanvar\u0131n 10-da s\u0259sl\u0259ndirdiyi v\u0259 bu d\u00f6rd k\u0259ndin Az\u0259rbaycana qeyd-\u015f\u0259rtsiz qaytar\u0131lmas\u0131 bar\u0259d\u0259 b\u0259yanat\u0131n\u0131 kifay\u0259t q\u0259d\u0259r ciddi q\u0259bul edir v\u0259 bu add\u0131m g\u0259l\u0259c\u0259kd\u0259 Az\u0259rbaycan v\u0259 Erm\u0259nistan aras\u0131ndak\u0131 etimad\u0131n m\u00f6hk\u0259ml\u0259nm\u0259si v\u0259 s\u00fclh sazi\u015finin imzalanmas\u0131 \u00fc\u00e7\u00fcn m\u00fcnbit \u015f\u0259rait yarada bil\u0259r.<\/p>\n<p>Bir zamanlar 7902 soyda\u015f\u0131m\u0131z\u0131n ata-baba yurdu olan, Qazax\u0131n yeddi k\u0259ndi Sofulu, Barxudarl\u0131, Ba\u011fanis Ayr\u0131m, Q\u0131z\u0131lhac\u0131l\u0131, Yuxar\u0131 \u018fskipara, A\u015fa\u011f\u0131 \u018fskipara v\u0259 Xeyrimli k\u0259ndl\u0259ri Erm\u0259nistan t\u0259r\u0259find\u0259n i\u015f\u011fal edilib. Maraql\u0131s\u0131 olan odur ki, vaxtil\u0259 2005 ail\u0259nin ya\u015fad\u0131\u011f\u0131 bu k\u0259ndl\u0259r ke\u00e7mi\u015f m\u00fcnaqi\u015f\u0259 zonas\u0131ndan y\u00fczl\u0259rl\u0259 kilometr uzaql\u0131qda yerl\u0259\u015fir.<\/p>\n<p>\u0130\u015f\u011fal tarixin\u0259 n\u0259z\u0259r salsaq g\u00f6r\u0259rik ki, Qazax\u0131n Ba\u011fanis Ayr\u0131m k\u0259ndi 1990-c\u0131 il mart ay\u0131n\u0131n 24-d\u0259 Erm\u0259nistan ordusunun n\u0259zar\u0259tin\u0259 ke\u00e7ib. \u0130\u015f\u011fal zaman\u0131, y\u0259ni 1990-c\u0131 ilin mart\u0131nda \u0259n d\u0259h\u015f\u0259tli hadis\u0259l\u0259r Ba\u011fanis Ayr\u0131m k\u0259ndind\u0259 ba\u015f verib. Erm\u0259nil\u0259r k\u0259ndd\u0259ki bir ail\u0259nin k\u00f6rp\u0259sind\u0259n qocas\u0131na q\u0259d\u0259r be\u015f \u00fczv\u00fcn\u00fc diri-diri yand\u0131r\u0131b. K\u0259ndin alt\u0131 y\u00fczd\u0259n \u00e7ox sakini ya\u015fay\u0131\u015f m\u0259nt\u0259q\u0259sind\u0259n did\u0259rgin d\u00fc\u015f\u00fcb. 1992-ci ilin m\u00fcxt\u0259lif aylar\u0131nda Xeyrimli, Barxudarl\u0131, Sofulu, Yuxar\u0131 \u018fskipara, Q\u0131z\u0131lhac\u0131l\u0131 v\u0259 A\u015fa\u011f\u0131 \u018fskipara k\u0259ndl\u0259ri i\u015f\u011fal edilib. Barxudarl\u0131 v\u0259 Sofuludak\u0131 230 evin ham\u0131s\u0131 talan edil\u0259r\u0259k yand\u0131r\u0131l\u0131b.<\/p>\n<p>Az\u0259rbaycan n\u0259zar\u0259tin\u0259 ke\u00e7\u0259n Q\u0131z\u0131lhacl\u0131 k\u0259ndi Qazax\u0131n \u0259n b\u00f6y\u00fck k\u0259ndidir v\u0259 bu vaxtil\u0259 Az\u0259rbaycan\u0131n me\u015f\u0259 fondunun incil\u0259rind\u0259n hesab edilib. \u0130\u015f\u011fal m\u00fcdd\u0259tind\u0259 erm\u0259nil\u0259r buradak\u0131 a\u011faclar\u0131 q\u0131raraq t\u0259bi\u0259ti d\u0259 m\u0259hv edibl\u0259r. 90-c\u0131 ill\u0259rd\u0259 i\u015f\u011fal zaman\u0131 Erm\u0259nistan t\u0259r\u0259fi strateji y\u00fcks\u0259klikl\u0259rd\u0259 m\u00f6vqe tutub. H\u0259min m\u00f6vqel\u0259rd\u0259n Qazax\u0131n ya\u015fay\u0131\u015f olan dig\u0259r k\u0259ndl\u0259ri at\u0259\u015f\u0259 tutulub.<\/p>\n<p>Amma h\u0259min g\u00fcnl\u0259r gerid\u0259 qal\u0131b. Bundan sonra bu \u0259razid\u0259 Az\u0259rbaycan\u0131n Silahl\u0131 Q\u00fcvv\u0259l\u0259ri xidm\u0259t ed\u0259c\u0259k. 30 ild\u0259n art\u0131qd\u0131r ki, bu k\u0259ndl\u0259rd\u0259 he\u00e7 bir i\u015f g\u00f6r\u00fclm\u0259yib. Qazax\u0131n da\u011f\u0131d\u0131lm\u0131\u015f, viran qalm\u0131\u015f k\u0259ndl\u0259ri yenid\u0259n dir\u00e7\u0259lm\u0259k \u00fc\u00e7\u00fcn \u00f6z do\u011fma sakinl\u0259rini g\u00f6zl\u0259yir.<\/p>\n<p><img src=\"https:\/\/ikisahil.az\/upload\/\/2022\/11\/04\/\/-df0e09d6166753660685957461710761132.jpeg\" alt=\"\" \/><\/p>\n<p><strong>\u0130srafil K\u0259rimov,<\/strong><br \/>\n<em>Az\u0259rbaycan Jurnalistl\u0259r Birliyinin \u00fczv\u00fc<\/em><\/p>\n","protected":false},"excerpt":{"rendered":"<p>May\u0131n 24-d\u0259 Qazax rayonunun Ba\u011fanis Ayr\u0131m, A\u015fa\u011f\u0131 \u018fskipara, Xeyrimli v\u0259 Q\u0131z\u0131lhac\u0131l\u0131 k\u0259ndl\u0259ri 32 illik i\u015f\u011faldan sonra Az\u0259rbaycan D\u00f6vl\u0259t S\u0259rh\u0259d Xidm\u0259ti t\u0259r\u0259find\u0259n n\u0259zar\u0259t\u0259 g\u00f6t\u00fcr\u00fcl\u00fcb. R\u0259smi Bak\u0131 v\u0259 \u0130r\u0259van aras\u0131nda apar\u0131lan delimitasiya i\u015fl\u0259ri n\u0259tic\u0259sind\u0259 12,7 kilometr uzunlu\u011funda s\u0259rh\u0259d x\u0259tti m\u00fc\u0259yy\u0259n edilib v\u0259 bununla da 6,5 kvadratkilometr \u0259razinin Az\u0259rbaycana qaytar\u0131lmas\u0131 t\u0259min olunub. K\u0259ndl\u0259rimiz\u0259 n\u0259zar\u0259tin t\u0259min edilm\u0259si il\u0259 ba\u011fl\u0131 Prezident, Ali Ba\u015f Komandan \u0130lham \u018fliyev\u0259 DSX-n\u0131n general-mayoru, V\u0259t\u0259n M\u00fcharib\u0259si Q\u0259hr\u0259man\u0131 V\u00fcsal Sultanov m\u0259ruz\u0259 edib. Qazax\u0131n 4 k\u0259ndind\u0259 d\u00f6vl\u0259t suverenliyinin b\u0259rpa edilm\u0259si d\u00f6vl\u0259t ba\u015f\u00e7\u0131s\u0131n\u0131n m\u00fcdrik siyas\u0259tinin v\u0259 Az\u0259rbaycan Ordusunun 44 g\u00fcnl\u00fck V\u0259t\u0259n m\u00fcharib\u0259sind\u0259 qazand\u0131\u011f\u0131 \u015eanl\u0131&hellip;<\/p>\n","protected":false},"author":2,"featured_media":725492,"comment_status":"closed","ping_status":"closed","sticky":false,"template":"","format":"standard","meta":{"om_disable_all_campaigns":false,"_monsterinsights_skip_tracking":false,"_monsterinsights_sitenote_active":false,"_monsterinsights_sitenote_note":"","_monsterinsights_sitenote_category":0},"categories":[19],"tags":[],"aioseo_notices":[],"gutentor_comment":0,"rttpg_featured_image_url":{"full":["https:\/\/arantv.az\/wp-content\/uploads\/2024\/05\/fe2b421b171679870690719857910362747.jpg",975,540,false],"landscape":["https:\/\/arantv.az\/wp-content\/uploads\/2024\/05\/fe2b421b171679870690719857910362747.jpg",975,540,false],"portraits":["https:\/\/arantv.az\/wp-content\/uploads\/2024\/05\/fe2b421b171679870690719857910362747.jpg",975,540,false],"thumbnail":["https:\/\/arantv.az\/wp-content\/uploads\/2024\/05\/fe2b421b171679870690719857910362747-500x280.jpg",500,280,true],"medium":["https:\/\/arantv.az\/wp-content\/uploads\/2024\/05\/fe2b421b171679870690719857910362747-660x365.jpg",660,365,true],"large":["https:\/\/arantv.az\/wp-content\/uploads\/2024\/05\/fe2b421b171679870690719857910362747-840x465.jpg",640,354,true],"1536x1536":["https:\/\/arantv.az\/wp-content\/uploads\/2024\/05\/fe2b421b171679870690719857910362747.jpg",975,540,false],"2048x2048":["https:\/\/arantv.az\/wp-content\/uploads\/2024\/05\/fe2b421b171679870690719857910362747.jpg",975,540,false],"post-thumbnail":["https:\/\/arantv.az\/wp-content\/uploads\/2024\/05\/fe2b421b171679870690719857910362747-240x172.jpg",240,172,true],"advps-thumb-one":["https:\/\/arantv.az\/wp-content\/uploads\/2024\/05\/fe2b421b171679870690719857910362747.jpg",975,540,false]},"rttpg_author":{"display_name":"V\u00fcsal Rafiqo\u011flu","author_link":"https:\/\/arantv.az\/?author=2"},"rttpg_comment":0,"rttpg_category":"<a href=\"https:\/\/arantv.az\/?cat=19\" rel=\"category\">G\u00fcnd\u0259m<\/a>","rttpg_excerpt":"May\u0131n 24-d\u0259 Qazax rayonunun Ba\u011fanis Ayr\u0131m, A\u015fa\u011f\u0131 \u018fskipara, Xeyrimli v\u0259 Q\u0131z\u0131lhac\u0131l\u0131 k\u0259ndl\u0259ri 32 illik i\u015f\u011faldan sonra Az\u0259rbaycan D\u00f6vl\u0259t S\u0259rh\u0259d Xidm\u0259ti t\u0259r\u0259find\u0259n n\u0259zar\u0259t\u0259 g\u00f6t\u00fcr\u00fcl\u00fcb. R\u0259smi Bak\u0131 v\u0259 \u0130r\u0259van aras\u0131nda apar\u0131lan delimitasiya i\u015fl\u0259ri n\u0259tic\u0259sind\u0259 12,7 kilometr uzunlu\u011funda s\u0259rh\u0259d x\u0259tti m\u00fc\u0259yy\u0259n edilib v\u0259 bununla da 6,5 kvadratkilometr \u0259razinin Az\u0259rbaycana qaytar\u0131lmas\u0131 t\u0259min olunub. K\u0259ndl\u0259rimiz\u0259 n\u0259zar\u0259tin t\u0259min edilm\u0259si il\u0259 ba\u011fl\u0131&hellip;","_links":{"self":[{"href":"https:\/\/arantv.az\/index.php?rest_route=\/wp\/v2\/posts\/725491"}],"collection":[{"href":"https:\/\/arantv.az\/index.php?rest_route=\/wp\/v2\/posts"}],"about":[{"href":"https:\/\/arantv.az\/index.php?rest_route=\/wp\/v2\/types\/post"}],"author":[{"embeddable":true,"href":"https:\/\/arantv.az\/index.php?rest_route=\/wp\/v2\/users\/2"}],"replies":[{"embeddable":true,"href":"https:\/\/arantv.az\/index.php?rest_route=%2Fwp%2Fv2%2Fcomments&post=725491"}],"version-history":[{"count":0,"href":"https:\/\/arantv.az\/index.php?rest_route=\/wp\/v2\/posts\/725491\/revisions"}],"wp:featuredmedia":[{"embeddable":true,"href":"https:\/\/arantv.az\/index.php?rest_route=\/wp\/v2\/media\/725492"}],"wp:attachment":[{"href":"https:\/\/arantv.az\/index.php?rest_route=%2Fwp%2Fv2%2Fmedia&parent=725491"}],"wp:term":[{"taxonomy":"category","embeddable":true,"href":"https:\/\/arantv.az\/index.php?rest_route=%2Fwp%2Fv2%2Fcategories&post=725491"},{"taxonomy":"post_tag","embeddable":true,"href":"https:\/\/arantv.az\/index.php?rest_route=%2Fwp%2Fv2%2Ftags&post=725491"}],"curies":[{"name":"wp","href":"https:\/\/api.w.org\/{rel}","templated":true}]}}