{"id":725509,"date":"2024-05-27T13:17:15","date_gmt":"2024-05-27T09:17:15","guid":{"rendered":"https:\/\/arantv.az\/?p=725509"},"modified":"2024-05-27T13:17:15","modified_gmt":"2024-05-27T09:17:15","slug":"torpaq-altindan-cixan-cumhuriyy%c9%99t","status":"publish","type":"post","link":"https:\/\/arantv.az\/?p=725509","title":{"rendered":"Torpaq alt\u0131ndan \u00e7\u0131xan C\u00dcMHUR\u0130YY\u018fT"},"content":{"rendered":"<h3><em><strong>SSR\u0130 deyil\u0259n qurulu\u015fun xarabal\u0131qlar\u0131 alt\u0131nda bizim \u00dc\u00e7r\u0259ngli Bayra\u011f\u0131m\u0131z da vard\u0131, Himnimiz d\u0259, Gerbimiz d\u0259&#8230;<\/strong><\/em><\/h3>\n<p><strong>Memar bir yara\u015f\u0131ql\u0131 bina tik\u0259nd\u0259 uzaqdan dayan\u0131b q\u00fcrurla bax\u0131r, bax\u0131r&#8230;1918-ci ilin 28 May\u0131nda Az\u0259rbaycan Xalq C\u00fcmhuriyy\u0259tini quranlar\u0131n ona k\u0259nardan bax\u0131b q\u00fcrurlanma\u011fa zamanlar\u0131 az oldu, \u0259v\u0259zind\u0259 k\u0259nardan xarabal\u0131\u011f\u0131na bax\u0131b \u00e7\u0259rl\u0259yib \u00f6ld\u00fcl\u0259r. Y\u0259qin ki, d\u00fcnya tarixind\u0259 bu c\u00fcr q\u0131sa \u00f6m\u00fcrl\u00fc d\u00f6vl\u0259tl\u0259r, qurulu\u015flar, ittifaqlar \u00e7ox olub. Onlar\u0131n xarabal\u0131qlar\u0131 \u00fcz\u0259rind\u0259 b\u0259lk\u0259 d\u0259 daha m\u00f6hk\u0259m t\u0259m\u0259lli d\u00f6vl\u0259tl\u0259r yaran\u0131b, da\u011f\u0131l\u0131b, yen\u0259 qurulub&#8230;<\/strong><\/p>\n<p>Amma bizim C\u00fcmhuriyy\u0259tin nisgili kimi olmay\u0131b b\u0259lk\u0259 d\u0259&#8230;Bizd\u0259n gizl\u0259tdikl\u0259ri h\u0259qiq\u0259ti o vaxt bildik ki, art\u0131q SSR\u0130 deyil\u0259n qurulu\u015f da\u011f\u0131l\u0131rd\u0131 v\u0259 xarabal\u0131qlar\u0131 alt\u0131nda o C\u00fcmhuriyy\u0259tin i\u015fart\u0131lar\u0131 g\u00f6r\u00fcn\u00fcrd\u00fc. Bizim o xarabal\u0131qlar alt\u0131ndan \u00e7\u0131xan tariximizd\u0259 \u00dc\u00e7r\u0259ngli Bayra\u011f\u0131m\u0131z da vard\u0131, Himnimiz d\u0259, Gerbimiz d\u0259&#8230;Bu \u0259n b\u00f6y\u00fck t\u0259skinliyimiz oldu. O ki\u015fil\u0259r biz\u0259 bunlar\u0131 miras qoyub, q\u0259rib-q\u0259rib diyarlara getmi\u015fdil\u0259r&#8230;<\/p>\n<p>Q\u0259rib m\u0259zarl\u0131qlarda kiml\u0259rimiz var?<\/p>\n<p><img loading=\"lazy\" src=\"https:\/\/cdn.musavat.com\/news\/thumbnails\/34fcbb22425de8136b783a3834f0ace2.jpg\" alt=\"adr_tehsil.jpg (68 KB)\" width=\"700\" height=\"475\" \/><\/p>\n<p><em><strong>M\u0259h\u0259mm\u0259d \u018fmin R\u0259sulzad\u0259-M\u0259zar\u0131 Ankarada.<\/strong><\/em><br \/>\n<em><strong>\u018flim\u0259rdan b\u0259y Top\u00e7uba\u015fov-M\u0259zar\u0131 Parisd\u0259.<\/strong><\/em><br \/>\n<em><strong>F\u0259t\u0259li Xan Xoysk\u0130-M\u0259zar\u0131-Tiflisd\u0259.<\/strong><\/em><br \/>\n<em><strong>M\u0259h\u0259mm\u0259dh\u0259s\u0259n Hac\u0131nski-M\u0259zar\u0131-Tiflisd\u0259 .<\/strong><\/em><br \/>\n<em><strong>\u018fhm\u0259d b\u0259y A\u011fao\u011flu- M\u0259zar\u0131 \u0130stanbulda.<\/strong><\/em><br \/>\n<em><strong>R\u0259him b\u0259y V\u0259kilov-M\u0259zar\u0131-Tiflisd\u0259<\/strong><\/em><br \/>\n<em><strong>H\u0259mid b\u0259y \u015eaxtaxtinski-V\u0259fat yeri Arxangelsk.<\/strong><\/em><br \/>\n<em><strong>\u018fkb\u0259r a\u011fa \u015eeyx\u00fclislamov-V\u0259fat yeri Paris&#8230;<\/strong><\/em><\/p>\n<p>Bunu d\u0259f\u0259l\u0259rl\u0259 yazm\u0131\u015fam: d\u00f6vl\u0259t qurmaq Allah\u0131n se\u00e7ilmi\u015f b\u0259nd\u0259sin\u0259 verdiyi missiyad\u0131r \u015f\u00fcbh\u0259siz, bunun h\u0259r adam\u0131n boyuna bi\u00e7ilm\u0259diyi m\u0259lumdur. Bu Pey\u011f\u0259mb\u0259rlik deyil. Amma n\u0259dirs\u0259, el\u0259 bir vergidir ki, s\u0259n bu i\u015fi g\u00f6rm\u0259lis\u0259n, n\u0259yin bahas\u0131na olursa-olsun bu d\u00f6vl\u0259t\u00e7ilik ideyas\u0131n\u0131 yaymal\u0131san, t\u0259r\u0259fdar toplamal\u0131san, h\u0259mfikirl\u0259r axtarmal\u0131san v\u0259 o ideya ger\u00e7\u0259kl\u0259\u015fm\u0259y\u0259n\u0259d\u0259k geri \u00e7\u0259kilm\u0259m\u0259lis\u0259n. Ya dar a\u011fac\u0131 g\u00f6zl\u0259yir s\u0259ni, ya \u015f\u0259hidlik, ya did\u0259rginlik. Tarixd\u0259 \u0259n maraql\u0131 v\u0259 d\u0259y\u0259rli \u015f\u0259xsiyy\u0259tl\u0259r d\u0259 m\u0259nc\u0259, torpa\u011f\u0131 d\u00f6vl\u0259t ed\u0259nl\u0259rdir.<\/p>\n<p>T\u0259kc\u0259 d\u00f6vl\u0259timizi quran ki\u015fil\u0259ri d\u0259rb\u0259d\u0259r salmay\u0131blar, h\u0259m d\u0259 Az\u0259rbaycan Xalq C\u00fcmhuriyy\u0259ti adl\u0131 d\u00f6vl\u0259timizi bizd\u0259n gizl\u0259dibl\u0259r. D\u00f6vl\u0259ti gizl\u0259tm\u0259k!? \u0130nan\u0131lmaz kimi g\u00f6r\u00fcn\u00fcr, amma m\u0259hz bel\u0259 olub! \u015e\u0259rqd\u0259 ilk demokratik parlamentli respublika quran \u015f\u0259xsiyy\u0259tl\u0259ri qal\u0131n-qal\u0131n tarix kitablar\u0131nda d\u00fc\u015fm\u0259n kimi dam\u011falay\u0131blar. O ideyalar\u0131n h\u0259l\u0259 m\u0259hv olmam\u0131\u015f c\u00fcc\u0259rtil\u0259rini \u00fcr\u0259kl\u0259rind\u0259 da\u015f\u0131yan ziyal\u0131lar\u0131m\u0131z\u0131 37-ci ild\u0259 ya g\u00fcll\u0259l\u0259dib, ya da s\u00fcrg\u00fcnd\u0259 \u00e7\u00fcr\u00fcd\u00fcbl\u0259r.<\/p>\n<p><img loading=\"lazy\" src=\"https:\/\/cdn.musavat.com\/news\/thumbnails\/8eba3f150beaa8e28a2623b788972a09.jpg\" alt=\"cf3aa3bb524f321f067a6d038c1eb8a0 (1).jpeg (226 KB)\" width=\"700\" height=\"402\" \/><\/p>\n<p>C\u00fcmhuriyy\u0259t g\u00fcn\u00fcnd\u0259 \u0259n \u00e7ox \u0130ngilt\u0259r\u0259 krall\u0131\u011f\u0131 yada d\u00fc\u015f\u00fcr. Az\u0259rbaycan\u0131n \u00e7\u0259tin g\u00fcnl\u0259rind\u0259 Bak\u0131ya n\u0259 m\u0259qs\u0259dl\u0259 qo\u015fun yeritdiyi haqda tarixi yenid\u0259n qurdalama\u011f\u0131n m\u0259nas\u0131 yoxdur. Erm\u0259nil\u0259rd\u0259n Osmanl\u0131ya v\u0259 Az\u0259rbaycan\u0131n m\u00fcst\u0259qilliyin\u0259 qar\u015f\u0131 nec\u0259 istifad\u0259 etdikl\u0259ri d\u0259 bilin\u0259n faktlard\u0131r. H\u0259tta \u201cB\u00f6y\u00fck Erm\u0259nistan\u201d x\u0259yal\u0131n\u0131 erm\u0259nil\u0259rin bo\u015f ba\u015flar\u0131na yerl\u0259\u015fdirm\u0259sind\u0259 ingilis h\u00f6kum\u0259tinin x\u00fcsusi rolu olub. Biz tarix\u0259n monarxist deyilik, respublika\u00e7\u0131l\u0131q biz\u0259 daha yax\u0131nd\u0131r, M\u0259h\u0259mm\u0259d \u018fmin R\u0259sulzad\u0259y\u0259 \u0259b\u0259di sevgi v\u0259 r\u0259\u011fb\u0259timizin d\u0259 \u0259sas s\u0259b\u0259bi budur!<\/p>\n<p>M\u0259h\u0259mm\u0259d \u018fmin R\u0259sulzad\u0259 v\u0259 \u0259qid\u0259da\u015flar\u0131n\u0131n b\u00f6y\u00fckl\u00fcy\u00fc d\u00f6vl\u0259ti elan etm\u0259l\u0259ri il\u0259 m\u0259hdudla\u015fm\u0131r, onun demokratik \u0259saslar\u0131n\u0131, idar\u0259edilm\u0259sini, inki\u015faf prinsipl\u0259rini, din\u0259 t\u0259m\u0259l bax\u0131\u015f\u0131n\u0131 yarad\u0131blar. XX \u0259srin \u0259vv\u0259ll\u0259rind\u0259 bel\u0259 m\u0259nal\u0131 bayraq yaratmaq v\u0259 ucaltmaq h\u0259r yox, \u0259r ki\u015fil\u0259rin i\u015fi olub.<\/p>\n<p>Prezident \u0130lham \u018fliyev d\u0259 he\u00e7 \u015f\u00fcbh\u0259siz t\u0259kc\u0259 son 5 illik f\u0259aliyy\u0259ti il\u0259 o d\u00f6vl\u0259ti quranlar\u0131n b\u00fct\u00fcn arzular\u0131n\u0131 yerin\u0259 yetirdi. \u201cQaraba\u011f Az\u0259rbaycand\u0131r\u201d dey\u0259n Ali Ba\u015f Komandan bu tarixi, f\u00f6vq\u0259lad\u0259 m\u0259suliyy\u0259tli i\u015fi bacard\u0131. Az\u0259rbaycan\u0131n belini dik\u0259ltdi, xalq\u0131n q\u0131r\u0131lm\u0131\u015f q\u00fcrurunu b\u0259rpa, C\u00fcmhuriyy\u0259ti y\u0131xanlarla \u0259lbir olan erm\u0259ni lobbisinin is\u0259 100 illik planlar\u0131n\u0131 m\u0259hv etdi. Az\u0259rbaycan xalq\u0131n\u0131n q\u0259lbind\u0259 v\u0259 tarixind\u0259 el\u0259 bir uca yer\u0259 yerl\u0259\u015fdi ki, ona da C\u00fcmhuriyy\u0259t qurucular\u0131 kimi n\u0259 d\u00fc\u015fm\u0259nin \u0259li \u00e7atar, n\u0259 \u00fcn\u00fc yet\u0259r&#8230;<\/p>\n<p>Bu m\u00fcbar\u0259k g\u00fcn \u0259r\u0259f\u0259si \u0259lb\u0259tt\u0259, Az\u0259rbaycan\u0131n azadl\u0131\u011f\u0131 u\u011frunda \u015f\u0259hid olanlar\u0131m\u0131z\u0131 b\u00f6y\u00fck ehtiramla yad edirik.<\/p>\n<p>D\u00f6vl\u0259timiz daima var olsun!<\/p>\n<p><strong>Nazim SAB\u0130RO\u011eLU,<\/strong><br \/>\n<strong>Musavat.com<\/strong><\/p>\n","protected":false},"excerpt":{"rendered":"<p>SSR\u0130 deyil\u0259n qurulu\u015fun xarabal\u0131qlar\u0131 alt\u0131nda bizim \u00dc\u00e7r\u0259ngli Bayra\u011f\u0131m\u0131z da vard\u0131, Himnimiz d\u0259, Gerbimiz d\u0259&#8230; Memar bir yara\u015f\u0131ql\u0131 bina tik\u0259nd\u0259 uzaqdan dayan\u0131b q\u00fcrurla bax\u0131r, bax\u0131r&#8230;1918-ci ilin 28 May\u0131nda Az\u0259rbaycan Xalq C\u00fcmhuriyy\u0259tini quranlar\u0131n ona k\u0259nardan bax\u0131b q\u00fcrurlanma\u011fa zamanlar\u0131 az oldu, \u0259v\u0259zind\u0259 k\u0259nardan xarabal\u0131\u011f\u0131na bax\u0131b \u00e7\u0259rl\u0259yib \u00f6ld\u00fcl\u0259r. Y\u0259qin ki, d\u00fcnya tarixind\u0259 bu c\u00fcr q\u0131sa \u00f6m\u00fcrl\u00fc d\u00f6vl\u0259tl\u0259r, qurulu\u015flar, ittifaqlar \u00e7ox olub. Onlar\u0131n xarabal\u0131qlar\u0131 \u00fcz\u0259rind\u0259 b\u0259lk\u0259 d\u0259 daha m\u00f6hk\u0259m t\u0259m\u0259lli d\u00f6vl\u0259tl\u0259r yaran\u0131b, da\u011f\u0131l\u0131b, yen\u0259 qurulub&#8230; Amma bizim C\u00fcmhuriyy\u0259tin nisgili kimi olmay\u0131b b\u0259lk\u0259 d\u0259&#8230;Bizd\u0259n gizl\u0259tdikl\u0259ri h\u0259qiq\u0259ti o vaxt bildik ki, art\u0131q SSR\u0130 deyil\u0259n qurulu\u015f da\u011f\u0131l\u0131rd\u0131 v\u0259&hellip;<\/p>\n","protected":false},"author":2,"featured_media":725510,"comment_status":"closed","ping_status":"closed","sticky":false,"template":"","format":"standard","meta":{"om_disable_all_campaigns":false,"_monsterinsights_skip_tracking":false,"_monsterinsights_sitenote_active":false,"_monsterinsights_sitenote_note":"","_monsterinsights_sitenote_category":0},"categories":[1],"tags":[],"aioseo_notices":[],"gutentor_comment":0,"rttpg_featured_image_url":{"full":["https:\/\/arantv.az\/wp-content\/uploads\/2024\/05\/7f30dc8dc427b86895af1469593ae956.jpg",450,300,false],"landscape":["https:\/\/arantv.az\/wp-content\/uploads\/2024\/05\/7f30dc8dc427b86895af1469593ae956.jpg",450,300,false],"portraits":["https:\/\/arantv.az\/wp-content\/uploads\/2024\/05\/7f30dc8dc427b86895af1469593ae956.jpg",450,300,false],"thumbnail":["https:\/\/arantv.az\/wp-content\/uploads\/2024\/05\/7f30dc8dc427b86895af1469593ae956-450x280.jpg",450,280,true],"medium":["https:\/\/arantv.az\/wp-content\/uploads\/2024\/05\/7f30dc8dc427b86895af1469593ae956.jpg",450,300,false],"large":["https:\/\/arantv.az\/wp-content\/uploads\/2024\/05\/7f30dc8dc427b86895af1469593ae956.jpg",450,300,false],"1536x1536":["https:\/\/arantv.az\/wp-content\/uploads\/2024\/05\/7f30dc8dc427b86895af1469593ae956.jpg",450,300,false],"2048x2048":["https:\/\/arantv.az\/wp-content\/uploads\/2024\/05\/7f30dc8dc427b86895af1469593ae956.jpg",450,300,false],"post-thumbnail":["https:\/\/arantv.az\/wp-content\/uploads\/2024\/05\/7f30dc8dc427b86895af1469593ae956-240x172.jpg",240,172,true],"advps-thumb-one":["https:\/\/arantv.az\/wp-content\/uploads\/2024\/05\/7f30dc8dc427b86895af1469593ae956.jpg",450,300,false]},"rttpg_author":{"display_name":"V\u00fcsal Rafiqo\u011flu","author_link":"https:\/\/arantv.az\/?author=2"},"rttpg_comment":0,"rttpg_category":"<a href=\"https:\/\/arantv.az\/?cat=1\" rel=\"category\">C\u0259miyy\u0259t<\/a>","rttpg_excerpt":"SSR\u0130 deyil\u0259n qurulu\u015fun xarabal\u0131qlar\u0131 alt\u0131nda bizim \u00dc\u00e7r\u0259ngli Bayra\u011f\u0131m\u0131z da vard\u0131, Himnimiz d\u0259, Gerbimiz d\u0259&#8230; Memar bir yara\u015f\u0131ql\u0131 bina tik\u0259nd\u0259 uzaqdan dayan\u0131b q\u00fcrurla bax\u0131r, bax\u0131r&#8230;1918-ci ilin 28 May\u0131nda Az\u0259rbaycan Xalq C\u00fcmhuriyy\u0259tini quranlar\u0131n ona k\u0259nardan bax\u0131b q\u00fcrurlanma\u011fa zamanlar\u0131 az oldu, \u0259v\u0259zind\u0259 k\u0259nardan xarabal\u0131\u011f\u0131na bax\u0131b \u00e7\u0259rl\u0259yib \u00f6ld\u00fcl\u0259r. Y\u0259qin ki, d\u00fcnya tarixind\u0259 bu c\u00fcr q\u0131sa \u00f6m\u00fcrl\u00fc d\u00f6vl\u0259tl\u0259r, qurulu\u015flar, ittifaqlar&hellip;","_links":{"self":[{"href":"https:\/\/arantv.az\/index.php?rest_route=\/wp\/v2\/posts\/725509"}],"collection":[{"href":"https:\/\/arantv.az\/index.php?rest_route=\/wp\/v2\/posts"}],"about":[{"href":"https:\/\/arantv.az\/index.php?rest_route=\/wp\/v2\/types\/post"}],"author":[{"embeddable":true,"href":"https:\/\/arantv.az\/index.php?rest_route=\/wp\/v2\/users\/2"}],"replies":[{"embeddable":true,"href":"https:\/\/arantv.az\/index.php?rest_route=%2Fwp%2Fv2%2Fcomments&post=725509"}],"version-history":[{"count":0,"href":"https:\/\/arantv.az\/index.php?rest_route=\/wp\/v2\/posts\/725509\/revisions"}],"wp:featuredmedia":[{"embeddable":true,"href":"https:\/\/arantv.az\/index.php?rest_route=\/wp\/v2\/media\/725510"}],"wp:attachment":[{"href":"https:\/\/arantv.az\/index.php?rest_route=%2Fwp%2Fv2%2Fmedia&parent=725509"}],"wp:term":[{"taxonomy":"category","embeddable":true,"href":"https:\/\/arantv.az\/index.php?rest_route=%2Fwp%2Fv2%2Fcategories&post=725509"},{"taxonomy":"post_tag","embeddable":true,"href":"https:\/\/arantv.az\/index.php?rest_route=%2Fwp%2Fv2%2Ftags&post=725509"}],"curies":[{"name":"wp","href":"https:\/\/api.w.org\/{rel}","templated":true}]}}