{"id":725534,"date":"2024-05-27T13:58:48","date_gmt":"2024-05-27T09:58:48","guid":{"rendered":"https:\/\/arantv.az\/?p=725534"},"modified":"2024-05-27T13:58:48","modified_gmt":"2024-05-27T09:58:48","slug":"prezident-ilham-%c9%99liyevin-novb%c9%99ti-s%c9%99r%c9%99ncami-%c9%99sasinda-154-m%c9%99hbusun-%c9%99fv-olunmasi-mut%c9%99rr%c9%99qi-addimlardan-biridir-naqif-h%c9%99mz%c9%99yev","status":"publish","type":"post","link":"https:\/\/arantv.az\/?p=725534","title":{"rendered":"&#8220;Prezident \u0130lham \u018fliyevin n\u00f6vb\u0259ti s\u0259r\u0259ncam\u0131 \u0259sas\u0131nda 154 m\u0259hbusun \u0259fv olunmas\u0131 m\u00fct\u0259rr\u0259qi add\u0131mlardan biridir&#8221; &#8211; Naqif H\u0259mz\u0259yev"},"content":{"rendered":"<p>May\u0131n 26-da Prezident \u0130lham \u018fliyevin imzalad\u0131\u011f\u0131 \u018ffv s\u0259r\u0259ncam\u0131na \u0259sas\u0259n 154 m\u0259hbus azadl\u0131\u011fa burax\u0131l\u0131b.<\/p>\n<p>Milli M\u0259clisin deputat Naqif H\u0259mz\u0259yev\u00a0<a title=\"xeberler son xeberler 2024\" href=\"https:\/\/big.az\/\" target=\"_blank\" rel=\"noopener\">BiG.AZ<\/a>-a bildirib ki, prezident \u0130lham \u018fliyev t\u0259r\u0259find\u0259n bu m\u0259s\u0259l\u0259l\u0259r\u0259 daim humanist yana\u015fman\u0131n \u015fahidi olmu\u015fuq. V\u0259t\u0259nda\u015flar\u0131n m\u00fcraci\u0259tl\u0259ri \u0259sas\u0131nda m\u0259hbuslar\u0131n h\u0259bs m\u00fcdd\u0259tinin azald\u0131lmas\u0131,h\u0259bsd\u0259n azad olunmalar\u0131, \u015f\u0259rti c\u0259zalar\u0131n\u0131n aradan qald\u0131r\u0131lmas\u0131 m\u0259s\u0259l\u0259l\u0259rin\u0259 humanist yana\u015fma h\u0259qiq\u0259t\u0259n t\u0259qdir\u0259layiq add\u0131md\u0131r:<\/p>\n<p>&#8220;Az\u0259rbaycanda insan haqlar\u0131n\u0131n qorunmas\u0131 v\u0259 m\u00fcdafi\u0259 edilm\u0259si h\u0259mi\u015f\u0259 prioritet sah\u0259l\u0259rd\u0259n olub. X\u00fcsusil\u0259 c\u0259nab prezident \u0130lham \u018fliyev t\u0259r\u0259find\u0259n bu m\u0259s\u0259l\u0259l\u0259r\u0259 daim humanist yana\u015fman\u0131n \u015fahidi olmu\u015fuq. Biz m\u00fcxt\u0259lif d\u00f6vrl\u0259rd\u0259 \u0259fv s\u0259r\u0259ncamlar\u0131n\u0131n, amtistiyalar\u0131n verilm\u0259sin\u0259 \u015fahidlik etmi\u015fik .M\u0259hz Az\u0259rbaycan Respublikas\u0131n\u0131n m\u00fcst\u0259qllik g\u00fcn\u00fc \u0259r\u0259f\u0259sind\u0259 c\u0259nab prezident \u0130lham \u018fliyev t\u0259r\u0259find\u0259n n\u00f6vb\u0259ti s\u0259r\u0259ncam \u0259sas\u0131nda 154 m\u0259hbusun \u0259fv olunmas\u0131 m\u00fct\u0259rr\u0259qi add\u0131mlardan biridir v\u0259 m\u0259hz v\u0259t\u0259nda\u015flar\u0131n m\u00fcraci\u0259tl\u0259ri \u0259sas\u0131nda onlar\u0131n h\u0259bs m\u00fcdd\u0259tinin azald\u0131lmas\u0131,h\u0259bsd\u0259n azad olunmalar\u0131, \u015f\u0259rti c\u0259zalar\u0131n\u0131n aradan qald\u0131r\u0131lmas\u0131 m\u0259s\u0259l\u0259l\u0259rin\u0259 humanist yana\u015fma h\u0259qiq\u0259t\u0259n t\u0259qdir\u0259layiq add\u0131md\u0131r. Bu m\u0259hbuslar i\u00e7ind\u0259 el\u0259 insanlar var ki, h\u0259qiq\u0259t\u0259n d\u0259 c\u0259zalar\u0131n\u0131 \u00e7\u0259kdikl\u0259ri m\u00fcdd\u0259td\u0259 islah olunduqlar\u0131na inam \u00e7oxdur. Biz \u00fcmid edirik ki, bu v\u0259t\u0259nda\u015flar normal h\u0259yata qay\u0131td\u0131qdan sonra bir daha bu c\u00fcr \u0259m\u0259ll\u0259r t\u00f6r\u0259tm\u0259y\u0259c\u0259kl\u0259r v\u0259 dig\u0259r m\u0259hbuslar \u00fc\u00e7\u00fcn bu, \u00e7ox yax\u015f\u0131 add\u0131md\u0131r. Onlar da n\u00f6vb\u0259ti \u0259fv s\u0259r\u0259ncam\u0131n\u0131 g\u00f6zl\u0259yirl\u0259r. Onlar da c\u0259za\u00e7\u0259km\u0259 m\u00fc\u0259ssis\u0259l\u0259rind\u0259 n\u00fcmun\u0259vi olma\u011fa \u00e7al\u0131\u015f\u0131rlar. \u0130st\u0259nil\u0259n halda bu add\u0131m\u0131 alq\u0131\u015flay\u0131r\u0131q v\u0259 \u00fcmid edirik ki, n\u0259 vaxtsa el\u0259 bir zaman g\u0259l\u0259c\u0259k ki, Az\u0259rbaycanda m\u0259hbuslar\u0131n say\u0131 \u00e7ox \u00e7ox az olacaq. Az\u0259rbaycanda t\u00f6r\u0259dil\u0259n cinay\u0259tl\u0259rin say\u0131 \u00e7ox a\u015fa\u011f\u0131 olacaq v\u0259 biz c\u0259miyy\u0259t olaraq qanunlara h\u00f6rm\u0259t ed\u0259n, az cinay\u0259tin t\u00f6r\u0259dildiyi \u00f6lk\u0259d\u0259 ya\u015fayaca\u011f\u0131q&#8221;.<\/p>\n","protected":false},"excerpt":{"rendered":"<p>May\u0131n 26-da Prezident \u0130lham \u018fliyevin imzalad\u0131\u011f\u0131 \u018ffv s\u0259r\u0259ncam\u0131na \u0259sas\u0259n 154 m\u0259hbus azadl\u0131\u011fa burax\u0131l\u0131b. Milli M\u0259clisin deputat Naqif H\u0259mz\u0259yev\u00a0BiG.AZ-a bildirib ki, prezident \u0130lham \u018fliyev t\u0259r\u0259find\u0259n bu m\u0259s\u0259l\u0259l\u0259r\u0259 daim humanist yana\u015fman\u0131n \u015fahidi olmu\u015fuq. V\u0259t\u0259nda\u015flar\u0131n m\u00fcraci\u0259tl\u0259ri \u0259sas\u0131nda m\u0259hbuslar\u0131n h\u0259bs m\u00fcdd\u0259tinin azald\u0131lmas\u0131,h\u0259bsd\u0259n azad olunmalar\u0131, \u015f\u0259rti c\u0259zalar\u0131n\u0131n aradan qald\u0131r\u0131lmas\u0131 m\u0259s\u0259l\u0259l\u0259rin\u0259 humanist yana\u015fma h\u0259qiq\u0259t\u0259n t\u0259qdir\u0259layiq add\u0131md\u0131r: &#8220;Az\u0259rbaycanda insan haqlar\u0131n\u0131n qorunmas\u0131 v\u0259 m\u00fcdafi\u0259 edilm\u0259si h\u0259mi\u015f\u0259 prioritet sah\u0259l\u0259rd\u0259n olub. X\u00fcsusil\u0259 c\u0259nab prezident \u0130lham \u018fliyev t\u0259r\u0259find\u0259n bu m\u0259s\u0259l\u0259l\u0259r\u0259 daim humanist yana\u015fman\u0131n \u015fahidi olmu\u015fuq. Biz m\u00fcxt\u0259lif d\u00f6vrl\u0259rd\u0259 \u0259fv s\u0259r\u0259ncamlar\u0131n\u0131n, amtistiyalar\u0131n verilm\u0259sin\u0259 \u015fahidlik etmi\u015fik .M\u0259hz Az\u0259rbaycan Respublikas\u0131n\u0131n m\u00fcst\u0259qllik g\u00fcn\u00fc \u0259r\u0259f\u0259sind\u0259 c\u0259nab&hellip;<\/p>\n","protected":false},"author":2,"featured_media":725535,"comment_status":"closed","ping_status":"closed","sticky":false,"template":"","format":"standard","meta":{"om_disable_all_campaigns":false,"_monsterinsights_skip_tracking":false,"_monsterinsights_sitenote_active":false,"_monsterinsights_sitenote_note":"","_monsterinsights_sitenote_category":0},"categories":[19],"tags":[],"aioseo_notices":[],"gutentor_comment":0,"rttpg_featured_image_url":{"full":["https:\/\/arantv.az\/wp-content\/uploads\/2024\/05\/naq.jpg",649,531,false],"landscape":["https:\/\/arantv.az\/wp-content\/uploads\/2024\/05\/naq.jpg",649,531,false],"portraits":["https:\/\/arantv.az\/wp-content\/uploads\/2024\/05\/naq.jpg",649,531,false],"thumbnail":["https:\/\/arantv.az\/wp-content\/uploads\/2024\/05\/naq-500x280.jpg",500,280,true],"medium":["https:\/\/arantv.az\/wp-content\/uploads\/2024\/05\/naq-446x365.jpg",446,365,true],"large":["https:\/\/arantv.az\/wp-content\/uploads\/2024\/05\/naq.jpg",640,524,false],"1536x1536":["https:\/\/arantv.az\/wp-content\/uploads\/2024\/05\/naq.jpg",649,531,false],"2048x2048":["https:\/\/arantv.az\/wp-content\/uploads\/2024\/05\/naq.jpg",649,531,false],"post-thumbnail":["https:\/\/arantv.az\/wp-content\/uploads\/2024\/05\/naq-240x172.jpg",240,172,true],"advps-thumb-one":["https:\/\/arantv.az\/wp-content\/uploads\/2024\/05\/naq.jpg",649,531,false]},"rttpg_author":{"display_name":"V\u00fcsal Rafiqo\u011flu","author_link":"https:\/\/arantv.az\/?author=2"},"rttpg_comment":0,"rttpg_category":"<a href=\"https:\/\/arantv.az\/?cat=19\" rel=\"category\">G\u00fcnd\u0259m<\/a>","rttpg_excerpt":"May\u0131n 26-da Prezident \u0130lham \u018fliyevin imzalad\u0131\u011f\u0131 \u018ffv s\u0259r\u0259ncam\u0131na \u0259sas\u0259n 154 m\u0259hbus azadl\u0131\u011fa burax\u0131l\u0131b. Milli M\u0259clisin deputat Naqif H\u0259mz\u0259yev\u00a0BiG.AZ-a bildirib ki, prezident \u0130lham \u018fliyev t\u0259r\u0259find\u0259n bu m\u0259s\u0259l\u0259l\u0259r\u0259 daim humanist yana\u015fman\u0131n \u015fahidi olmu\u015fuq. V\u0259t\u0259nda\u015flar\u0131n m\u00fcraci\u0259tl\u0259ri \u0259sas\u0131nda m\u0259hbuslar\u0131n h\u0259bs m\u00fcdd\u0259tinin azald\u0131lmas\u0131,h\u0259bsd\u0259n azad olunmalar\u0131, \u015f\u0259rti c\u0259zalar\u0131n\u0131n aradan qald\u0131r\u0131lmas\u0131 m\u0259s\u0259l\u0259l\u0259rin\u0259 humanist yana\u015fma h\u0259qiq\u0259t\u0259n t\u0259qdir\u0259layiq add\u0131md\u0131r: &#8220;Az\u0259rbaycanda insan haqlar\u0131n\u0131n qorunmas\u0131 v\u0259&hellip;","_links":{"self":[{"href":"https:\/\/arantv.az\/index.php?rest_route=\/wp\/v2\/posts\/725534"}],"collection":[{"href":"https:\/\/arantv.az\/index.php?rest_route=\/wp\/v2\/posts"}],"about":[{"href":"https:\/\/arantv.az\/index.php?rest_route=\/wp\/v2\/types\/post"}],"author":[{"embeddable":true,"href":"https:\/\/arantv.az\/index.php?rest_route=\/wp\/v2\/users\/2"}],"replies":[{"embeddable":true,"href":"https:\/\/arantv.az\/index.php?rest_route=%2Fwp%2Fv2%2Fcomments&post=725534"}],"version-history":[{"count":0,"href":"https:\/\/arantv.az\/index.php?rest_route=\/wp\/v2\/posts\/725534\/revisions"}],"wp:featuredmedia":[{"embeddable":true,"href":"https:\/\/arantv.az\/index.php?rest_route=\/wp\/v2\/media\/725535"}],"wp:attachment":[{"href":"https:\/\/arantv.az\/index.php?rest_route=%2Fwp%2Fv2%2Fmedia&parent=725534"}],"wp:term":[{"taxonomy":"category","embeddable":true,"href":"https:\/\/arantv.az\/index.php?rest_route=%2Fwp%2Fv2%2Fcategories&post=725534"},{"taxonomy":"post_tag","embeddable":true,"href":"https:\/\/arantv.az\/index.php?rest_route=%2Fwp%2Fv2%2Ftags&post=725534"}],"curies":[{"name":"wp","href":"https:\/\/api.w.org\/{rel}","templated":true}]}}