{"id":725537,"date":"2024-05-27T14:00:27","date_gmt":"2024-05-27T10:00:27","guid":{"rendered":"https:\/\/arantv.az\/?p=725537"},"modified":"2024-05-27T14:00:27","modified_gmt":"2024-05-27T10:00:27","slug":"ilham-%c9%99liyev%c9%99-t%c9%99brik-m%c9%99ktublari-g%c9%99lm%c9%99kd%c9%99-davam-edir-3","status":"publish","type":"post","link":"https:\/\/arantv.az\/?p=725537","title":{"rendered":"\u0130lham \u018fliyev\u0259 t\u0259brik m\u0259ktublar\u0131 g\u0259lm\u0259kd\u0259 davam edir"},"content":{"rendered":"<p>G\u00fcrc\u00fcstan\u0131n Ba\u015f naziri \u0130rakli Kobaxidze Az\u0259rbaycan Respublikas\u0131n\u0131n Prezidenti\u00a0<strong>\u0130lham \u018fliyev\u0259<\/strong>\u00a0<a href=\"https:\/\/president.az\/az\/articles\/view\/66042\" target=\"_blank\" rel=\"nofollow noopener\">t\u0259brik m\u0259ktubu<\/a>\u00a0\u00fcnvanlay\u0131b.<\/p>\n<p><strong>President.az<\/strong>\u00a0x\u0259b\u0259r verir ki, m\u0259ktubda deyilir:<\/p>\n<p>&#8220;G\u00fcrc\u00fcstan h\u00f6kum\u0259ti ad\u0131ndan v\u0259 \u015f\u0259xs\u0259n \u00f6z ad\u0131mdan Sizi v\u0259 xalq\u0131n\u0131z\u0131 Az\u0259rbaycan Respublikas\u0131n\u0131n M\u00fcst\u0259qillik G\u00fcn\u00fc m\u00fcnasib\u0259til\u0259 s\u0259mimi-q\u0259lbd\u0259n t\u0259brik edir\u0259m. \u0130caz\u0259 verin Siz\u0259 v\u0259 Az\u0259rbaycan xalq\u0131na d\u0259rin ehtiram\u0131m\u0131 ifad\u0259 edim, s\u00fclh, rifah v\u0259 u\u011furlar arzulay\u0131m.<\/p>\n<p>G\u00fcrc\u00fcstan v\u0259 Az\u0259rbaycan Respublikas\u0131 aras\u0131nda strateji t\u0259r\u0259fda\u015fl\u0131q d\u0259rin, uzun \u0259srlik dostluq \u0259n\u0259n\u0259sin\u0259 \u0259saslan\u0131r ki, bu da \u00f6lk\u0259l\u0259rimizin s\u0259m\u0259r\u0259li \u0259m\u0259kda\u015fl\u0131\u011f\u0131n\u0131n inki\u015faf\u0131 \u00fc\u00e7\u00fcn m\u00fch\u00fcm amildir.<\/p>\n<p>X\u00fcsusil\u0259 vur\u011fulamaq ist\u0259rdim ki, Az\u0259rbaycanla ikit\u0259r\u0259fli v\u0259 mehriban qon\u015fuluq m\u00fcnasib\u0259tl\u0259rinin d\u0259rinl\u0259\u015fm\u0259si bizim h\u00f6kum\u0259timizin \u0259n \u0259sas prioritetidir. G\u00fcrc\u00fcstan il\u0259 Az\u0259rbaycan aras\u0131nda qar\u015f\u0131l\u0131ql\u0131 etimad v\u0259 d\u0259st\u0259k prinsipl\u0259rin\u0259 \u0259saslanan strateji t\u0259r\u0259fda\u015fl\u0131q \u00f6lk\u0259l\u0259rimizin \u0259laq\u0259l\u0259rinin dinamikas\u0131n\u0131n g\u00fccl\u0259nm\u0259sin\u0259 m\u00fcsb\u0259t t\u0259sir g\u00f6st\u0259rmi\u015fdir. \u018fmin\u0259m ki, \u0259m\u0259kda\u015fl\u0131\u011f\u0131m\u0131z daha da m\u00f6hk\u0259ml\u0259n\u0259c\u0259k v\u0259 regionda rifah\u0131n, sabitliyin t\u0259min olunmas\u0131na \u00f6z t\u00f6hf\u0259sini ver\u0259c\u0259kdir.<\/p>\n<p>Zati-alil\u0259ri, f\u00fcrs\u0259td\u0259n istifad\u0259 ed\u0259r\u0259k Siz\u0259 bir daha d\u0259rin ehtiram\u0131m\u0131 ifad\u0259 edir, qarda\u015f Az\u0259rbaycan xalq\u0131na firavanl\u0131q, \u0259min-amanl\u0131q v\u0259 nailiyy\u0259tl\u0259r dil\u0259yir\u0259m&#8221;.<\/p>\n<p>H\u0259m\u00e7inin, San-Marino Respublikas\u0131n\u0131n Kapitan-Regentl\u0259ri Alessandro Rossi v\u0259 Milena Qasperoni d\u00f6vl\u0259timizin ba\u015f\u00e7\u0131s\u0131na\u00a0<a href=\"https:\/\/president.az\/az\/articles\/view\/66043\" target=\"_blank\" rel=\"nofollow noopener\">t\u0259brik m\u0259ktub<\/a>\u00a0\u00fcnvanlay\u0131blar:<\/p>\n<p>&#8220;\u00d6lk\u0259nizin M\u00fcst\u0259qillik G\u00fcn\u00fc m\u00fcnasib\u0259til\u0259 Siz\u0259 v\u0259 dost Az\u0259rbaycan xalq\u0131na San-Marino xalq\u0131 ad\u0131ndan v\u0259 \u00f6z ad\u0131m\u0131zdan t\u0259brikl\u0259rimizi, \u0259n xo\u015f arzular\u0131m\u0131z\u0131 \u00e7atd\u0131r\u0131r\u0131q.<\/p>\n<p>Bu \u0259lam\u0259tdar g\u00fcnd\u0259 Zati-aliniz\u0259 \u0259n y\u00fcks\u0259k ehtiram\u0131m\u0131z\u0131 bildirir, u\u011furlar dil\u0259yir, Az\u0259rbaycan xalq\u0131na firavanl\u0131q v\u0259 rifah dolu g\u0259l\u0259c\u0259k arzu edirik&#8221;.<\/p>\n<p><strong>11:56<\/strong><\/p>\n<p>\u0130ndoneziya Respublikas\u0131n\u0131n Prezidenti Coko Vidodo Az\u0259rbaycan Respublikas\u0131n\u0131n Prezidenti\u00a0<strong>\u0130lham \u018fliyev\u0259<\/strong>\u00a0<a href=\"https:\/\/president.az\/az\/articles\/view\/66036\" target=\"_blank\" rel=\"nofollow noopener\">t\u0259brik m\u0259ktubu<\/a>\u00a0\u00fcnvanlay\u0131b.<\/p>\n<p><strong>President.az<\/strong>\u00a0x\u0259b\u0259r verir ki, m\u0259ktubda deyilir:<\/p>\n<p>&#8220;Az\u0259rbaycan Respublikas\u0131n\u0131n M\u00fcst\u0259qillik G\u00fcn\u00fcn\u00fcn 106-c\u0131 ild\u00f6n\u00fcm\u00fc m\u00fcnasib\u0259til\u0259 Zati-aliniz\u0259 b\u00f6y\u00fck m\u0259mnuniyy\u0259tl\u0259 \u0130ndoneziya Respublikas\u0131n\u0131n h\u00f6kum\u0259ti v\u0259 xalq\u0131 ad\u0131ndan \u0259n s\u0259mimi t\u0259brikl\u0259rimi \u00e7atd\u0131r\u0131ram.<\/p>\n<p>Bu x\u00fcsusda icaz\u0259 verin \u0130ndoneziya il\u0259 Az\u0259rbaycan aras\u0131ndak\u0131 dostluq m\u00fcnasib\u0259tl\u0259rin\u0259 g\u00f6r\u0259 Siz\u0259 s\u0259mimi t\u0259\u015f\u0259kk\u00fcr\u00fcm\u00fc bildirim. \u018fld\u0259 edil\u0259n nailiyy\u0259tl\u0259r d\u00f6vl\u0259tinizin u\u011furlu siyas\u0259tinin t\u0259sdiqidir. \u0130nan\u0131ram ki, xalqlar\u0131m\u0131z\u0131n qar\u015f\u0131l\u0131ql\u0131 olaraq bir-birin\u0259 t\u0259klif ed\u0259c\u0259yi \u00e7ox m\u0259s\u0259l\u0259l\u0259r var v\u0259 \u0259m\u0259kda\u015fl\u0131\u011f\u0131m\u0131z\u0131n \u00f6lk\u0259l\u0259rimiz \u00fc\u00e7\u00fcn \u0259h\u0259miyy\u0259tli faydalar hasil ed\u0259c\u0259yin\u0259 \u0259min\u0259m.<\/p>\n<p>Bu xo\u015f f\u00fcrs\u0259td\u0259n istifad\u0259 ed\u0259r\u0259k, Zati-aliniz\u0259 bir daha d\u0259rin ehtiram\u0131m\u0131 ifad\u0259 edir\u0259m&#8221;.<\/p>\n<p>H\u0259m\u00e7inin, Hindistan Respublikas\u0131n\u0131n Prezidenti Draupadi Murmu da d\u00f6vl\u0259timizin ba\u015f\u00e7\u0131s\u0131na\u00a0<a href=\"https:\/\/president.az\/az\/articles\/view\/66035\" target=\"_blank\" rel=\"nofollow noopener\">t\u0259brik m\u0259ktubu<\/a>\u00a0g\u00f6nd\u0259rib:<\/p>\n<p>&#8220;M\u00fcst\u0259qillik G\u00fcn\u00fc m\u00fcnasib\u0259til\u0259 Hindistan h\u00f6kum\u0259ti v\u0259 xalq\u0131 ad\u0131ndan, \u015f\u0259xs\u0259n \u00f6z ad\u0131mdan Zati-aliniz\u0259, Az\u0259rbaycan Respublikas\u0131n\u0131n h\u00f6kum\u0259tin\u0259 v\u0259 dost xalq\u0131na \u0259n s\u0259mimi salamlar\u0131m\u0131 v\u0259 t\u0259brikl\u0259rimi \u00e7atd\u0131r\u0131ram.<\/p>\n<p>Hindistan il\u0259 Az\u0259rbaycan ortaq tarixi v\u0259 m\u0259d\u0259ni \u0259laq\u0259l\u0259r\u0259 malikdir. Bizim h\u0259mr\u0259yliyimiz b\u00fct\u00fcn sah\u0259l\u0259rd\u0259 \u00e7oxt\u0259r\u0259fli qar\u015f\u0131l\u0131ql\u0131 \u0259m\u0259kda\u015fl\u0131\u011f\u0131m\u0131za yol a\u00e7m\u0131\u015fd\u0131r. \u018fmin\u0259m ki, h\u0259ssas m\u0259qamlara v\u0259 ortaq maraqlara qar\u015f\u0131l\u0131ql\u0131 h\u00f6rm\u0259t n\u00fcmayi\u015f etdir\u0259r\u0259k bizim m\u00fcnasib\u0259tl\u0259rimiz \u0259m\u0259kda\u015fl\u0131\u011f\u0131n yeni sah\u0259l\u0259rini \u0259hat\u0259 etm\u0259kl\u0259 geni\u015fl\u0259n\u0259c\u0259kdir.<\/p>\n<p>Bu xo\u015f f\u00fcrs\u0259td\u0259n istifad\u0259 ed\u0259r\u0259k Zati-aliniz\u0259 cansa\u011fl\u0131\u011f\u0131 v\u0259 xo\u015fb\u0259xtlik, Az\u0259rbaycan Respublikas\u0131n\u0131n dost xalq\u0131na is\u0259 davaml\u0131 s\u00fclh, t\u0259r\u0259qqi v\u0259 inki\u015faf arzu edir\u0259m.<\/p>\n<p>Zati-alil\u0259ri, xahi\u015f edir\u0259m \u0259n y\u00fcks\u0259k ehtiram\u0131m\u0131 q\u0259bul edin&#8221;.<\/p>\n<p><strong>10:19<\/strong><\/p>\n<p>Yaponiyan\u0131n \u0130mperatoru \u018flah\u0259zr\u0259t Naruhito Az\u0259rbaycan Respublikas\u0131n\u0131n Prezidenti\u00a0<strong>\u0130lham \u018fliyev\u0259<\/strong>\u00a0t\u0259brik m\u0259ktubu \u00fcnvanlay\u0131b.<\/p>\n<p><a href=\"https:\/\/president.az\/az\/articles\/view\/66032\" target=\"_blank\" rel=\"nofollow noopener\"><strong>President.az<\/strong><\/a>\u00a0x\u0259b\u0259r verir ki, m\u0259ktubda deyilir:<\/p>\n<p>&#8220;Az\u0259rbaycan Respublikas\u0131n\u0131n M\u00fcst\u0259qillik G\u00fcn\u00fc m\u00fcnasib\u0259til\u0259 Siz\u0259 b\u00f6y\u00fck m\u0259mnuniyy\u0259tl\u0259 \u0259n s\u0259mimi t\u0259brikl\u0259rimi \u00e7atd\u0131r\u0131ram.<\/p>\n<p>Zati-aliniz\u0259 xo\u015fb\u0259xtlik, xalq\u0131n\u0131za firavanl\u0131q arzu edir\u0259m&#8221;.<\/p>\n","protected":false},"excerpt":{"rendered":"<p>G\u00fcrc\u00fcstan\u0131n Ba\u015f naziri \u0130rakli Kobaxidze Az\u0259rbaycan Respublikas\u0131n\u0131n Prezidenti\u00a0\u0130lham \u018fliyev\u0259\u00a0t\u0259brik m\u0259ktubu\u00a0\u00fcnvanlay\u0131b. President.az\u00a0x\u0259b\u0259r verir ki, m\u0259ktubda deyilir: &#8220;G\u00fcrc\u00fcstan h\u00f6kum\u0259ti ad\u0131ndan v\u0259 \u015f\u0259xs\u0259n \u00f6z ad\u0131mdan Sizi v\u0259 xalq\u0131n\u0131z\u0131 Az\u0259rbaycan Respublikas\u0131n\u0131n M\u00fcst\u0259qillik G\u00fcn\u00fc m\u00fcnasib\u0259til\u0259 s\u0259mimi-q\u0259lbd\u0259n t\u0259brik edir\u0259m. \u0130caz\u0259 verin Siz\u0259 v\u0259 Az\u0259rbaycan xalq\u0131na d\u0259rin ehtiram\u0131m\u0131 ifad\u0259 edim, s\u00fclh, rifah v\u0259 u\u011furlar arzulay\u0131m. G\u00fcrc\u00fcstan v\u0259 Az\u0259rbaycan Respublikas\u0131 aras\u0131nda strateji t\u0259r\u0259fda\u015fl\u0131q d\u0259rin, uzun \u0259srlik dostluq \u0259n\u0259n\u0259sin\u0259 \u0259saslan\u0131r ki, bu da \u00f6lk\u0259l\u0259rimizin s\u0259m\u0259r\u0259li \u0259m\u0259kda\u015fl\u0131\u011f\u0131n\u0131n inki\u015faf\u0131 \u00fc\u00e7\u00fcn m\u00fch\u00fcm amildir. X\u00fcsusil\u0259 vur\u011fulamaq ist\u0259rdim ki, Az\u0259rbaycanla ikit\u0259r\u0259fli v\u0259 mehriban qon\u015fuluq m\u00fcnasib\u0259tl\u0259rinin d\u0259rinl\u0259\u015fm\u0259si bizim h\u00f6kum\u0259timizin \u0259n \u0259sas prioritetidir. G\u00fcrc\u00fcstan il\u0259 Az\u0259rbaycan&hellip;<\/p>\n","protected":false},"author":2,"featured_media":725538,"comment_status":"closed","ping_status":"closed","sticky":false,"template":"","format":"standard","meta":{"om_disable_all_campaigns":false,"_monsterinsights_skip_tracking":false,"_monsterinsights_sitenote_active":false,"_monsterinsights_sitenote_note":"","_monsterinsights_sitenote_category":0},"categories":[4],"tags":[],"aioseo_notices":[],"gutentor_comment":0,"rttpg_featured_image_url":{"full":["https:\/\/arantv.az\/wp-content\/uploads\/2024\/05\/ilham-2.jpg",800,526,false],"landscape":["https:\/\/arantv.az\/wp-content\/uploads\/2024\/05\/ilham-2.jpg",800,526,false],"portraits":["https:\/\/arantv.az\/wp-content\/uploads\/2024\/05\/ilham-2.jpg",800,526,false],"thumbnail":["https:\/\/arantv.az\/wp-content\/uploads\/2024\/05\/ilham-2-500x280.jpg",500,280,true],"medium":["https:\/\/arantv.az\/wp-content\/uploads\/2024\/05\/ilham-2-555x365.jpg",555,365,true],"large":["https:\/\/arantv.az\/wp-content\/uploads\/2024\/05\/ilham-2.jpg",640,421,false],"1536x1536":["https:\/\/arantv.az\/wp-content\/uploads\/2024\/05\/ilham-2.jpg",800,526,false],"2048x2048":["https:\/\/arantv.az\/wp-content\/uploads\/2024\/05\/ilham-2.jpg",800,526,false],"post-thumbnail":["https:\/\/arantv.az\/wp-content\/uploads\/2024\/05\/ilham-2-240x172.jpg",240,172,true],"advps-thumb-one":["https:\/\/arantv.az\/wp-content\/uploads\/2024\/05\/ilham-2.jpg",800,526,false]},"rttpg_author":{"display_name":"V\u00fcsal Rafiqo\u011flu","author_link":"https:\/\/arantv.az\/?author=2"},"rttpg_comment":0,"rttpg_category":"<a href=\"https:\/\/arantv.az\/?cat=4\" rel=\"category\">Siyas\u0259t<\/a>","rttpg_excerpt":"G\u00fcrc\u00fcstan\u0131n Ba\u015f naziri \u0130rakli Kobaxidze Az\u0259rbaycan Respublikas\u0131n\u0131n Prezidenti\u00a0\u0130lham \u018fliyev\u0259\u00a0t\u0259brik m\u0259ktubu\u00a0\u00fcnvanlay\u0131b. President.az\u00a0x\u0259b\u0259r verir ki, m\u0259ktubda deyilir: &#8220;G\u00fcrc\u00fcstan h\u00f6kum\u0259ti ad\u0131ndan v\u0259 \u015f\u0259xs\u0259n \u00f6z ad\u0131mdan Sizi v\u0259 xalq\u0131n\u0131z\u0131 Az\u0259rbaycan Respublikas\u0131n\u0131n M\u00fcst\u0259qillik G\u00fcn\u00fc m\u00fcnasib\u0259til\u0259 s\u0259mimi-q\u0259lbd\u0259n t\u0259brik edir\u0259m. \u0130caz\u0259 verin Siz\u0259 v\u0259 Az\u0259rbaycan xalq\u0131na d\u0259rin ehtiram\u0131m\u0131 ifad\u0259 edim, s\u00fclh, rifah v\u0259 u\u011furlar arzulay\u0131m. G\u00fcrc\u00fcstan v\u0259 Az\u0259rbaycan Respublikas\u0131 aras\u0131nda strateji t\u0259r\u0259fda\u015fl\u0131q&hellip;","_links":{"self":[{"href":"https:\/\/arantv.az\/index.php?rest_route=\/wp\/v2\/posts\/725537"}],"collection":[{"href":"https:\/\/arantv.az\/index.php?rest_route=\/wp\/v2\/posts"}],"about":[{"href":"https:\/\/arantv.az\/index.php?rest_route=\/wp\/v2\/types\/post"}],"author":[{"embeddable":true,"href":"https:\/\/arantv.az\/index.php?rest_route=\/wp\/v2\/users\/2"}],"replies":[{"embeddable":true,"href":"https:\/\/arantv.az\/index.php?rest_route=%2Fwp%2Fv2%2Fcomments&post=725537"}],"version-history":[{"count":0,"href":"https:\/\/arantv.az\/index.php?rest_route=\/wp\/v2\/posts\/725537\/revisions"}],"wp:featuredmedia":[{"embeddable":true,"href":"https:\/\/arantv.az\/index.php?rest_route=\/wp\/v2\/media\/725538"}],"wp:attachment":[{"href":"https:\/\/arantv.az\/index.php?rest_route=%2Fwp%2Fv2%2Fmedia&parent=725537"}],"wp:term":[{"taxonomy":"category","embeddable":true,"href":"https:\/\/arantv.az\/index.php?rest_route=%2Fwp%2Fv2%2Fcategories&post=725537"},{"taxonomy":"post_tag","embeddable":true,"href":"https:\/\/arantv.az\/index.php?rest_route=%2Fwp%2Fv2%2Ftags&post=725537"}],"curies":[{"name":"wp","href":"https:\/\/api.w.org\/{rel}","templated":true}]}}