{"id":726385,"date":"2024-05-31T09:43:26","date_gmt":"2024-05-31T05:43:26","guid":{"rendered":"https:\/\/arantv.az\/?p=726385"},"modified":"2024-05-31T09:43:26","modified_gmt":"2024-05-31T05:43:26","slug":"iyunda-14-gun-qeyri-is-gunu-olacaq","status":"publish","type":"post","link":"https:\/\/arantv.az\/?p=726385","title":{"rendered":"\u0130yunda 14 g\u00fcn QEYR\u0130-\u0130\u015e G\u00dcN\u00dc OLACAQ"},"content":{"rendered":"<p><strong>\u0130yunda qeyri-i\u015f g\u00fcnl\u0259rinin say\u0131 m\u0259lum olub.<\/strong><\/p>\n<p><strong>ARANTV.AZ\u00a0 <\/strong>x\u0259b\u0259r verir ki, bu, 2024-c\u00fc il \u00fc\u00e7\u00fcn i\u015f vaxt\u0131 normas\u0131nda g\u00f6st\u0259rilib.<\/p>\n<p>Bildirilib ki, 15 iyun Milli Qurtulu\u015f G\u00fcn\u00fc, 16-17 iyun Qurban bayram\u0131, 26 iyun is\u0259 Az\u0259rbaycan Respublikas\u0131n\u0131n Silahl\u0131 Q\u00fcvv\u0259l\u0259ri G\u00fcn\u00fcd\u00fcr.<\/p>\n<p>\u018fm\u0259k M\u0259c\u0259ll\u0259sin\u0259 \u0259sas\u0259n, h\u0259ft\u0259l\u0259raras\u0131 istirah\u0259t g\u00fcnl\u0259ri v\u0259 i\u015f g\u00fcn\u00fc hesab olunmayan bayram g\u00fcnl\u0259ri \u00fcst-\u00fcst\u0259 d\u00fc\u015f\u0259rs\u0259, h\u0259min istirah\u0259t g\u00fcn\u00fc bilavasit\u0259 bayram g\u00fcn\u00fcnd\u0259n sonrak\u0131 i\u015f g\u00fcn\u00fcn\u0259 ke\u00e7irilir.<\/p>\n<p>Bu il 15 iyun \u015f\u0259nb\u0259, 16 iyun bazar g\u00fcn\u00fcn\u0259 t\u0259sad\u00fcf etdiyi \u00fc\u00e7\u00fcn 18 v\u0259 19 iyun tarixl\u0259ri d\u0259 qeyri-i\u015f g\u00fcnl\u0259ri olacaq.<\/p>\n<p>Bununla da, ard\u0131c\u0131l olaraq 15, 16, 17, 18 v\u0259 19 iyun tarixl\u0259ri qeyri-i\u015f g\u00fcnl\u0259ridir.<\/p>\n<p>H\u0259m\u00e7inin, iyunun 26-da Az\u0259rbaycan Respublikas\u0131n\u0131n Silahl\u0131 Q\u00fcvv\u0259l\u0259ri G\u00fcn\u00fc qeyd edil\u0259c\u0259k.<\/p>\n<p>Bel\u0259likl\u0259, \u015f\u0259nb\u0259 v\u0259 bazar g\u00fcnl\u0259ri d\u0259 daxil olmaqla, iyunda 14 g\u00fcn qeyri-i\u015f g\u00fcn\u00fc olacaq.<\/p>\n","protected":false},"excerpt":{"rendered":"<p>\u0130yunda qeyri-i\u015f g\u00fcnl\u0259rinin say\u0131 m\u0259lum olub. ARANTV.AZ\u00a0 x\u0259b\u0259r verir ki, bu, 2024-c\u00fc il \u00fc\u00e7\u00fcn i\u015f vaxt\u0131 normas\u0131nda g\u00f6st\u0259rilib. Bildirilib ki, 15 iyun Milli Qurtulu\u015f G\u00fcn\u00fc, 16-17 iyun Qurban bayram\u0131, 26 iyun is\u0259 Az\u0259rbaycan Respublikas\u0131n\u0131n Silahl\u0131 Q\u00fcvv\u0259l\u0259ri G\u00fcn\u00fcd\u00fcr. \u018fm\u0259k M\u0259c\u0259ll\u0259sin\u0259 \u0259sas\u0259n, h\u0259ft\u0259l\u0259raras\u0131 istirah\u0259t g\u00fcnl\u0259ri v\u0259 i\u015f g\u00fcn\u00fc hesab olunmayan bayram g\u00fcnl\u0259ri \u00fcst-\u00fcst\u0259 d\u00fc\u015f\u0259rs\u0259, h\u0259min istirah\u0259t g\u00fcn\u00fc bilavasit\u0259 bayram g\u00fcn\u00fcnd\u0259n sonrak\u0131 i\u015f g\u00fcn\u00fcn\u0259 ke\u00e7irilir. Bu il 15 iyun \u015f\u0259nb\u0259, 16 iyun bazar g\u00fcn\u00fcn\u0259 t\u0259sad\u00fcf etdiyi \u00fc\u00e7\u00fcn 18 v\u0259 19 iyun tarixl\u0259ri d\u0259 qeyri-i\u015f g\u00fcnl\u0259ri olacaq. Bununla da, ard\u0131c\u0131l olaraq 15, 16, 17,&hellip;<\/p>\n","protected":false},"author":2,"featured_media":726386,"comment_status":"closed","ping_status":"closed","sticky":false,"template":"","format":"standard","meta":{"om_disable_all_campaigns":false,"_monsterinsights_skip_tracking":false,"_monsterinsights_sitenote_active":false,"_monsterinsights_sitenote_note":"","_monsterinsights_sitenote_category":0},"categories":[1],"tags":[],"aioseo_notices":[],"gutentor_comment":0,"rttpg_featured_image_url":{"full":["https:\/\/arantv.az\/wp-content\/uploads\/2024\/05\/a92d43995a86d5c93da7ee030c6195b1.jpg",848,500,false],"landscape":["https:\/\/arantv.az\/wp-content\/uploads\/2024\/05\/a92d43995a86d5c93da7ee030c6195b1.jpg",848,500,false],"portraits":["https:\/\/arantv.az\/wp-content\/uploads\/2024\/05\/a92d43995a86d5c93da7ee030c6195b1.jpg",848,500,false],"thumbnail":["https:\/\/arantv.az\/wp-content\/uploads\/2024\/05\/a92d43995a86d5c93da7ee030c6195b1-500x280.jpg",500,280,true],"medium":["https:\/\/arantv.az\/wp-content\/uploads\/2024\/05\/a92d43995a86d5c93da7ee030c6195b1-619x365.jpg",619,365,true],"large":["https:\/\/arantv.az\/wp-content\/uploads\/2024\/05\/a92d43995a86d5c93da7ee030c6195b1-840x495.jpg",640,377,true],"1536x1536":["https:\/\/arantv.az\/wp-content\/uploads\/2024\/05\/a92d43995a86d5c93da7ee030c6195b1.jpg",848,500,false],"2048x2048":["https:\/\/arantv.az\/wp-content\/uploads\/2024\/05\/a92d43995a86d5c93da7ee030c6195b1.jpg",848,500,false],"post-thumbnail":["https:\/\/arantv.az\/wp-content\/uploads\/2024\/05\/a92d43995a86d5c93da7ee030c6195b1-240x172.jpg",240,172,true],"advps-thumb-one":["https:\/\/arantv.az\/wp-content\/uploads\/2024\/05\/a92d43995a86d5c93da7ee030c6195b1.jpg",848,500,false]},"rttpg_author":{"display_name":"V\u00fcsal Rafiqo\u011flu","author_link":"https:\/\/arantv.az\/?author=2"},"rttpg_comment":0,"rttpg_category":"<a href=\"https:\/\/arantv.az\/?cat=1\" rel=\"category\">C\u0259miyy\u0259t<\/a>","rttpg_excerpt":"\u0130yunda qeyri-i\u015f g\u00fcnl\u0259rinin say\u0131 m\u0259lum olub. ARANTV.AZ\u00a0 x\u0259b\u0259r verir ki, bu, 2024-c\u00fc il \u00fc\u00e7\u00fcn i\u015f vaxt\u0131 normas\u0131nda g\u00f6st\u0259rilib. Bildirilib ki, 15 iyun Milli Qurtulu\u015f G\u00fcn\u00fc, 16-17 iyun Qurban bayram\u0131, 26 iyun is\u0259 Az\u0259rbaycan Respublikas\u0131n\u0131n Silahl\u0131 Q\u00fcvv\u0259l\u0259ri G\u00fcn\u00fcd\u00fcr. \u018fm\u0259k M\u0259c\u0259ll\u0259sin\u0259 \u0259sas\u0259n, h\u0259ft\u0259l\u0259raras\u0131 istirah\u0259t g\u00fcnl\u0259ri v\u0259 i\u015f g\u00fcn\u00fc hesab olunmayan bayram g\u00fcnl\u0259ri \u00fcst-\u00fcst\u0259 d\u00fc\u015f\u0259rs\u0259, h\u0259min istirah\u0259t g\u00fcn\u00fc&hellip;","_links":{"self":[{"href":"https:\/\/arantv.az\/index.php?rest_route=\/wp\/v2\/posts\/726385"}],"collection":[{"href":"https:\/\/arantv.az\/index.php?rest_route=\/wp\/v2\/posts"}],"about":[{"href":"https:\/\/arantv.az\/index.php?rest_route=\/wp\/v2\/types\/post"}],"author":[{"embeddable":true,"href":"https:\/\/arantv.az\/index.php?rest_route=\/wp\/v2\/users\/2"}],"replies":[{"embeddable":true,"href":"https:\/\/arantv.az\/index.php?rest_route=%2Fwp%2Fv2%2Fcomments&post=726385"}],"version-history":[{"count":0,"href":"https:\/\/arantv.az\/index.php?rest_route=\/wp\/v2\/posts\/726385\/revisions"}],"wp:featuredmedia":[{"embeddable":true,"href":"https:\/\/arantv.az\/index.php?rest_route=\/wp\/v2\/media\/726386"}],"wp:attachment":[{"href":"https:\/\/arantv.az\/index.php?rest_route=%2Fwp%2Fv2%2Fmedia&parent=726385"}],"wp:term":[{"taxonomy":"category","embeddable":true,"href":"https:\/\/arantv.az\/index.php?rest_route=%2Fwp%2Fv2%2Fcategories&post=726385"},{"taxonomy":"post_tag","embeddable":true,"href":"https:\/\/arantv.az\/index.php?rest_route=%2Fwp%2Fv2%2Ftags&post=726385"}],"curies":[{"name":"wp","href":"https:\/\/api.w.org\/{rel}","templated":true}]}}