{"id":726397,"date":"2024-05-31T09:47:02","date_gmt":"2024-05-31T05:47:02","guid":{"rendered":"https:\/\/arantv.az\/?p=726397"},"modified":"2024-05-31T09:47:02","modified_gmt":"2024-05-31T05:47:02","slug":"az%c9%99rbaycan-pakistan-birg%c9%99-h%c9%99rbi-t%c9%99liml%c9%99ri-v%c9%99-%c9%99m%c9%99kdasligi-muzakir%c9%99-edilib","status":"publish","type":"post","link":"https:\/\/arantv.az\/?p=726397","title":{"rendered":"Az\u0259rbaycan-Pakistan birg\u0259 h\u0259rbi t\u0259liml\u0259ri v\u0259 \u0259m\u0259kda\u015fl\u0131\u011f\u0131 m\u00fczakir\u0259 edilib"},"content":{"rendered":"<div class=\"text-content\" data-id=\"\" data-url=\"\">\n<p><em><strong>Az\u0259rbaycan xarici i\u015fl\u0259r naziri Ceyhun Bayramov Pakistana r\u0259smi s\u0259f\u0259ri \u00e7\u0259r\u00e7iv\u0259sind\u0259 \u0130slam Respublikas\u0131n\u0131n Silahl\u0131 Q\u00fcvv\u0259l\u0259rinin Quru Qo\u015funlar\u0131n\u0131n Q\u0259rargah r\u0259isi, general Asim Munirl\u0259 g\u00f6r\u00fc\u015f\u00fcb.<\/strong><\/em><\/p>\n<p><strong>ARANTV.AZ<\/strong>\u00a0 x\u0259b\u0259r verir ki, Ceyhun Bayramov bu bar\u0259d\u0259 \u201cX\u201dd\u0259ki s\u0259hif\u0259sind\u0259 yaz\u0131b.<\/p>\n<p>\u201cQarda\u015f Pakistan Ordusunun Ba\u015f Q\u0259rargah r\u0259isi general Asim Munir il\u0259 \u00e7ox m\u0259zmunlu s\u00f6hb\u0259t apard\u0131q. Az\u0259rbaycan-Pakistan m\u00fcnasib\u0259tl\u0259ri, o c\u00fcml\u0259d\u0259n birg\u0259 h\u0259rbi t\u0259liml\u0259r v\u0259 \u0259m\u0259kda\u015fl\u0131q haqq\u0131nda \u0259trafl\u0131 dan\u0131\u015fd\u0131q\u201d, &#8211; Az\u0259rbaycan\u0131n xarici siyas\u0259t idar\u0259sinin r\u0259hb\u0259ri qeyd edib.<\/p>\n<p>Az\u0259rbaycan X\u0130N is\u0259 &#8220;X&#8221;d\u0259ki s\u0259hif\u0259sind\u0259 bildirib ki, t\u0259r\u0259fl\u0259r regional t\u0259hl\u00fck\u0259sizlik sah\u0259sind\u0259 v\u0259ziyy\u0259ti v\u0259 m\u00fcdafi\u0259 sektorunda \u0259m\u0259kda\u015fl\u0131q imkanlar\u0131n\u0131 m\u00fczakir\u0259 edibl\u0259r.<\/p>\n<p>Qeyd ed\u0259k ki, daha \u0259vv\u0259l Az\u0259rbaycan\u0131n xarici i\u015fl\u0259r naziri Pakistan \u0130slam Respublikas\u0131n\u0131n Ba\u015f naziri \u015eahbaz \u015e\u0259rif il\u0259 g\u00f6r\u00fc\u015f\u00fcb. G\u00f6r\u00fc\u015f zaman\u0131 t\u0259r\u0259fl\u0259r, Az\u0259rbaycanla Pakistan aras\u0131nda m\u00f6vcud strateji \u0259m\u0259kda\u015fl\u0131\u011f\u0131n s\u0259viyy\u0259sind\u0259n m\u0259mnunluq ifad\u0259 ed\u0259r\u0259k, y\u00fcks\u0259k s\u0259viyy\u0259li qar\u015f\u0131l\u0131ql\u0131 s\u0259f\u0259rl\u0259rin, habel\u0259 beyn\u0259lxalq t\u0259\u015fkilatlar \u00e7\u0259r\u00e7iv\u0259sind\u0259 qar\u015f\u0131l\u0131ql\u0131 d\u0259st\u0259yin \u00f6n\u0259mini vur\u011fulay\u0131b.<\/p>\n<p>T\u0259r\u0259fl\u0259r, iqtisadiyyat, ticar\u0259t, enerji, turizm, t\u0259hsil, elm v\u0259 m\u0259d\u0259niyy\u0259t, n\u0259qliyyat, el\u0259c\u0259 d\u0259 m\u00fcdafi\u0259 sah\u0259sind\u0259 \u0259m\u0259kda\u015fl\u0131q imkanlar\u0131n\u0131 m\u00fczakir\u0259 edibl\u0259r.<\/p>\n<p><img loading=\"lazy\" src=\"https:\/\/cdn.musavat.com\/news\/thumbnails\/f61a2f54993e6bf99f2efbfa7640ccf7.jpg\" alt=\"Screenshot_1.png (28 KB)\" width=\"543\" height=\"231\" \/><\/p>\n<\/div>\n<div><\/div>\n<div><\/div>\n<div class=\"inner-social-box\">\n<div class=\"subs-in-social subs-whatsapp\"><\/div>\n<\/div>\n","protected":false},"excerpt":{"rendered":"<p>Az\u0259rbaycan xarici i\u015fl\u0259r naziri Ceyhun Bayramov Pakistana r\u0259smi s\u0259f\u0259ri \u00e7\u0259r\u00e7iv\u0259sind\u0259 \u0130slam Respublikas\u0131n\u0131n Silahl\u0131 Q\u00fcvv\u0259l\u0259rinin Quru Qo\u015funlar\u0131n\u0131n Q\u0259rargah r\u0259isi, general Asim Munirl\u0259 g\u00f6r\u00fc\u015f\u00fcb. ARANTV.AZ\u00a0 x\u0259b\u0259r verir ki, Ceyhun Bayramov bu bar\u0259d\u0259 \u201cX\u201dd\u0259ki s\u0259hif\u0259sind\u0259 yaz\u0131b. \u201cQarda\u015f Pakistan Ordusunun Ba\u015f Q\u0259rargah r\u0259isi general Asim Munir il\u0259 \u00e7ox m\u0259zmunlu s\u00f6hb\u0259t apard\u0131q. Az\u0259rbaycan-Pakistan m\u00fcnasib\u0259tl\u0259ri, o c\u00fcml\u0259d\u0259n birg\u0259 h\u0259rbi t\u0259liml\u0259r v\u0259 \u0259m\u0259kda\u015fl\u0131q haqq\u0131nda \u0259trafl\u0131 dan\u0131\u015fd\u0131q\u201d, &#8211; Az\u0259rbaycan\u0131n xarici siyas\u0259t idar\u0259sinin r\u0259hb\u0259ri qeyd edib. Az\u0259rbaycan X\u0130N is\u0259 &#8220;X&#8221;d\u0259ki s\u0259hif\u0259sind\u0259 bildirib ki, t\u0259r\u0259fl\u0259r regional t\u0259hl\u00fck\u0259sizlik sah\u0259sind\u0259 v\u0259ziyy\u0259ti v\u0259 m\u00fcdafi\u0259 sektorunda \u0259m\u0259kda\u015fl\u0131q imkanlar\u0131n\u0131 m\u00fczakir\u0259 edibl\u0259r. Qeyd ed\u0259k ki, daha&hellip;<\/p>\n","protected":false},"author":2,"featured_media":726398,"comment_status":"closed","ping_status":"closed","sticky":false,"template":"","format":"standard","meta":{"om_disable_all_campaigns":false,"_monsterinsights_skip_tracking":false,"_monsterinsights_sitenote_active":false,"_monsterinsights_sitenote_note":"","_monsterinsights_sitenote_category":0},"categories":[19],"tags":[],"aioseo_notices":[],"gutentor_comment":0,"rttpg_featured_image_url":{"full":["https:\/\/arantv.az\/wp-content\/uploads\/2024\/05\/3d9b52b7da474509b03e65a0b5341681.jpg",850,500,false],"landscape":["https:\/\/arantv.az\/wp-content\/uploads\/2024\/05\/3d9b52b7da474509b03e65a0b5341681.jpg",850,500,false],"portraits":["https:\/\/arantv.az\/wp-content\/uploads\/2024\/05\/3d9b52b7da474509b03e65a0b5341681.jpg",850,500,false],"thumbnail":["https:\/\/arantv.az\/wp-content\/uploads\/2024\/05\/3d9b52b7da474509b03e65a0b5341681-500x280.jpg",500,280,true],"medium":["https:\/\/arantv.az\/wp-content\/uploads\/2024\/05\/3d9b52b7da474509b03e65a0b5341681-621x365.jpg",621,365,true],"large":["https:\/\/arantv.az\/wp-content\/uploads\/2024\/05\/3d9b52b7da474509b03e65a0b5341681-840x494.jpg",640,376,true],"1536x1536":["https:\/\/arantv.az\/wp-content\/uploads\/2024\/05\/3d9b52b7da474509b03e65a0b5341681.jpg",850,500,false],"2048x2048":["https:\/\/arantv.az\/wp-content\/uploads\/2024\/05\/3d9b52b7da474509b03e65a0b5341681.jpg",850,500,false],"post-thumbnail":["https:\/\/arantv.az\/wp-content\/uploads\/2024\/05\/3d9b52b7da474509b03e65a0b5341681-240x172.jpg",240,172,true],"advps-thumb-one":["https:\/\/arantv.az\/wp-content\/uploads\/2024\/05\/3d9b52b7da474509b03e65a0b5341681.jpg",850,500,false]},"rttpg_author":{"display_name":"V\u00fcsal Rafiqo\u011flu","author_link":"https:\/\/arantv.az\/?author=2"},"rttpg_comment":0,"rttpg_category":"<a href=\"https:\/\/arantv.az\/?cat=19\" rel=\"category\">G\u00fcnd\u0259m<\/a>","rttpg_excerpt":"Az\u0259rbaycan xarici i\u015fl\u0259r naziri Ceyhun Bayramov Pakistana r\u0259smi s\u0259f\u0259ri \u00e7\u0259r\u00e7iv\u0259sind\u0259 \u0130slam Respublikas\u0131n\u0131n Silahl\u0131 Q\u00fcvv\u0259l\u0259rinin Quru Qo\u015funlar\u0131n\u0131n Q\u0259rargah r\u0259isi, general Asim Munirl\u0259 g\u00f6r\u00fc\u015f\u00fcb. ARANTV.AZ\u00a0 x\u0259b\u0259r verir ki, Ceyhun Bayramov bu bar\u0259d\u0259 \u201cX\u201dd\u0259ki s\u0259hif\u0259sind\u0259 yaz\u0131b. \u201cQarda\u015f Pakistan Ordusunun Ba\u015f Q\u0259rargah r\u0259isi general Asim Munir il\u0259 \u00e7ox m\u0259zmunlu s\u00f6hb\u0259t apard\u0131q. Az\u0259rbaycan-Pakistan m\u00fcnasib\u0259tl\u0259ri, o c\u00fcml\u0259d\u0259n birg\u0259 h\u0259rbi t\u0259liml\u0259r v\u0259&hellip;","_links":{"self":[{"href":"https:\/\/arantv.az\/index.php?rest_route=\/wp\/v2\/posts\/726397"}],"collection":[{"href":"https:\/\/arantv.az\/index.php?rest_route=\/wp\/v2\/posts"}],"about":[{"href":"https:\/\/arantv.az\/index.php?rest_route=\/wp\/v2\/types\/post"}],"author":[{"embeddable":true,"href":"https:\/\/arantv.az\/index.php?rest_route=\/wp\/v2\/users\/2"}],"replies":[{"embeddable":true,"href":"https:\/\/arantv.az\/index.php?rest_route=%2Fwp%2Fv2%2Fcomments&post=726397"}],"version-history":[{"count":0,"href":"https:\/\/arantv.az\/index.php?rest_route=\/wp\/v2\/posts\/726397\/revisions"}],"wp:featuredmedia":[{"embeddable":true,"href":"https:\/\/arantv.az\/index.php?rest_route=\/wp\/v2\/media\/726398"}],"wp:attachment":[{"href":"https:\/\/arantv.az\/index.php?rest_route=%2Fwp%2Fv2%2Fmedia&parent=726397"}],"wp:term":[{"taxonomy":"category","embeddable":true,"href":"https:\/\/arantv.az\/index.php?rest_route=%2Fwp%2Fv2%2Fcategories&post=726397"},{"taxonomy":"post_tag","embeddable":true,"href":"https:\/\/arantv.az\/index.php?rest_route=%2Fwp%2Fv2%2Ftags&post=726397"}],"curies":[{"name":"wp","href":"https:\/\/api.w.org\/{rel}","templated":true}]}}