{"id":726405,"date":"2024-05-31T09:57:57","date_gmt":"2024-05-31T05:57:57","guid":{"rendered":"https:\/\/arantv.az\/?p=726405"},"modified":"2024-05-31T09:57:57","modified_gmt":"2024-05-31T05:57:57","slug":"addim-addim-sulh%c9%99-dogru-2","status":"publish","type":"post","link":"https:\/\/arantv.az\/?p=726405","title":{"rendered":"Add\u0131m-add\u0131m s\u00fclh\u0259 do\u011fru\u2026"},"content":{"rendered":"<p>Az\u0259rbaycan\u0131n V\u0259t\u0259n m\u00fcharib\u0259sind\u0259n sonra g\u00f6st\u0259rdiyi davaml\u0131 s\u00fclh t\u0259\u015f\u0259bb\u00fcsl\u0259ri v\u0259 etdiyi \u00e7a\u011f\u0131r\u0131\u015flar art\u0131q b\u0259hr\u0259sini verm\u0259y\u0259 ba\u015flay\u0131b. El\u0259 28 May &#8211; M\u00fcst\u0259qillik G\u00fcn\u00fc il\u0259 ba\u011fl\u0131 Prezident \u0130lham \u018fliyev\u0259 \u00fcnvanlanan \u00e7oxsayl\u0131 t\u0259brik m\u0259ktublar\u0131n\u0131n b\u0259zil\u0259rind\u0259 s\u00fclh m\u0259s\u0259l\u0259sin\u0259 \u00a0d\u0259 yer ayr\u0131lmas\u0131 bunu bir daha t\u0259sdiq\u00a0 edir. M\u0259s\u0259l\u0259n, Amerika Birl\u0259\u015fmi\u015f \u015etatlar\u0131n\u0131n Prezidenti Cozef Bayden m\u0259ktubunda qeyd edib ki, biz Az\u0259rbaycan\u0131n v\u0259 Erm\u0259nistan\u0131n davaml\u0131 v\u0259 l\u0259yaq\u0259tli s\u00fclh\u00fcn t\u0259min edilm\u0259sin\u0259 y\u00f6n\u0259lmi\u015f add\u0131mlar\u0131n\u0131 alq\u0131\u015flay\u0131r v\u0259 bu s\u0259yl\u0259ri d\u0259st\u0259kl\u0259m\u0259y\u0259 haz\u0131r\u0131q. Birl\u0259\u015fmi\u015f Mill\u0259tl\u0259r T\u0259\u015fkilat\u0131n\u0131n Ba\u015f katibi Antonio Quterre\u015f d\u0259 s\u00fclh prosesini d\u0259st\u0259kl\u0259diyini diqq\u0259t\u0259 \u00e7atd\u0131r\u0131b. Bildirib ki, indi ham\u0131 \u00fc\u00e7\u00fcn s\u00fclh\u00fcn, davaml\u0131 inki\u015faf\u0131n, insan h\u00fcquqlar\u0131n\u0131n t\u0259min olunmas\u0131na k\u00f6m\u0259k etm\u0259k namin\u0259 h\u0259mr\u0259yliyin v\u0259 ortaq h\u0259ll yollar\u0131n\u0131n tap\u0131lmas\u0131n\u0131n vaxt\u0131d\u0131r. Latviya Respublikas\u0131n\u0131n Prezidenti Edqars Rinkevi\u00e7sin t\u0259brik m\u0259ktubunda is\u0259 bu fikir yer al\u0131b: \u201cBu bax\u0131mdan m\u0259n Sizin C\u0259nubi Qafqazda davaml\u0131 s\u00fclh\u0259 nail olmaq istiqam\u0259tind\u0259 s\u0259yl\u0259rinizi alq\u0131\u015flay\u0131ram.\u201d<\/p>\n<p>B\u0259li, son g\u00fcnl\u0259r iki \u00f6lk\u0259 aras\u0131nda ba\u015flanan delimitasiya i\u015fl\u0259ri n\u0259tic\u0259sind\u0259 Erm\u0259nistanla 12,7 kilometr uzunlu\u011funda s\u0259rh\u0259d x\u0259ttinin m\u00fc\u0259yy\u0259n edilm\u0259sini, bir g\u00fcll\u0259 at\u0131lmadan, he\u00e7 bir vasit\u0259\u00e7i olmadan may\u0131n 24-d\u0259 Qazax rayo\u00adnunun qeyri-anklav 4 k\u0259ndinin \u2013 Ba\u011fa\u00adn\u0131s Ayr\u0131m, A\u015fa\u011f\u0131 \u018fskipara, Xeyrimli v\u0259 Q\u0131z\u0131lhac\u0131l\u0131n\u0131n Az\u0259rbaycan D\u00f6vl\u0259t S\u0259rh\u0259d Xidm\u0259ti t\u0259r\u0259find\u0259n n\u0259zar\u0259t\u0259 g\u00f6t\u00fcr\u00fclm\u0259sini \u00a0s\u00fclh\u00fcn i\u015fart\u0131s\u0131 kimi d\u0259y\u0259rl\u0259ndirm\u0259k olar. \u015e\u00fcbh\u0259siz, ilk d\u0259f\u0259 olaraq Erm\u0259nistan\u0131n Az\u0259rbaycanla d\u00f6vl\u0259t s\u0259rh\u0259dinin delimitasiyas\u0131 \u00fczr\u0259 raz\u0131l\u0131\u011fa g\u0259lm\u0259si s\u00fclh \u00fc\u00e7\u00fcn m\u00fch\u00fcm add\u0131md\u0131r.<\/p>\n<p>\u015e\u00fcbh\u0259siz, bu prosesin tezlikl\u0259 tam realla\u015fma\u00ads\u0131na d\u0259st\u0259k ver\u0259c\u0259k t\u0259r\u0259f Erm\u0259nistan olmal\u0131d\u0131r. Amma t\u0259cav\u00fczkar \u00f6lk\u0259d\u0259 Q\u0259rbin, x\u00fcsusil\u0259 Fransan\u0131n dirijorlu\u011fu il\u0259 dini ibad\u0259ti siyas\u0259tl\u0259 \u0259v\u0259z ed\u0259n kils\u0259nin timsal\u0131nda s\u00fclh \u0259leyhin\u0259 \u00e7\u0131x\u0131\u015flar e\u015fidilm\u0259kd\u0259dir. Son m\u0259lumata g\u00f6r\u0259, art\u0131q Erm\u0259nistanda kils\u0259 il\u0259 h\u00f6kum\u0259t aras\u0131nda \u00e7\u0259ki\u015fm\u0259 a\u00e7\u0131q m\u00fcst\u0259viy\u0259 ke\u00e7ib. Amma hadis\u0259l\u0259rin gedi\u015fat\u0131 g\u00f6st\u0259rir ki, Erm\u0259nistanda kils\u0259nin t\u0259\u015fkil etdiyi mitinql\u0259r u\u011fursuzlu\u011fa d\u00fc\u00e7ar olacaq. \u00c7\u00fcnki onlar\u0131n, h\u0259m\u00e7inin Ko\u00e7aryan-Sarkisyan c\u00fctl\u00fcy\u00fcn\u00fcn u\u011fur \u0259ld\u0259 etm\u0259l\u0259ri \u00fc\u00e7\u00fcn he\u00e7 bir potensiallar\u0131 yoxdur. Bu m\u0259qamda\u00a0 Prezident \u0130lham \u018fliyevin may\u0131n 28-d\u0259 Xocal\u0131 sakinl\u0259ri il\u0259 g\u00f6r\u00fc\u015f\u00fc zaman\u0131 s\u00f6yl\u0259diyi fikirl\u0259ri xat\u0131rlamaq yerin\u0259 d\u00fc\u015f\u0259r: \u201cHalbuki Erm\u0259nistanda revan\u015fistl\u0259r d\u0259 kifay\u0259t q\u0259d\u0259r \u00e7oxdur. Biz son hadis\u0259l\u0259ri d\u0259 izl\u0259yirik, g\u00f6r\u00fcr\u00fck ki, biz\u0259 qar\u015f\u0131 yenid\u0259n \u0259razi iddialar\u0131 ir\u0259li s\u00fcrm\u0259k c\u0259hdl\u0259ri var. Ona g\u00f6r\u0259 biz h\u0259r an haz\u0131r olmal\u0131y\u0131q. \u018flb\u0259tt\u0259 ki, ilk n\u00f6vb\u0259d\u0259, ordumuzu daha da g\u00fccl\u0259ndirm\u0259liyik v\u0259 bunu edirik\u201d.<\/p>\n<p>Erm\u0259nistandak\u0131 revan\u015fistl\u0259rin m\u00fcqavim\u0259tin\u0259 baxmayaraq, \u00f6lk\u0259nin siyasi r\u0259hb\u0259rliyi\u00a0 dan\u0131\u015f\u0131qlar\u0131 davam etdirm\u0259kd\u0259 israrl\u0131 g\u00f6r\u00fcn\u00fcr. Yeri g\u0259lmi\u015fk\u0259n bildir\u0259k ki, \u201cDelimitasiya v\u0259 demarkasiya prosesi\u00adnin pozulmas\u0131 yeni m\u00fcharib\u0259dir\u201d dey\u0259n\u00a0 ba\u015f nazir Nikol Pa\u015finyan may\u0131n 29-da m\u0259tbuata a\u00e7\u0131qlamas\u0131nda Erm\u0259nistanla Az\u0259rbaycan aras\u0131nda dan\u0131\u015f\u0131qlar prosesind\u0259 xeyli ir\u0259lil\u0259yi\u015f\u00a0 oldu\u011funu bir daha etiraf edib. O, h\u0259tta bildirib ki, \u00a0Erm\u0259nistan\u0131n suveren \u0259razisi var v\u0259 bu, \u00a0toxunulmazd\u0131r. \u018frazi iddialar\u0131n\u0131n t\u0259hl\u00fck\u0259 v\u0259 riskl\u0259ri bar\u0259d\u0259 dan\u0131\u015fan Erm\u0259nistan r\u0259hb\u0259ri haylar\u0131 b\u00f6lg\u0259d\u0259 yaranm\u0131\u015f reall\u0131qlar\u0131 q\u0259bul etm\u0259y\u0259 \u00e7a\u011f\u0131r\u0131b. \u015e\u00fcbh\u0259siz, ba\u015f nazirin reall\u0131qlar\u0131 bu \u015f\u0259kild\u0259 izah etm\u0259si, s\u00fclh\u00fc v\u0259ziyy\u0259td\u0259n yegan\u0259 \u00e7\u0131x\u0131\u015f yolu kimi g\u00f6st\u0259rm\u0259si m\u00fcsb\u0259t hald\u0131r. Bu m\u0259nada Erm\u0259nistanla dan\u0131\u015f\u0131qlarda ir\u0259lil\u0259yi\u015fin, siyasi dialoqun v\u0259 s\u0259rh\u0259dl\u0259rin delimitasiyas\u0131n\u0131n regionda davaml\u0131 s\u00fclh\u0259 g\u0259tirib \u00e7\u0131xaraca\u011f\u0131n\u0131 \u0259minlikl\u0259 dem\u0259k olar. Bir s\u00f6zl\u0259, bu g\u00fcn regionun s\u00fclh\u0259 m\u0259hkumlu\u011fu a\u00e7\u0131q-ayd\u0131n g\u00f6r\u00fcn\u00fcr.<\/p>\n<p>\u015e\u00fcbh\u0259siz, bu ilin noyabr ay\u0131nda Bak\u0131da ke\u00e7iril\u0259c\u0259k \u00a0BMT-nin \u0130qlim D\u0259yi\u015fm\u0259l\u0259ri \u00fczr\u0259 \u00c7\u0259r\u00e7iv\u0259 Konvensiyas\u0131n\u0131n T\u0259r\u0259fl\u0259r Konfrans\u0131n\u0131n 29-cu sessiyas\u0131na \u00a0(COP29)\u00a0 q\u0259d\u0259r Az\u0259rbaycanla Erm\u0259nistan aras\u0131nda s\u00fclh m\u00fcqavil\u0259sinin m\u0259tninin raz\u0131la\u015fd\u0131r\u0131laraq \u00e7\u0259r\u00e7iv\u0259 sazi\u015finin imzalanaca\u011f\u0131na dair proqnozlar\u0131n s\u0259sl\u0259ndirilm\u0259si d\u0259 el\u0259 bu amill\u0259rl\u0259 ba\u011fl\u0131d\u0131r. B\u00fct\u00fcn bunlar is\u0259 o dem\u0259kdir ki, n\u0259 q\u0259d\u0259r \u00e7\u0259tin olsa da Az\u0259rbaycan regionda s\u00fclh\u0259 do\u011fru add\u0131m-add\u0131m ir\u0259lil\u0259yir.<\/p>\n<p><strong>Qvami M\u0259h\u0259bb\u0259to\u011flu, \u201c\u0130ki sahil\u201d<\/strong><\/p>\n","protected":false},"excerpt":{"rendered":"<p>Az\u0259rbaycan\u0131n V\u0259t\u0259n m\u00fcharib\u0259sind\u0259n sonra g\u00f6st\u0259rdiyi davaml\u0131 s\u00fclh t\u0259\u015f\u0259bb\u00fcsl\u0259ri v\u0259 etdiyi \u00e7a\u011f\u0131r\u0131\u015flar art\u0131q b\u0259hr\u0259sini verm\u0259y\u0259 ba\u015flay\u0131b. El\u0259 28 May &#8211; M\u00fcst\u0259qillik G\u00fcn\u00fc il\u0259 ba\u011fl\u0131 Prezident \u0130lham \u018fliyev\u0259 \u00fcnvanlanan \u00e7oxsayl\u0131 t\u0259brik m\u0259ktublar\u0131n\u0131n b\u0259zil\u0259rind\u0259 s\u00fclh m\u0259s\u0259l\u0259sin\u0259 \u00a0d\u0259 yer ayr\u0131lmas\u0131 bunu bir daha t\u0259sdiq\u00a0 edir. M\u0259s\u0259l\u0259n, Amerika Birl\u0259\u015fmi\u015f \u015etatlar\u0131n\u0131n Prezidenti Cozef Bayden m\u0259ktubunda qeyd edib ki, biz Az\u0259rbaycan\u0131n v\u0259 Erm\u0259nistan\u0131n davaml\u0131 v\u0259 l\u0259yaq\u0259tli s\u00fclh\u00fcn t\u0259min edilm\u0259sin\u0259 y\u00f6n\u0259lmi\u015f add\u0131mlar\u0131n\u0131 alq\u0131\u015flay\u0131r v\u0259 bu s\u0259yl\u0259ri d\u0259st\u0259kl\u0259m\u0259y\u0259 haz\u0131r\u0131q. Birl\u0259\u015fmi\u015f Mill\u0259tl\u0259r T\u0259\u015fkilat\u0131n\u0131n Ba\u015f katibi Antonio Quterre\u015f d\u0259 s\u00fclh prosesini d\u0259st\u0259kl\u0259diyini diqq\u0259t\u0259 \u00e7atd\u0131r\u0131b. Bildirib ki, indi ham\u0131 \u00fc\u00e7\u00fcn s\u00fclh\u00fcn, davaml\u0131&hellip;<\/p>\n","protected":false},"author":2,"featured_media":726407,"comment_status":"closed","ping_status":"closed","sticky":false,"template":"","format":"standard","meta":{"om_disable_all_campaigns":false,"_monsterinsights_skip_tracking":false,"_monsterinsights_sitenote_active":false,"_monsterinsights_sitenote_note":"","_monsterinsights_sitenote_category":0},"categories":[19],"tags":[],"aioseo_notices":[],"gutentor_comment":0,"rttpg_featured_image_url":{"full":["https:\/\/arantv.az\/wp-content\/uploads\/2024\/05\/586f9b40170472566062867959510314200-2.jpg",975,540,false],"landscape":["https:\/\/arantv.az\/wp-content\/uploads\/2024\/05\/586f9b40170472566062867959510314200-2.jpg",975,540,false],"portraits":["https:\/\/arantv.az\/wp-content\/uploads\/2024\/05\/586f9b40170472566062867959510314200-2.jpg",975,540,false],"thumbnail":["https:\/\/arantv.az\/wp-content\/uploads\/2024\/05\/586f9b40170472566062867959510314200-2-500x280.jpg",500,280,true],"medium":["https:\/\/arantv.az\/wp-content\/uploads\/2024\/05\/586f9b40170472566062867959510314200-2-660x365.jpg",660,365,true],"large":["https:\/\/arantv.az\/wp-content\/uploads\/2024\/05\/586f9b40170472566062867959510314200-2-840x465.jpg",640,354,true],"1536x1536":["https:\/\/arantv.az\/wp-content\/uploads\/2024\/05\/586f9b40170472566062867959510314200-2.jpg",975,540,false],"2048x2048":["https:\/\/arantv.az\/wp-content\/uploads\/2024\/05\/586f9b40170472566062867959510314200-2.jpg",975,540,false],"post-thumbnail":["https:\/\/arantv.az\/wp-content\/uploads\/2024\/05\/586f9b40170472566062867959510314200-2-240x172.jpg",240,172,true],"advps-thumb-one":["https:\/\/arantv.az\/wp-content\/uploads\/2024\/05\/586f9b40170472566062867959510314200-2.jpg",975,540,false]},"rttpg_author":{"display_name":"V\u00fcsal Rafiqo\u011flu","author_link":"https:\/\/arantv.az\/?author=2"},"rttpg_comment":0,"rttpg_category":"<a href=\"https:\/\/arantv.az\/?cat=19\" rel=\"category\">G\u00fcnd\u0259m<\/a>","rttpg_excerpt":"Az\u0259rbaycan\u0131n V\u0259t\u0259n m\u00fcharib\u0259sind\u0259n sonra g\u00f6st\u0259rdiyi davaml\u0131 s\u00fclh t\u0259\u015f\u0259bb\u00fcsl\u0259ri v\u0259 etdiyi \u00e7a\u011f\u0131r\u0131\u015flar art\u0131q b\u0259hr\u0259sini verm\u0259y\u0259 ba\u015flay\u0131b. El\u0259 28 May &#8211; M\u00fcst\u0259qillik G\u00fcn\u00fc il\u0259 ba\u011fl\u0131 Prezident \u0130lham \u018fliyev\u0259 \u00fcnvanlanan \u00e7oxsayl\u0131 t\u0259brik m\u0259ktublar\u0131n\u0131n b\u0259zil\u0259rind\u0259 s\u00fclh m\u0259s\u0259l\u0259sin\u0259 \u00a0d\u0259 yer ayr\u0131lmas\u0131 bunu bir daha t\u0259sdiq\u00a0 edir. M\u0259s\u0259l\u0259n, Amerika Birl\u0259\u015fmi\u015f \u015etatlar\u0131n\u0131n Prezidenti Cozef Bayden m\u0259ktubunda qeyd edib ki, biz Az\u0259rbaycan\u0131n v\u0259&hellip;","_links":{"self":[{"href":"https:\/\/arantv.az\/index.php?rest_route=\/wp\/v2\/posts\/726405"}],"collection":[{"href":"https:\/\/arantv.az\/index.php?rest_route=\/wp\/v2\/posts"}],"about":[{"href":"https:\/\/arantv.az\/index.php?rest_route=\/wp\/v2\/types\/post"}],"author":[{"embeddable":true,"href":"https:\/\/arantv.az\/index.php?rest_route=\/wp\/v2\/users\/2"}],"replies":[{"embeddable":true,"href":"https:\/\/arantv.az\/index.php?rest_route=%2Fwp%2Fv2%2Fcomments&post=726405"}],"version-history":[{"count":0,"href":"https:\/\/arantv.az\/index.php?rest_route=\/wp\/v2\/posts\/726405\/revisions"}],"wp:featuredmedia":[{"embeddable":true,"href":"https:\/\/arantv.az\/index.php?rest_route=\/wp\/v2\/media\/726407"}],"wp:attachment":[{"href":"https:\/\/arantv.az\/index.php?rest_route=%2Fwp%2Fv2%2Fmedia&parent=726405"}],"wp:term":[{"taxonomy":"category","embeddable":true,"href":"https:\/\/arantv.az\/index.php?rest_route=%2Fwp%2Fv2%2Fcategories&post=726405"},{"taxonomy":"post_tag","embeddable":true,"href":"https:\/\/arantv.az\/index.php?rest_route=%2Fwp%2Fv2%2Ftags&post=726405"}],"curies":[{"name":"wp","href":"https:\/\/api.w.org\/{rel}","templated":true}]}}