{"id":726416,"date":"2024-05-31T09:59:49","date_gmt":"2024-05-31T05:59:49","guid":{"rendered":"https:\/\/arantv.az\/?p=726416"},"modified":"2024-05-31T09:59:49","modified_gmt":"2024-05-31T05:59:49","slug":"korrupsiya-q%c9%99rb-siyas%c9%99tcil%c9%99rinin-%c9%99sl-simasidir","status":"publish","type":"post","link":"https:\/\/arantv.az\/?p=726416","title":{"rendered":"Korrupsiya Q\u0259rb siyas\u0259t\u00e7il\u0259rinin \u201c\u0259sl simas\u0131\u201dd\u0131r"},"content":{"rendered":"<p><em><strong>Bu \u201csima\u201dn\u0131n alt\u0131nda is\u0259 milyonlarla insan\u0131n h\u0259yat\u0131n\u0131n m\u0259hv edilm\u0259si, etnik t\u0259mizl\u0259m\u0259, soyq\u0131r\u0131m cinay\u0259tl\u0259rinin, i\u015f\u011fal\u0131n, vandalizmin d\u0259st\u0259kl\u0259nm\u0259si hesab\u0131na \u0259ld\u0259 edil\u0259n milyardlarla dollarl\u0131q qanl\u0131 v\u0259 \u00e7irkli pullar dayan\u0131r<\/strong><\/em><\/p>\n<p>\u00d6t\u0259n ay Bel\u00e7ika Federal Prokurorlu\u011fu Avropan\u0131n Ukraynaya d\u0259st\u0259yini z\u0259ifl\u0259tm\u0259k \u00fc\u00e7\u00fcn Moskvadan maliyy\u0259 v\u0259saiti almaqda \u015f\u00fcbh\u0259li bilin\u0259n Avropa Parlamentinin bir s\u0131ra \u00fczvl\u0259ri il\u0259 ba\u011fl\u0131 ara\u015fd\u0131rmalar ba\u015flad\u0131b. \u201cDeutsche Welle\u201d n\u0259\u015frinin yayd\u0131\u011f\u0131 m\u0259lumata g\u00f6r\u0259, Bel\u00e7ikan\u0131n Ba\u015f naziri Alexander De Croo aprelin 12-d\u0259 Br\u00fcsseld\u0259 jurnalistl\u0259rl\u0259 g\u00f6r\u00fc\u015f\u00fcnd\u0259 \u00f6lk\u0259nin federal prokurorlu\u011funun iyunun \u0259vv\u0259lind\u0259 ke\u00e7iril\u0259c\u0259k Avropa se\u00e7kil\u0259rin\u0259 Rusiyan\u0131n m\u00fcdaxil\u0259si il\u0259 ba\u011fl\u0131 ara\u015fd\u0131rmaya ba\u015flad\u0131\u011f\u0131n\u0131 bildirib. De Croo qeyd edib ki, Bel\u00e7ika x\u00fcsusi xidm\u0259t orqanlar\u0131 Avropada Ukraynaya d\u0259st\u0259yi sars\u0131tmaq m\u0259qs\u0259di il\u0259 f\u0259aliyy\u0259t g\u00f6st\u0259r\u0259n Rusiya k\u0259\u015ffiyyat \u015f\u0259b\u0259k\u0259sinin m\u00f6vcudlu\u011funu t\u0259sdiql\u0259yib. \u201cMoskvan\u0131n m\u0259qs\u0259di Avropa Parlamentin\u0259 (AP) m\u00fcmk\u00fcn q\u0259d\u0259r \u00e7ox rusiyap\u0259r\u0259st namiz\u0259din se\u00e7ilm\u0259sin\u0259 k\u00f6m\u0259k etm\u0259k v\u0259 bu qurumda rusiyap\u0259r\u0259st m\u00f6vqeyi g\u00fccl\u0259ndirm\u0259kdir\u201d, &#8211; Bel\u00e7ikan\u0131n Ba\u015f naziri deyib.<\/p>\n<p>\u0130lkin ara\u015fd\u0131rmalara g\u00f6r\u0259, Avropa Parlamentinin \u00fczvl\u0259rin\u0259 Avropan\u0131n Ukraynaya d\u0259st\u0259yini z\u0259ifl\u0259tm\u0259y\u0259 y\u00f6n\u0259lmi\u015f Rusiya t\u0259bli\u011fat\u0131n\u0131 yaymaq \u00fc\u00e7\u00fcn pul t\u0259klif edilib.<\/p>\n<p>M\u0259lumat \u00fc\u00e7\u00fcn bildir\u0259k ki, mart\u0131n sonunda Avropa Parlamentinin bir ne\u00e7\u0259 \u00fczv\u00fc Rusiyan\u0131n avropal\u0131 siyas\u0259t\u00e7il\u0259r\u0259 r\u00fc\u015fv\u0259t verm\u0259si iddias\u0131 il\u0259 ba\u011fl\u0131 ara\u015fd\u0131rma apar\u0131lmas\u0131n\u0131 t\u0259l\u0259b edib. Bel\u0259 ki, \u201cYenil\u0259\u015f\u0259n Avropa\u201d fraksiyas\u0131n\u0131n r\u0259hb\u0259ri, fransal\u0131 Valeri Aye AP r\u0259hb\u0259ri Roberta Metsolaya yazd\u0131\u011f\u0131 m\u0259ktubda bu m\u0259s\u0259l\u0259 il\u0259 ba\u011fl\u0131 \u201cd\u0259rhal v\u0259 \u015f\u0259ffaf\u201d daxili ara\u015fd\u0131rma apar\u0131lmas\u0131n\u0131 t\u0259l\u0259b edib. \u201c\u018fg\u0259r qar\u015f\u0131dan g\u0259l\u0259n se\u00e7kil\u0259rd\u0259 v\u0259zif\u0259d\u0259 olan deputatlar v\u0259 ya namiz\u0259dl\u0259r Rusiya h\u00f6kum\u0259tind\u0259n v\u0259 ya onun etibarl\u0131 \u015f\u0259xsl\u0259rind\u0259n pul al\u0131bsa, onlar if\u015fa edilm\u0259li v\u0259 onlara qar\u015f\u0131 t\u0259dbir g\u00f6r\u00fclm\u0259lidir\u201d, &#8211; Aye m\u0259ktubda bildirib. \u201cYenil\u0259\u015f\u0259n Avropa\u201d fraksiyas\u0131 is\u0259 bu m\u0259s\u0259l\u0259 il\u0259 ba\u011fl\u0131 parlamenti t\u0259cili m\u00fczakir\u0259y\u0259 \u00e7a\u011f\u0131r\u0131b. Bundan iki g\u00fcn \u0259vv\u0259l is\u0259 \u00c7exiya hakimiyy\u0259ti Avropada Rusiya t\u0259bli\u011fat\u0131n\u0131 yaymaqla v\u0259 avropal\u0131 siyas\u0259t\u00e7il\u0259r\u0259 r\u00fc\u015fv\u0259t verm\u0259kl\u0259 m\u0259\u015f\u011ful olan Rusiya t\u0259r\u0259find\u0259n maliyy\u0259l\u0259\u015fdiril\u0259n \u015f\u0259b\u0259k\u0259sinin if\u015fa olundu\u011funu bildirmi\u015fdi. H\u0259min g\u00fcn Almaniyan\u0131n \u201cDer Spiegel\u201d n\u0259\u015fri v\u0259 \u00c7exiyan\u0131n \u201cDenik N\u201d q\u0259zeti hadis\u0259nin t\u0259f\u0259rr\u00fcatlar\u0131n\u0131 d\u0259rc edib. M\u0259nb\u0259l\u0259rin fikrinc\u0259, Rusiyay\u00f6n\u00fcml\u00fc korrupsiya sxemin \u0259sas hiss\u0259sini \u201cAvropan\u0131n S\u0259si\u201d x\u0259b\u0259r sayt\u0131 t\u0259\u015fkil edir. \u015e\u0259b\u0259k\u0259nin ba\u015f\u0131nda is\u0259 rusy\u00f6n\u00fcml\u00fc ukraynal\u0131 siyas\u0259t\u00e7i Viktor Medved\u00e7uk v\u0259 k\u00f6m\u0259k\u00e7isi Artem Mar\u00e7evski dayan\u0131r. Bel\u0259 ki, \u201cAvropan\u0131n S\u0259si\u201d internet sayt\u0131nda m\u00fcnt\u0259z\u0259m olaraq avropal\u0131 siyas\u0259t\u00e7il\u0259rin Ukraynaya yard\u0131m\u0131 dayand\u0131rma\u011fa y\u00f6n\u0259l\u0259n \u00e7a\u011f\u0131r\u0131\u015flar\u0131 d\u0259rc olunub. Bu \u00e7a\u011f\u0131r\u0131\u015flar\u0131n m\u00fc\u0259llifl\u0259rind\u0259n b\u0259zil\u0259rin\u0259 bunun \u00fc\u00e7\u00fcn pul \u00f6d\u0259nilib. N\u0259\u015frin m\u0259lumat\u0131na g\u00f6r\u0259, Almaniya , Bel\u00e7ika, Fransa, Macar\u0131stan, Hollandiya v\u0259 Pol\u015fadan olan bir s\u0131ra siyas\u0259t\u00e7il\u0259r bu kampaniyaya qo\u015fulublar. N\u00fcfuzlu \u201cPolitico\u201d n\u0259\u015fri \u201cAvropan\u0131n S\u0259si\u201d radiosunda \u00e7\u0131x\u0131\u015f ed\u0259n 16 A\u0130 mill\u0259t v\u0259kilinin m\u00fc\u0259yy\u0259n edildiyini v\u0259 onlar\u0131n ham\u0131s\u0131n\u0131n ifrat sa\u011f\u00e7\u0131 siyas\u0259t\u00e7il\u0259r oldu\u011funu bildirib. Lakin onlar\u0131n konkret adlar\u0131 a\u00e7\u0131qlanmay\u0131b.<\/p>\n<p>Bu g\u00fcnl\u0259rd\u0259 polis &#8220;RussiaGate&#8221; ara\u015fd\u0131rmas\u0131 \u00e7\u0259r\u00e7iv\u0259sind\u0259 A\u0130 Parlamentinin ofisl\u0259rin\u0259 basq\u0131n edib. Bel\u00e7ika federal prokurorunun b\u0259yanat\u0131na g\u00f6r\u0259, polis \u00e7\u0259r\u015f\u0259nb\u0259 g\u00fcn\u00fc Avropa Parlamentind\u0259 \u201cRusiyan\u0131n m\u00fcdaxil\u0259si\u201d il\u0259 ba\u011fl\u0131 reydl\u0259r ke\u00e7irib. Br\u00fcsseld\u0259ki \u015f\u0259xsi iqam\u0259tgahda, Avropa Parlamentinin Strasburq v\u0259 Br\u00fcsseld\u0259ki ofisl\u0259rind\u0259 apar\u0131lan axtar\u0131\u015flar \u201cAvropan\u0131n S\u0259si\u201d internet sayt\u0131nda Rusiya t\u0259bli\u011fat\u0131n\u0131 yaymaq \u00fc\u00e7\u00fcn Avropa Parlamentinin deputatlar\u0131na m\u00fcraci\u0259t edildiyi v\u0259 onlara pul \u00f6d\u0259nildiyi iddia edil\u0259n \u201cRussiagate i\u015fi\u201d il\u0259 ba\u011fl\u0131d\u0131r. &#8220;Avropa Parlamentinin m\u00fcvafiq \u0259m\u0259kda\u015f\u0131n\u0131n bunda m\u00fch\u00fcm rol oynad\u0131\u011f\u0131na dair \u0259lam\u0259tl\u0259r m\u00fc\u0259yy\u0259n edilib&#8221; dey\u0259 Bel\u00e7ika h\u00fcquq-m\u00fchafiz\u0259 orqanlar\u0131 bildirib. H\u0259ssas m\u0259s\u0259l\u0259ni m\u00fczakir\u0259 etm\u0259k \u00fc\u00e7\u00fcn anonimlik icaz\u0259si verilmi\u015f istintaqla tan\u0131\u015f olan iki n\u0259f\u0259rin s\u00f6zl\u0259rin\u0259 g\u00f6r\u0259, Bel\u00e7ika polisi m\u00fcbahis\u0259li siyasi partiya olan \u201cAlmaniya \u00fc\u00e7\u00fcn Alternativ\u201d \u00fc\u00e7\u00fcn \u00e7al\u0131\u015fm\u0131\u015f deputat k\u00f6m\u0259k\u00e7isinin \u0259laq\u0259l\u0259rini ara\u015fd\u0131r\u0131r. AfD son aylarda bir s\u0131ra qalmaqallarla \u00fczl\u0259\u015fib v\u0259 aprel ay\u0131nda Avropa Parlamentinin y\u00fcks\u0259k r\u00fctb\u0259li deputat\u0131 Maksimilian Krah\u0131n k\u00f6m\u0259k\u00e7isinin h\u0259bsi il\u0259 n\u0259tic\u0259l\u0259nib. Alman s\u0259lahiyy\u0259tlil\u0259ri Jian G. adl\u0131 k\u00f6m\u0259k\u00e7inin \u201c\u00c7in m\u0259xfi xidm\u0259tinin \u0259m\u0259kda\u015f\u0131\u201d oldu\u011funu bildirib. Bundan q\u0131sa m\u00fcdd\u0259t sonra Almaniyan\u0131n Drezden d\u00f6vl\u0259t prokurorlar\u0131 Krah\u0131n \u201cAvropa Parlamenti deputat\u0131 kimi f\u0259aliyy\u0259tin\u0259 g\u00f6r\u0259\u201d Rusiya v\u0259 \u00c7ind\u0259n \u00f6d\u0259ni\u015fl\u0259r q\u0259bul etm\u0259si il\u0259 ba\u011fl\u0131 ilkin ara\u015fd\u0131rmalara ba\u015flay\u0131b. Bu ay\u0131n \u0259vv\u0259lind\u0259 Bel\u00e7ika v\u0259 Almaniya polisi casusluq t\u0259hqiqat\u0131 il\u0259 \u0259laq\u0259dar Krah\u0131n Avropa Parlamentinin ofisind\u0259 axtar\u0131\u015f apar\u0131b. Bunun ard\u0131nca AB se\u00e7kil\u0259rind\u0259 AfD-nin \u0259sas namiz\u0259di olan Krah, casusluq v\u0259 korrupsiya iddialar\u0131ndan, habel\u0259 nasist d\u00f6vr\u00fcn\u00fcn Waffen-SS il\u0259 ba\u011fl\u0131 son q\u0131z\u0131\u015fd\u0131r\u0131c\u0131 ifad\u0259sind\u0259n sonra kampaniyan\u0131 dayand\u0131raca\u011f\u0131n\u0131 v\u0259 partiyas\u0131n\u0131n liderlik \u015furas\u0131ndan istefa ver\u0259c\u0259yini a\u00e7\u0131qlay\u0131b. Xat\u0131rladaq ki, A\u0130 \u00f6lk\u0259l\u0259rind\u0259 Avropa Parlamentin\u0259 se\u00e7kil\u0259r iyunun 6-dan 9-d\u0259k ke\u00e7iril\u0259c\u0259k.<\/p>\n<p>Bir m\u0259s\u0259l\u0259ni d\u0259 qeyd ed\u0259k ki, Avropa antikorrupsiya agentliyi OLAF-\u0131n v\u0259 Avropa \u0130ttifaq\u0131n\u0131n \u0259dliyy\u0259 direktorlu\u011funun birg\u0259 hesabat\u0131nda yer alan faktlar v\u0259 m\u0259nims\u0259nil\u0259n m\u0259bl\u0259\u011fl\u0259rin statistikas\u0131 ortal\u0131\u011fa, b\u00fct\u00fcn A\u0130 m\u0259kan\u0131 il\u0259 \u0259laq\u0259dar vahim\u0259li bir m\u0259nz\u0259r\u0259 qoyur v\u0259 b\u0259lli olur ki, d\u00fcnyan\u0131n az qala h\u0259r yerind\u0259 h\u00fcquq pozuntusu, korrupsiya hal\u0131 axtaran Avropan\u0131n \u00f6z daxilind\u0259 b\u00f6y\u00fck maxinasiya sistemi formala\u015f\u0131b. Hesabatda qeyd olunur ki, \u201cAvropa t\u0259sisatlar\u0131ndak\u0131 korrupsiya a\u011flas\u0131\u011fmaz h\u0259dd\u0259 \u00e7at\u0131b. Sitat: \u201c\u018fg\u0259r \u0259vv\u0259ll\u0259r Avropa fondlar\u0131ndan m\u0259nims\u0259m\u0259l\u0259rin miqyas\u0131 y\u00fcz milyonlarla avro idis\u0259, indi milyardlarla \u00f6l\u00e7\u00fcl\u00fcr&#8230; Avropa \u0130ttifaq\u0131 \u00f6lk\u0259l\u0259ri h\u0259r il korrupsiya n\u0259tic\u0259sind\u0259 323 milyard avro itirirl\u0259r. Bu is\u0259 Avropa \u0130ttifaq\u0131n\u0131n 2014-2020-ci ill\u0259r \u00fc\u00e7\u00fcn n\u0259z\u0259r\u0259 tutulan b\u00fcdc\u0259sinin 1\/3 hiss\u0259sini t\u0259\u015fkil edir. Polis v\u0259 prokurorluq orqanlar\u0131 t\u0259r\u0259find\u0259n \u201cv\u0259zif\u0259 s\u0259lahiyy\u0259tl\u0259rind\u0259n sui-istifad\u0259\u201d v\u0259 \u201cr\u00fc\u015fv\u0259t\u201dl\u0259 ba\u011fl\u0131 a\u00e7\u0131lan cinay\u0259t i\u015fl\u0259rinin say\u0131, bir il \u0259rzind\u0259 67800-d\u0259n \u00e7ox olub\u201d. H\u0259m\u00e7inin bildirilir ki, Avropa Komissiyas\u0131 A\u0130 m\u0259kan\u0131nda korrupsiya n\u0259tic\u0259sind\u0259 maliyy\u0259 itkisinin 120 milyard avro oldu\u011funu r\u0259sm\u0259n etiraf edilib. Bu is\u0259 h\u0259tta Avropa Parlamenti s\u0259drinin m\u00fcavini Eva Kaylinin r\u00fc\u015fv\u0259t almada t\u0259qsirl\u0259ndirildiyi Q\u0259t\u0259rin d\u00f6vl\u0259t b\u00fcdc\u0259sind\u0259n d\u0259 \u00e7oxdur&#8230; B\u00fct\u00fcn bunlar subuta yetirir ki, \u00f6z\u00fcn\u00fc \u201cdemokratiyan\u0131n be\u015fiyi\u201d adland\u0131raraq, d\u00fcnyaya \u201cinsan h\u00fcququ v\u0259 azadl\u0131qlar\u0131\u201d, \u201ckorrupsiyaya qar\u015f\u0131 m\u00fcbariz\u0259\u201d m\u00fcst\u0259visind\u0259n \u201cd\u0259rs\u201d ke\u00e7m\u0259y\u0259 \u00e7al\u0131\u015fan \u00f6lk\u0259l\u0259rd\u0259 korrupsiya v\u0259 r\u00fc\u015fv\u0259t \u00e7i\u00e7\u0259kl\u0259nm\u0259k \u00fc\u00e7\u00fcn, s\u00f6z\u00fcn \u0259sl m\u0259nas\u0131nda, \u00f6z\u00fcn\u00fcn \u0259n m\u00fcnbit \u201ctorpa\u011f\u0131na\u201d d\u00fc\u015f\u00fcb. M\u00fcxt\u0259lif \u00f6lk\u0259l\u0259rin, \u015firk\u0259tl\u0259rin, fondlar\u0131n, maliyy\u0259 f\u0131r\u0131ldaq\u00e7\u0131lar\u0131n\u0131n lobbi\u00e7iliyi is\u0259, Avropa v\u0259 b\u00fct\u00f6vl\u00fckd\u0259 Q\u0259rb siyas\u0259t\u00e7il\u0259rinin \u0259lav\u0259 v\u0259 vazke\u00e7ilm\u0259z g\u0259lir m\u0259nb\u0259yidir.<\/p>\n<p>G\u00f6r\u00fcnd\u00fcy\u00fc kimi, Avropa Parlamentinin lobbi\u00e7ilik m\u00fcqabilind\u0259 r\u00fc\u015fv\u0259talma faktlar\u0131n\u0131n \u00fcz\u0259 \u00e7\u0131xmas\u0131 Avropa Parlamentinin imicini yerl\u0259 bir edib. Burada m\u00fcxt\u0259lif \u00f6lk\u0259l\u0259rl\u0259 ba\u011fl\u0131 q\u0259rarlar\u0131n verilm\u0259sind\u0259 \u0259dal\u0259t t\u0259r\u0259zisinin \u0259yilm\u0259sin\u0259, beyn\u0259lxalq prinsipl\u0259rin arxa plana ke\u00e7irilm\u0259sin\u0259, lobbi maraqlar\u0131n\u0131n \u00f6n\u0259 \u00e7\u0259kilm\u0259sin\u0259, imperialist g\u00fcc m\u0259rk\u0259zl\u0259rinin maraqlar\u0131n\u0131n birt\u0259r\u0259fli qaydada t\u0259min edilm\u0259sin\u0259 dair \u00e7oxsayl\u0131 faktlar sadalamaq m\u00fcmk\u00fcnd\u00fcr. A\u00e7\u0131q dey\u0259k ki, bu qurum son zamanlarda bir n\u00f6v \u00fc\u00e7\u00fcnc\u00fc \u00f6lk\u0259l\u0259r\u0259 qar\u015f\u0131 h\u0259m d\u0259 bir t\u0259zyiq al\u0259tin\u0259 \u00e7evrilib. Az\u0259rbaycan\u0131n t\u0259cr\u00fcb\u0259sind\u0259 bu m\u0259qam d\u0259f\u0259l\u0259rl\u0259 \u00f6z\u00fcn\u00fc g\u00f6st\u0259rib. AP-nin Az\u0259rbaycanla ba\u011fl\u0131 q\u0259bul edil\u0259n q\u0259tam\u0259l\u0259ri-q\u0259rarlar\u0131 ad\u0259t\u0259n q\u0259r\u0259zli olur v\u0259 sifari\u015f \u0259sas\u0131nda haz\u0131rlan\u0131r, x\u00fcsusil\u0259 erm\u0259ni diasporu\/lobbisi bu m\u0259s\u0259l\u0259d\u0259 aktivdir. AP-nin deputatlar\u0131 il\u0259 \u201cyax\u0131n\u201d m\u00fcnasib\u0259tl\u0259r\u0259 malik oldu\u011fu bilin\u0259n \u201cErm\u0259nistan\u0131n Avropa Dostlar\u0131\u201d Eva Kaili qalmaqal\u0131ndan sonra \u00f6z korrupsiya \u0259laq\u0259l\u0259rinin maksimum \u00f6rt-basd\u0131r edilm\u0259sin\u0259 \u00e7al\u0131\u015f\u0131r. Bu v\u0259 dig\u0259r erm\u0259ni oliqarxlar\u0131n, mafiya ba\u015f\u00e7\u0131lar\u0131n\u0131n verdiyi r\u00fc\u015fv\u0259ti q\u0259bul ed\u0259n b\u0259zi AP deputatlar\u0131 t\u0259bii olaraq Az\u0259rbaycan \u0259leyhin\u0259 q\u0259r\u0259zli f\u0259aliyy\u0259tl\u0259ri il\u0259 se\u00e7ilirl\u0259r v\u0259 parlamentin korrupsiya \u015f\u0259b\u0259k\u0259sinin \u00fczvl\u0259ridirl\u0259r. AP-nin korrupsiya \u015f\u0259b\u0259k\u0259sind\u0259 33 n\u0259f\u0259rlik \u201cErm\u0259nistanla dostluq qrupu\u201dnun \u00fczvl\u0259rinin d\u0259 oldu\u011fu bildirilir. AP-d\u0259 Az\u0259rbaycan v\u0259 T\u00fcrkiy\u0259ni h\u0259d\u0259fl\u0259y\u0259n b\u0259yanatlar AP ad\u0131ndan elan edils\u0259 d\u0259, onlar\u0131n \u0259ks\u0259riyy\u0259ti m\u0259hz h\u0259min \u201c33 n\u0259f\u0259rlik qrup\u201d t\u0259r\u0259find\u0259n imzalan\u0131r. Bu deputatlar\u0131n bir qismi h\u0259tta Erm\u0259nistana s\u0259f\u0259rl\u0259r d\u0259 edib.<\/p>\n<p><strong>Sevinc Azadi, \u201c\u0130ki sahil\u201d<\/strong><\/p>\n","protected":false},"excerpt":{"rendered":"<p>Bu \u201csima\u201dn\u0131n alt\u0131nda is\u0259 milyonlarla insan\u0131n h\u0259yat\u0131n\u0131n m\u0259hv edilm\u0259si, etnik t\u0259mizl\u0259m\u0259, soyq\u0131r\u0131m cinay\u0259tl\u0259rinin, i\u015f\u011fal\u0131n, vandalizmin d\u0259st\u0259kl\u0259nm\u0259si hesab\u0131na \u0259ld\u0259 edil\u0259n milyardlarla dollarl\u0131q qanl\u0131 v\u0259 \u00e7irkli pullar dayan\u0131r \u00d6t\u0259n ay Bel\u00e7ika Federal Prokurorlu\u011fu Avropan\u0131n Ukraynaya d\u0259st\u0259yini z\u0259ifl\u0259tm\u0259k \u00fc\u00e7\u00fcn Moskvadan maliyy\u0259 v\u0259saiti almaqda \u015f\u00fcbh\u0259li bilin\u0259n Avropa Parlamentinin bir s\u0131ra \u00fczvl\u0259ri il\u0259 ba\u011fl\u0131 ara\u015fd\u0131rmalar ba\u015flad\u0131b. \u201cDeutsche Welle\u201d n\u0259\u015frinin yayd\u0131\u011f\u0131 m\u0259lumata g\u00f6r\u0259, Bel\u00e7ikan\u0131n Ba\u015f naziri Alexander De Croo aprelin 12-d\u0259 Br\u00fcsseld\u0259 jurnalistl\u0259rl\u0259 g\u00f6r\u00fc\u015f\u00fcnd\u0259 \u00f6lk\u0259nin federal prokurorlu\u011funun iyunun \u0259vv\u0259lind\u0259 ke\u00e7iril\u0259c\u0259k Avropa se\u00e7kil\u0259rin\u0259 Rusiyan\u0131n m\u00fcdaxil\u0259si il\u0259 ba\u011fl\u0131 ara\u015fd\u0131rmaya ba\u015flad\u0131\u011f\u0131n\u0131 bildirib. De Croo qeyd edib ki, Bel\u00e7ika x\u00fcsusi&hellip;<\/p>\n","protected":false},"author":2,"featured_media":726417,"comment_status":"closed","ping_status":"closed","sticky":false,"template":"","format":"standard","meta":{"om_disable_all_campaigns":false,"_monsterinsights_skip_tracking":false,"_monsterinsights_sitenote_active":false,"_monsterinsights_sitenote_note":"","_monsterinsights_sitenote_category":0},"categories":[1],"tags":[],"aioseo_notices":[],"gutentor_comment":0,"rttpg_featured_image_url":{"full":["https:\/\/arantv.az\/wp-content\/uploads\/2024\/05\/0ec04cb3171707938624734498011077368.jpg",975,540,false],"landscape":["https:\/\/arantv.az\/wp-content\/uploads\/2024\/05\/0ec04cb3171707938624734498011077368.jpg",975,540,false],"portraits":["https:\/\/arantv.az\/wp-content\/uploads\/2024\/05\/0ec04cb3171707938624734498011077368.jpg",975,540,false],"thumbnail":["https:\/\/arantv.az\/wp-content\/uploads\/2024\/05\/0ec04cb3171707938624734498011077368-500x280.jpg",500,280,true],"medium":["https:\/\/arantv.az\/wp-content\/uploads\/2024\/05\/0ec04cb3171707938624734498011077368-660x365.jpg",660,365,true],"large":["https:\/\/arantv.az\/wp-content\/uploads\/2024\/05\/0ec04cb3171707938624734498011077368-840x465.jpg",640,354,true],"1536x1536":["https:\/\/arantv.az\/wp-content\/uploads\/2024\/05\/0ec04cb3171707938624734498011077368.jpg",975,540,false],"2048x2048":["https:\/\/arantv.az\/wp-content\/uploads\/2024\/05\/0ec04cb3171707938624734498011077368.jpg",975,540,false],"post-thumbnail":["https:\/\/arantv.az\/wp-content\/uploads\/2024\/05\/0ec04cb3171707938624734498011077368-240x172.jpg",240,172,true],"advps-thumb-one":["https:\/\/arantv.az\/wp-content\/uploads\/2024\/05\/0ec04cb3171707938624734498011077368.jpg",975,540,false]},"rttpg_author":{"display_name":"V\u00fcsal Rafiqo\u011flu","author_link":"https:\/\/arantv.az\/?author=2"},"rttpg_comment":0,"rttpg_category":"<a href=\"https:\/\/arantv.az\/?cat=1\" rel=\"category\">C\u0259miyy\u0259t<\/a>","rttpg_excerpt":"Bu \u201csima\u201dn\u0131n alt\u0131nda is\u0259 milyonlarla insan\u0131n h\u0259yat\u0131n\u0131n m\u0259hv edilm\u0259si, etnik t\u0259mizl\u0259m\u0259, soyq\u0131r\u0131m cinay\u0259tl\u0259rinin, i\u015f\u011fal\u0131n, vandalizmin d\u0259st\u0259kl\u0259nm\u0259si hesab\u0131na \u0259ld\u0259 edil\u0259n milyardlarla dollarl\u0131q qanl\u0131 v\u0259 \u00e7irkli pullar dayan\u0131r \u00d6t\u0259n ay Bel\u00e7ika Federal Prokurorlu\u011fu Avropan\u0131n Ukraynaya d\u0259st\u0259yini z\u0259ifl\u0259tm\u0259k \u00fc\u00e7\u00fcn Moskvadan maliyy\u0259 v\u0259saiti almaqda \u015f\u00fcbh\u0259li bilin\u0259n Avropa Parlamentinin bir s\u0131ra \u00fczvl\u0259ri il\u0259 ba\u011fl\u0131 ara\u015fd\u0131rmalar ba\u015flad\u0131b. \u201cDeutsche Welle\u201d n\u0259\u015frinin yayd\u0131\u011f\u0131&hellip;","_links":{"self":[{"href":"https:\/\/arantv.az\/index.php?rest_route=\/wp\/v2\/posts\/726416"}],"collection":[{"href":"https:\/\/arantv.az\/index.php?rest_route=\/wp\/v2\/posts"}],"about":[{"href":"https:\/\/arantv.az\/index.php?rest_route=\/wp\/v2\/types\/post"}],"author":[{"embeddable":true,"href":"https:\/\/arantv.az\/index.php?rest_route=\/wp\/v2\/users\/2"}],"replies":[{"embeddable":true,"href":"https:\/\/arantv.az\/index.php?rest_route=%2Fwp%2Fv2%2Fcomments&post=726416"}],"version-history":[{"count":0,"href":"https:\/\/arantv.az\/index.php?rest_route=\/wp\/v2\/posts\/726416\/revisions"}],"wp:featuredmedia":[{"embeddable":true,"href":"https:\/\/arantv.az\/index.php?rest_route=\/wp\/v2\/media\/726417"}],"wp:attachment":[{"href":"https:\/\/arantv.az\/index.php?rest_route=%2Fwp%2Fv2%2Fmedia&parent=726416"}],"wp:term":[{"taxonomy":"category","embeddable":true,"href":"https:\/\/arantv.az\/index.php?rest_route=%2Fwp%2Fv2%2Fcategories&post=726416"},{"taxonomy":"post_tag","embeddable":true,"href":"https:\/\/arantv.az\/index.php?rest_route=%2Fwp%2Fv2%2Ftags&post=726416"}],"curies":[{"name":"wp","href":"https:\/\/api.w.org\/{rel}","templated":true}]}}