{"id":726477,"date":"2024-05-31T12:19:17","date_gmt":"2024-05-31T08:19:17","guid":{"rendered":"https:\/\/arantv.az\/?p=726477"},"modified":"2024-05-31T12:19:17","modified_gmt":"2024-05-31T08:19:17","slug":"az%c9%99rbaycanda-yeni-radio-f%c9%99aliyy%c9%99t%c9%99-baslayacaq","status":"publish","type":"post","link":"https:\/\/arantv.az\/?p=726477","title":{"rendered":"Az\u0259rbaycanda yeni radio f\u0259aliyy\u0259t\u0259 ba\u015flayacaq"},"content":{"rendered":"<div class=\"post-detail-content-inner resize-area\">\n<p>Az\u0259rbaycan\u0131n radio m\u0259kan\u0131na h\u0259r birimiz\u0259 yax\u0131nl\u0131\u011f\u0131 il\u0259 se\u00e7il\u0259c\u0259k yeni &#8220;Sa\u011flam Radio&#8221; g\u0259lir.<\/p>\n<p><strong>ARANTV.AZ\u00a0 <\/strong>x\u0259b\u0259r verir ki, bu bar\u0259d\u0259 S\u0259hiyy\u0259 Nazirliyi m\u0259lumat yay\u0131b.<\/p>\n<p>Bildirilib ki, &#8220;Sa\u011flam Radio&#8221; 93.0 FM tezliyind\u0259 iyun ay\u0131n\u0131n 3-d\u0259n yay\u0131ma ba\u015flay\u0131r.<\/p>\n<p>S\u0259hiyy\u0259 Nazirliyinin d\u0259st\u0259yi il\u0259 yay\u0131mlanan radioda h\u0259ft\u0259 i\u00e7i 5 g\u00fcn saat 8:00-dan -10:00-d\u0259k &#8220;Sa\u011flam s\u0259h\u0259r&#8221;, saat 18:00-dan &#8211; 20:00-d\u0259k &#8220;Sa\u011flam h\u0259yat&#8221; verili\u015fl\u0259ri efird\u0259 olacaq. Bu verili\u015fl\u0259rd\u0259 S\u0259hiyy\u0259 Nazirliyinin m\u00fct\u0259x\u0259ssis-ekspertl\u0259ri sa\u011flaml\u0131\u011f\u0131n qorunmas\u0131, sa\u011flam qidalanma, sa\u011flam h\u0259yat t\u0259rzinin formala\u015fd\u0131r\u0131lmas\u0131 kimi elmi \u0259saslara s\u00f6yk\u0259n\u0259n tibbi m\u0259lumatlar ver\u0259c\u0259kl\u0259r. \u00d6lk\u0259 v\u0259 d\u00fcnyada s\u0259hiyy\u0259 il\u0259 ba\u011fl\u0131 x\u0259b\u0259rl\u0259ri is\u0259 h\u0259r saat\u0131n sonunda yay\u0131mlanan &#8220;Sa\u011flam X\u0259b\u0259rl\u0259r&#8221;d\u0259n e\u015fid\u0259c\u0259ksiniz.<\/p>\n<p>&#8220;Sa\u011flam Radio&#8221;nun ba\u015fl\u0131ca m\u0259qs\u0259di \u0259halinin sa\u011flaml\u0131\u011f\u0131n\u0131n qorunmas\u0131n\u0131, sa\u011flam qidalanman\u0131 v\u0259 aktiv h\u0259yat t\u0259rzini t\u0259\u015fviq etm\u0259kdir.<\/p>\n<p>Aktiv h\u0259yat\u0131n ritmini &#8220;Sa\u011flam Radio&#8221; il\u0259 tutun!<\/p>\n<p>&nbsp;<\/p>\n<div class=\"facebook-container vertical\"><iframe loading=\"lazy\" src=\"https:\/\/www.facebook.com\/plugins\/video.php?height=476&amp;href=https%3A%2F%2Fwww.facebook.com%2Fsehiyyegovaz%2Fvideos%2F2635333733314436%2F&amp;show_text=false&amp;width=267&amp;t=0\" width=\"267\" height=\"476\" frameborder=\"0\" scrolling=\"no\" allowfullscreen=\"allowfullscreen\" data-mce-fragment=\"1\"><\/iframe><\/div>\n<p>&nbsp;<\/p>\n<\/div>\n<div class=\"row mt-3\">\n<div class=\"col-12 col-md-6\"><\/div>\n<div class=\"col-12 col-md-6\"><\/div>\n<\/div>\n<div class=\"social-block2 d-none d-md-block mt-4\">\n<p>&nbsp;<\/p>\n<\/div>\n","protected":false},"excerpt":{"rendered":"<p>Az\u0259rbaycan\u0131n radio m\u0259kan\u0131na h\u0259r birimiz\u0259 yax\u0131nl\u0131\u011f\u0131 il\u0259 se\u00e7il\u0259c\u0259k yeni &#8220;Sa\u011flam Radio&#8221; g\u0259lir. ARANTV.AZ\u00a0 x\u0259b\u0259r verir ki, bu bar\u0259d\u0259 S\u0259hiyy\u0259 Nazirliyi m\u0259lumat yay\u0131b. Bildirilib ki, &#8220;Sa\u011flam Radio&#8221; 93.0 FM tezliyind\u0259 iyun ay\u0131n\u0131n 3-d\u0259n yay\u0131ma ba\u015flay\u0131r. S\u0259hiyy\u0259 Nazirliyinin d\u0259st\u0259yi il\u0259 yay\u0131mlanan radioda h\u0259ft\u0259 i\u00e7i 5 g\u00fcn saat 8:00-dan -10:00-d\u0259k &#8220;Sa\u011flam s\u0259h\u0259r&#8221;, saat 18:00-dan &#8211; 20:00-d\u0259k &#8220;Sa\u011flam h\u0259yat&#8221; verili\u015fl\u0259ri efird\u0259 olacaq. Bu verili\u015fl\u0259rd\u0259 S\u0259hiyy\u0259 Nazirliyinin m\u00fct\u0259x\u0259ssis-ekspertl\u0259ri sa\u011flaml\u0131\u011f\u0131n qorunmas\u0131, sa\u011flam qidalanma, sa\u011flam h\u0259yat t\u0259rzinin formala\u015fd\u0131r\u0131lmas\u0131 kimi elmi \u0259saslara s\u00f6yk\u0259n\u0259n tibbi m\u0259lumatlar ver\u0259c\u0259kl\u0259r. \u00d6lk\u0259 v\u0259 d\u00fcnyada s\u0259hiyy\u0259 il\u0259 ba\u011fl\u0131 x\u0259b\u0259rl\u0259ri is\u0259 h\u0259r saat\u0131n sonunda yay\u0131mlanan&hellip;<\/p>\n","protected":false},"author":2,"featured_media":726478,"comment_status":"closed","ping_status":"closed","sticky":false,"template":"","format":"standard","meta":{"om_disable_all_campaigns":false,"_monsterinsights_skip_tracking":false,"_monsterinsights_sitenote_active":false,"_monsterinsights_sitenote_note":"","_monsterinsights_sitenote_category":0},"categories":[1],"tags":[],"aioseo_notices":[],"gutentor_comment":0,"rttpg_featured_image_url":{"full":["https:\/\/arantv.az\/wp-content\/uploads\/2024\/05\/1717141133_radio.jpg",800,450,false],"landscape":["https:\/\/arantv.az\/wp-content\/uploads\/2024\/05\/1717141133_radio.jpg",800,450,false],"portraits":["https:\/\/arantv.az\/wp-content\/uploads\/2024\/05\/1717141133_radio.jpg",800,450,false],"thumbnail":["https:\/\/arantv.az\/wp-content\/uploads\/2024\/05\/1717141133_radio-500x280.jpg",500,280,true],"medium":["https:\/\/arantv.az\/wp-content\/uploads\/2024\/05\/1717141133_radio-649x365.jpg",649,365,true],"large":["https:\/\/arantv.az\/wp-content\/uploads\/2024\/05\/1717141133_radio.jpg",640,360,false],"1536x1536":["https:\/\/arantv.az\/wp-content\/uploads\/2024\/05\/1717141133_radio.jpg",800,450,false],"2048x2048":["https:\/\/arantv.az\/wp-content\/uploads\/2024\/05\/1717141133_radio.jpg",800,450,false],"post-thumbnail":["https:\/\/arantv.az\/wp-content\/uploads\/2024\/05\/1717141133_radio-240x172.jpg",240,172,true],"advps-thumb-one":["https:\/\/arantv.az\/wp-content\/uploads\/2024\/05\/1717141133_radio.jpg",800,450,false]},"rttpg_author":{"display_name":"V\u00fcsal Rafiqo\u011flu","author_link":"https:\/\/arantv.az\/?author=2"},"rttpg_comment":0,"rttpg_category":"<a href=\"https:\/\/arantv.az\/?cat=1\" rel=\"category\">C\u0259miyy\u0259t<\/a>","rttpg_excerpt":"Az\u0259rbaycan\u0131n radio m\u0259kan\u0131na h\u0259r birimiz\u0259 yax\u0131nl\u0131\u011f\u0131 il\u0259 se\u00e7il\u0259c\u0259k yeni &#8220;Sa\u011flam Radio&#8221; g\u0259lir. ARANTV.AZ\u00a0 x\u0259b\u0259r verir ki, bu bar\u0259d\u0259 S\u0259hiyy\u0259 Nazirliyi m\u0259lumat yay\u0131b. Bildirilib ki, &#8220;Sa\u011flam Radio&#8221; 93.0 FM tezliyind\u0259 iyun ay\u0131n\u0131n 3-d\u0259n yay\u0131ma ba\u015flay\u0131r. S\u0259hiyy\u0259 Nazirliyinin d\u0259st\u0259yi il\u0259 yay\u0131mlanan radioda h\u0259ft\u0259 i\u00e7i 5 g\u00fcn saat 8:00-dan -10:00-d\u0259k &#8220;Sa\u011flam s\u0259h\u0259r&#8221;, saat 18:00-dan &#8211; 20:00-d\u0259k &#8220;Sa\u011flam h\u0259yat&#8221;&hellip;","_links":{"self":[{"href":"https:\/\/arantv.az\/index.php?rest_route=\/wp\/v2\/posts\/726477"}],"collection":[{"href":"https:\/\/arantv.az\/index.php?rest_route=\/wp\/v2\/posts"}],"about":[{"href":"https:\/\/arantv.az\/index.php?rest_route=\/wp\/v2\/types\/post"}],"author":[{"embeddable":true,"href":"https:\/\/arantv.az\/index.php?rest_route=\/wp\/v2\/users\/2"}],"replies":[{"embeddable":true,"href":"https:\/\/arantv.az\/index.php?rest_route=%2Fwp%2Fv2%2Fcomments&post=726477"}],"version-history":[{"count":0,"href":"https:\/\/arantv.az\/index.php?rest_route=\/wp\/v2\/posts\/726477\/revisions"}],"wp:featuredmedia":[{"embeddable":true,"href":"https:\/\/arantv.az\/index.php?rest_route=\/wp\/v2\/media\/726478"}],"wp:attachment":[{"href":"https:\/\/arantv.az\/index.php?rest_route=%2Fwp%2Fv2%2Fmedia&parent=726477"}],"wp:term":[{"taxonomy":"category","embeddable":true,"href":"https:\/\/arantv.az\/index.php?rest_route=%2Fwp%2Fv2%2Fcategories&post=726477"},{"taxonomy":"post_tag","embeddable":true,"href":"https:\/\/arantv.az\/index.php?rest_route=%2Fwp%2Fv2%2Ftags&post=726477"}],"curies":[{"name":"wp","href":"https:\/\/api.w.org\/{rel}","templated":true}]}}