{"id":726559,"date":"2024-05-31T17:27:19","date_gmt":"2024-05-31T13:27:19","guid":{"rendered":"https:\/\/arantv.az\/?p=726559"},"modified":"2024-05-31T17:27:19","modified_gmt":"2024-05-31T13:27:19","slug":"bdu-da-bu-qrup-l%c9%99gv-olunur","status":"publish","type":"post","link":"https:\/\/arantv.az\/?p=726559","title":{"rendered":"BDU-da bu qrup l\u0259\u011fv olunur"},"content":{"rendered":"<p><strong>N\u00f6vb\u0259ti t\u0259dris ili \u00fc\u00e7\u00fcn Bak\u0131 D\u00f6vl\u0259t Universitetinin H\u00fcquq\u015f\u00fcnasl\u0131q fak\u00fclt\u0259sind\u0259 SABAH qruplar\u0131na q\u0259bul apar\u0131lmayacaq.<\/strong><\/p>\n<p>Bu bar\u0259d\u0259 Elm v\u0259 Ali T\u0259hsil \u00fczr\u0259 D\u00f6vl\u0259t Agentliyind\u0259n APA-n\u0131n sor\u011fusuna cavab olaraq bildirilib.<\/p>\n<p>Qeyd edilib ki, H\u00fcquq\u015f\u00fcnasl\u0131q fak\u00fclt\u0259sinin SABAH qruplar\u0131na q\u0259bulun yaln\u0131z Qaraba\u011f Universitetind\u0259 apar\u0131lmas\u0131 n\u0259z\u0259rd\u0259 tutulub. Eyni zamanda, bildirilib ki, BDU-da dig\u0259r ixtisaslar \u00fczr\u0259 SABAH qruplar\u0131 f\u0259aliyy\u0259tini davam etdir\u0259c\u0259k.<\/p>\n<p><strong>Xat\u0131rladaq ki, 2024-2025-ci t\u0259dris ilind\u0259 Qaraba\u011f Universitetinin bakalavriat s\u0259viyy\u0259sind\u0259 SABAH qruplar\u0131na t\u0259l\u0259b\u0259 q\u0259bulu apar\u0131lacaq ixtisaslar a\u015fa\u011f\u0131dak\u0131lard\u0131r:<\/strong><\/p>\n<p>Az\u0259rbaycan dili v\u0259 \u0259d\u0259biyyat\u0131 m\u00fc\u0259llimliyi<\/p>\n<p>\u0130btidai sinif m\u00fc\u0259llimliyi<\/p>\n<p>H\u00fcquq\u015f\u00fcnasl\u0131q<\/p>\n<p>Maliyy\u0259<\/p>\n<p>Riyaziyyat m\u00fc\u0259llimliyi<\/p>\n<p>Xarici dil m\u00fc\u0259llimliyi (ingilis dili)<\/p>\n<p>Beyn\u0259lxalq m\u00fcnasib\u0259tl\u0259r<\/p>\n<p>M\u00fchasibat<\/p>\n","protected":false},"excerpt":{"rendered":"<p>N\u00f6vb\u0259ti t\u0259dris ili \u00fc\u00e7\u00fcn Bak\u0131 D\u00f6vl\u0259t Universitetinin H\u00fcquq\u015f\u00fcnasl\u0131q fak\u00fclt\u0259sind\u0259 SABAH qruplar\u0131na q\u0259bul apar\u0131lmayacaq. Bu bar\u0259d\u0259 Elm v\u0259 Ali T\u0259hsil \u00fczr\u0259 D\u00f6vl\u0259t Agentliyind\u0259n APA-n\u0131n sor\u011fusuna cavab olaraq bildirilib. Qeyd edilib ki, H\u00fcquq\u015f\u00fcnasl\u0131q fak\u00fclt\u0259sinin SABAH qruplar\u0131na q\u0259bulun yaln\u0131z Qaraba\u011f Universitetind\u0259 apar\u0131lmas\u0131 n\u0259z\u0259rd\u0259 tutulub. Eyni zamanda, bildirilib ki, BDU-da dig\u0259r ixtisaslar \u00fczr\u0259 SABAH qruplar\u0131 f\u0259aliyy\u0259tini davam etdir\u0259c\u0259k. Xat\u0131rladaq ki, 2024-2025-ci t\u0259dris ilind\u0259 Qaraba\u011f Universitetinin bakalavriat s\u0259viyy\u0259sind\u0259 SABAH qruplar\u0131na t\u0259l\u0259b\u0259 q\u0259bulu apar\u0131lacaq ixtisaslar a\u015fa\u011f\u0131dak\u0131lard\u0131r: Az\u0259rbaycan dili v\u0259 \u0259d\u0259biyyat\u0131 m\u00fc\u0259llimliyi \u0130btidai sinif m\u00fc\u0259llimliyi H\u00fcquq\u015f\u00fcnasl\u0131q Maliyy\u0259 Riyaziyyat m\u00fc\u0259llimliyi Xarici dil m\u00fc\u0259llimliyi (ingilis dili) Beyn\u0259lxalq m\u00fcnasib\u0259tl\u0259r M\u00fchasibat<\/p>\n","protected":false},"author":2,"featured_media":726560,"comment_status":"closed","ping_status":"closed","sticky":false,"template":"","format":"standard","meta":{"om_disable_all_campaigns":false,"_monsterinsights_skip_tracking":false,"_monsterinsights_sitenote_active":false,"_monsterinsights_sitenote_note":"","_monsterinsights_sitenote_category":0},"categories":[23],"tags":[],"aioseo_notices":[],"gutentor_comment":0,"rttpg_featured_image_url":{"full":["https:\/\/arantv.az\/wp-content\/uploads\/2024\/05\/27bcd09698bc405beb5ab772de395e0f.jpg",870,500,false],"landscape":["https:\/\/arantv.az\/wp-content\/uploads\/2024\/05\/27bcd09698bc405beb5ab772de395e0f.jpg",870,500,false],"portraits":["https:\/\/arantv.az\/wp-content\/uploads\/2024\/05\/27bcd09698bc405beb5ab772de395e0f.jpg",870,500,false],"thumbnail":["https:\/\/arantv.az\/wp-content\/uploads\/2024\/05\/27bcd09698bc405beb5ab772de395e0f-500x280.jpg",500,280,true],"medium":["https:\/\/arantv.az\/wp-content\/uploads\/2024\/05\/27bcd09698bc405beb5ab772de395e0f-635x365.jpg",635,365,true],"large":["https:\/\/arantv.az\/wp-content\/uploads\/2024\/05\/27bcd09698bc405beb5ab772de395e0f-840x483.jpg",640,368,true],"1536x1536":["https:\/\/arantv.az\/wp-content\/uploads\/2024\/05\/27bcd09698bc405beb5ab772de395e0f.jpg",870,500,false],"2048x2048":["https:\/\/arantv.az\/wp-content\/uploads\/2024\/05\/27bcd09698bc405beb5ab772de395e0f.jpg",870,500,false],"post-thumbnail":["https:\/\/arantv.az\/wp-content\/uploads\/2024\/05\/27bcd09698bc405beb5ab772de395e0f-240x172.jpg",240,172,true],"advps-thumb-one":["https:\/\/arantv.az\/wp-content\/uploads\/2024\/05\/27bcd09698bc405beb5ab772de395e0f.jpg",870,500,false]},"rttpg_author":{"display_name":"V\u00fcsal Rafiqo\u011flu","author_link":"https:\/\/arantv.az\/?author=2"},"rttpg_comment":0,"rttpg_category":"<a href=\"https:\/\/arantv.az\/?cat=23\" rel=\"category\">T\u0259hsil<\/a>","rttpg_excerpt":"N\u00f6vb\u0259ti t\u0259dris ili \u00fc\u00e7\u00fcn Bak\u0131 D\u00f6vl\u0259t Universitetinin H\u00fcquq\u015f\u00fcnasl\u0131q fak\u00fclt\u0259sind\u0259 SABAH qruplar\u0131na q\u0259bul apar\u0131lmayacaq. Bu bar\u0259d\u0259 Elm v\u0259 Ali T\u0259hsil \u00fczr\u0259 D\u00f6vl\u0259t Agentliyind\u0259n APA-n\u0131n sor\u011fusuna cavab olaraq bildirilib. Qeyd edilib ki, H\u00fcquq\u015f\u00fcnasl\u0131q fak\u00fclt\u0259sinin SABAH qruplar\u0131na q\u0259bulun yaln\u0131z Qaraba\u011f Universitetind\u0259 apar\u0131lmas\u0131 n\u0259z\u0259rd\u0259 tutulub. Eyni zamanda, bildirilib ki, BDU-da dig\u0259r ixtisaslar \u00fczr\u0259 SABAH qruplar\u0131 f\u0259aliyy\u0259tini davam etdir\u0259c\u0259k. Xat\u0131rladaq&hellip;","_links":{"self":[{"href":"https:\/\/arantv.az\/index.php?rest_route=\/wp\/v2\/posts\/726559"}],"collection":[{"href":"https:\/\/arantv.az\/index.php?rest_route=\/wp\/v2\/posts"}],"about":[{"href":"https:\/\/arantv.az\/index.php?rest_route=\/wp\/v2\/types\/post"}],"author":[{"embeddable":true,"href":"https:\/\/arantv.az\/index.php?rest_route=\/wp\/v2\/users\/2"}],"replies":[{"embeddable":true,"href":"https:\/\/arantv.az\/index.php?rest_route=%2Fwp%2Fv2%2Fcomments&post=726559"}],"version-history":[{"count":0,"href":"https:\/\/arantv.az\/index.php?rest_route=\/wp\/v2\/posts\/726559\/revisions"}],"wp:featuredmedia":[{"embeddable":true,"href":"https:\/\/arantv.az\/index.php?rest_route=\/wp\/v2\/media\/726560"}],"wp:attachment":[{"href":"https:\/\/arantv.az\/index.php?rest_route=%2Fwp%2Fv2%2Fmedia&parent=726559"}],"wp:term":[{"taxonomy":"category","embeddable":true,"href":"https:\/\/arantv.az\/index.php?rest_route=%2Fwp%2Fv2%2Fcategories&post=726559"},{"taxonomy":"post_tag","embeddable":true,"href":"https:\/\/arantv.az\/index.php?rest_route=%2Fwp%2Fv2%2Ftags&post=726559"}],"curies":[{"name":"wp","href":"https:\/\/api.w.org\/{rel}","templated":true}]}}