{"id":726562,"date":"2024-05-31T17:29:21","date_gmt":"2024-05-31T13:29:21","guid":{"rendered":"https:\/\/arantv.az\/?p=726562"},"modified":"2024-05-31T17:29:21","modified_gmt":"2024-05-31T13:29:21","slug":"az%c9%99rbaycan-il%c9%99-latviya-arasinda-strateji-dialoqun-ucuncu-iclasi-kecirilib","status":"publish","type":"post","link":"https:\/\/arantv.az\/?p=726562","title":{"rendered":"Az\u0259rbaycan il\u0259 Latviya aras\u0131nda Strateji Dialoqun \u00fc\u00e7\u00fcnc\u00fc iclas\u0131 ke\u00e7irilib"},"content":{"rendered":"<p>Riqa \u015f\u0259h\u0259rind\u0259 Az\u0259rbaycan il\u0259 Latviya aras\u0131nda Strateji Dialoqun \u00fc\u00e7\u00fcnc\u00fc iclas\u0131 ke\u00e7irilib.<\/p>\n<p>Xarici \u0130\u015fl\u0259r Nazirliyind\u0259n\u00a0Musavat.com-a\u00a0bildirilib ki, iclasda Az\u0259rbaycan n\u00fcmay\u0259nd\u0259 hey\u0259tin\u0259 xarici i\u015fl\u0259r nazirinin m\u00fcavini Fariz Rzayev, Latviya n\u00fcmay\u0259nd\u0259 hey\u0259tin\u0259 is\u0259 Xarici \u0130\u015fl\u0259r Nazirliyi d\u00f6vl\u0259t katibinin m\u00fcavini-siyasi direktor Anjeys Vilumsons r\u0259hb\u0259rlik edibl\u0259r.<\/p>\n<p>\u0130clas zaman\u0131 iki \u00f6lk\u0259 aras\u0131nda \u0259n\u0259n\u0259vi dostlu\u011fa v\u0259 qar\u015f\u0131l\u0131ql\u0131 etimada \u0259saslanan strateji t\u0259r\u0259fda\u015fl\u0131q v\u0259 onun g\u00fccl\u0259ndirilm\u0259si imkanlar\u0131, o c\u00fcml\u0259d\u0259n siyasi, iqtisadi, n\u0259qliyyat v\u0259 humanitar sah\u0259l\u0259rd\u0259 \u0259m\u0259kda\u015fl\u0131\u011f\u0131n haz\u0131rk\u0131 v\u0259ziyy\u0259ti v\u0259 inki\u015faf perspektivl\u0259ri m\u00fczakir\u0259 edilib.<\/p>\n<p>Y\u00fcks\u0259k s\u0259viyy\u0259li qar\u015f\u0131l\u0131ql\u0131 s\u0259f\u0259rl\u0259rin davam etdirilm\u0259sinin, Strateji Dialoqun v\u0259 H\u00f6kum\u0259tl\u0259raras\u0131 Komissiyan\u0131n n\u00f6vb\u0259ti iclaslar\u0131n\u0131n ke\u00e7irilm\u0259sinin \u0259h\u0259miyy\u0259ti vur\u011fulan\u0131b.<\/p>\n<p>Beyn\u0259lxalq g\u00fcnd\u0259likd\u0259 dayanan qar\u015f\u0131l\u0131ql\u0131 maraq k\u0259sb ed\u0259n m\u0259s\u0259l\u0259l\u0259r, \u00e7oxt\u0259r\u0259fli formatlarda \u0259m\u0259kda\u015fl\u0131\u011f\u0131n geni\u015fl\u0259ndirilm\u0259si m\u00f6vzular\u0131 da m\u00fczakir\u0259l\u0259rin diqq\u0259t m\u0259rk\u0259zind\u0259 olub.<\/p>\n<p>2024-c\u00fc ilin noyabr ay\u0131nda Az\u0259rbaycanda ke\u00e7iril\u0259c\u0259k BMT-nin \u0130qlim D\u0259yi\u015fikliyi \u00fczr\u0259 \u00c7\u0259r\u00e7iv\u0259 Konvensiyas\u0131n\u0131n T\u0259r\u0259fl\u0259r Konfrans\u0131n\u0131n sessiyas\u0131na (COP29) haz\u0131rl\u0131q v\u0259 g\u00f6r\u00fcl\u0259c\u0259k i\u015fl\u0259rl\u0259 ba\u011fl\u0131 qar\u015f\u0131 t\u0259r\u0259f m\u0259lumatland\u0131r\u0131l\u0131b.<\/p>\n<p>\u0130clas zaman\u0131, h\u0259m\u00e7inin regional v\u0259ziyy\u0259t m\u00fczakir\u0259 olunub. Qar\u015f\u0131 t\u0259r\u0259f\u0259 Az\u0259rbaycan\u0131n b\u00f6lg\u0259d\u0259 davaml\u0131 s\u00fclh\u00fcn b\u0259rq\u0259rar olunmas\u0131 istiqam\u0259tind\u0259 atd\u0131\u011f\u0131 add\u0131mlar bar\u0259d\u0259 m\u0259lumat verilib. Habel\u0259 i\u015f\u011faldan azad edilmi\u015f \u0259razil\u0259rimizd\u0259 mina problemi, orada h\u0259yata ke\u00e7iril\u0259n b\u0259rpa-quruculuq i\u015fl\u0259ri, bu x\u00fcsusda Latviya il\u0259 \u0259m\u0259kda\u015fl\u0131q imkanlar\u0131 \u0259traf\u0131nda fikir m\u00fcbadil\u0259si apar\u0131l\u0131b.<\/p>\n<p>S\u0259f\u0259r zaman\u0131 F.Rzayev, h\u0259m\u00e7inin Latviyan\u0131n dig\u0259r r\u0259smi \u015f\u0259xsl\u0259ri il\u0259 g\u00f6r\u00fc\u015f\u00fcb, el\u0259c\u0259 d\u0259 beyin m\u0259rk\u0259zl\u0259rinin n\u00fcmay\u0259nd\u0259l\u0259ri il\u0259 ke\u00e7iril\u0259n t\u0259dbird\u0259 \u00e7\u0131x\u0131\u015f edib.<\/p>\n","protected":false},"excerpt":{"rendered":"<p>Riqa \u015f\u0259h\u0259rind\u0259 Az\u0259rbaycan il\u0259 Latviya aras\u0131nda Strateji Dialoqun \u00fc\u00e7\u00fcnc\u00fc iclas\u0131 ke\u00e7irilib. Xarici \u0130\u015fl\u0259r Nazirliyind\u0259n\u00a0Musavat.com-a\u00a0bildirilib ki, iclasda Az\u0259rbaycan n\u00fcmay\u0259nd\u0259 hey\u0259tin\u0259 xarici i\u015fl\u0259r nazirinin m\u00fcavini Fariz Rzayev, Latviya n\u00fcmay\u0259nd\u0259 hey\u0259tin\u0259 is\u0259 Xarici \u0130\u015fl\u0259r Nazirliyi d\u00f6vl\u0259t katibinin m\u00fcavini-siyasi direktor Anjeys Vilumsons r\u0259hb\u0259rlik edibl\u0259r. \u0130clas zaman\u0131 iki \u00f6lk\u0259 aras\u0131nda \u0259n\u0259n\u0259vi dostlu\u011fa v\u0259 qar\u015f\u0131l\u0131ql\u0131 etimada \u0259saslanan strateji t\u0259r\u0259fda\u015fl\u0131q v\u0259 onun g\u00fccl\u0259ndirilm\u0259si imkanlar\u0131, o c\u00fcml\u0259d\u0259n siyasi, iqtisadi, n\u0259qliyyat v\u0259 humanitar sah\u0259l\u0259rd\u0259 \u0259m\u0259kda\u015fl\u0131\u011f\u0131n haz\u0131rk\u0131 v\u0259ziyy\u0259ti v\u0259 inki\u015faf perspektivl\u0259ri m\u00fczakir\u0259 edilib. Y\u00fcks\u0259k s\u0259viyy\u0259li qar\u015f\u0131l\u0131ql\u0131 s\u0259f\u0259rl\u0259rin davam etdirilm\u0259sinin, Strateji Dialoqun v\u0259 H\u00f6kum\u0259tl\u0259raras\u0131 Komissiyan\u0131n n\u00f6vb\u0259ti iclaslar\u0131n\u0131n ke\u00e7irilm\u0259sinin \u0259h\u0259miyy\u0259ti vur\u011fulan\u0131b. Beyn\u0259lxalq&hellip;<\/p>\n","protected":false},"author":2,"featured_media":726563,"comment_status":"closed","ping_status":"closed","sticky":false,"template":"","format":"standard","meta":{"om_disable_all_campaigns":false,"_monsterinsights_skip_tracking":false,"_monsterinsights_sitenote_active":false,"_monsterinsights_sitenote_note":"","_monsterinsights_sitenote_category":0},"categories":[4],"tags":[],"aioseo_notices":[],"gutentor_comment":0,"rttpg_featured_image_url":{"full":["https:\/\/arantv.az\/wp-content\/uploads\/2024\/05\/4beeda9474a8098061f931b73606ef06.jpg",870,500,false],"landscape":["https:\/\/arantv.az\/wp-content\/uploads\/2024\/05\/4beeda9474a8098061f931b73606ef06.jpg",870,500,false],"portraits":["https:\/\/arantv.az\/wp-content\/uploads\/2024\/05\/4beeda9474a8098061f931b73606ef06.jpg",870,500,false],"thumbnail":["https:\/\/arantv.az\/wp-content\/uploads\/2024\/05\/4beeda9474a8098061f931b73606ef06-500x280.jpg",500,280,true],"medium":["https:\/\/arantv.az\/wp-content\/uploads\/2024\/05\/4beeda9474a8098061f931b73606ef06-635x365.jpg",635,365,true],"large":["https:\/\/arantv.az\/wp-content\/uploads\/2024\/05\/4beeda9474a8098061f931b73606ef06-840x483.jpg",640,368,true],"1536x1536":["https:\/\/arantv.az\/wp-content\/uploads\/2024\/05\/4beeda9474a8098061f931b73606ef06.jpg",870,500,false],"2048x2048":["https:\/\/arantv.az\/wp-content\/uploads\/2024\/05\/4beeda9474a8098061f931b73606ef06.jpg",870,500,false],"post-thumbnail":["https:\/\/arantv.az\/wp-content\/uploads\/2024\/05\/4beeda9474a8098061f931b73606ef06-240x172.jpg",240,172,true],"advps-thumb-one":["https:\/\/arantv.az\/wp-content\/uploads\/2024\/05\/4beeda9474a8098061f931b73606ef06.jpg",870,500,false]},"rttpg_author":{"display_name":"V\u00fcsal Rafiqo\u011flu","author_link":"https:\/\/arantv.az\/?author=2"},"rttpg_comment":0,"rttpg_category":"<a href=\"https:\/\/arantv.az\/?cat=4\" rel=\"category\">Siyas\u0259t<\/a>","rttpg_excerpt":"Riqa \u015f\u0259h\u0259rind\u0259 Az\u0259rbaycan il\u0259 Latviya aras\u0131nda Strateji Dialoqun \u00fc\u00e7\u00fcnc\u00fc iclas\u0131 ke\u00e7irilib. Xarici \u0130\u015fl\u0259r Nazirliyind\u0259n\u00a0Musavat.com-a\u00a0bildirilib ki, iclasda Az\u0259rbaycan n\u00fcmay\u0259nd\u0259 hey\u0259tin\u0259 xarici i\u015fl\u0259r nazirinin m\u00fcavini Fariz Rzayev, Latviya n\u00fcmay\u0259nd\u0259 hey\u0259tin\u0259 is\u0259 Xarici \u0130\u015fl\u0259r Nazirliyi d\u00f6vl\u0259t katibinin m\u00fcavini-siyasi direktor Anjeys Vilumsons r\u0259hb\u0259rlik edibl\u0259r. \u0130clas zaman\u0131 iki \u00f6lk\u0259 aras\u0131nda \u0259n\u0259n\u0259vi dostlu\u011fa v\u0259 qar\u015f\u0131l\u0131ql\u0131 etimada \u0259saslanan strateji t\u0259r\u0259fda\u015fl\u0131q v\u0259 onun&hellip;","_links":{"self":[{"href":"https:\/\/arantv.az\/index.php?rest_route=\/wp\/v2\/posts\/726562"}],"collection":[{"href":"https:\/\/arantv.az\/index.php?rest_route=\/wp\/v2\/posts"}],"about":[{"href":"https:\/\/arantv.az\/index.php?rest_route=\/wp\/v2\/types\/post"}],"author":[{"embeddable":true,"href":"https:\/\/arantv.az\/index.php?rest_route=\/wp\/v2\/users\/2"}],"replies":[{"embeddable":true,"href":"https:\/\/arantv.az\/index.php?rest_route=%2Fwp%2Fv2%2Fcomments&post=726562"}],"version-history":[{"count":0,"href":"https:\/\/arantv.az\/index.php?rest_route=\/wp\/v2\/posts\/726562\/revisions"}],"wp:featuredmedia":[{"embeddable":true,"href":"https:\/\/arantv.az\/index.php?rest_route=\/wp\/v2\/media\/726563"}],"wp:attachment":[{"href":"https:\/\/arantv.az\/index.php?rest_route=%2Fwp%2Fv2%2Fmedia&parent=726562"}],"wp:term":[{"taxonomy":"category","embeddable":true,"href":"https:\/\/arantv.az\/index.php?rest_route=%2Fwp%2Fv2%2Fcategories&post=726562"},{"taxonomy":"post_tag","embeddable":true,"href":"https:\/\/arantv.az\/index.php?rest_route=%2Fwp%2Fv2%2Ftags&post=726562"}],"curies":[{"name":"wp","href":"https:\/\/api.w.org\/{rel}","templated":true}]}}