{"id":726565,"date":"2024-05-31T17:30:38","date_gmt":"2024-05-31T13:30:38","guid":{"rendered":"https:\/\/arantv.az\/?p=726565"},"modified":"2024-05-31T17:30:38","modified_gmt":"2024-05-31T13:30:38","slug":"az%c9%99rbaycanda-bu-s%c9%99h%c9%99r-v%c9%99-rayonlarin-icra-bascisi-yoxdur-siyahi","status":"publish","type":"post","link":"https:\/\/arantv.az\/?p=726565","title":{"rendered":"Az\u0259rbaycanda bu \u015f\u0259h\u0259r v\u0259 rayonlar\u0131n icra ba\u015f\u00e7\u0131s\u0131 yoxdur &#8211; S\u0130YAHI"},"content":{"rendered":"<div class=\"text-content\" data-id=\"\" data-url=\"\">\n<p><strong>Haz\u0131rda Az\u0259rbaycanda 1 \u015f\u0259h\u0259rin v\u0259 3 rayonun icra ba\u015f\u00e7\u0131s\u0131 v\u0259zif\u0259si bo\u015fdur.<\/strong><\/p>\n<p><strong>ARANTV.AZ <\/strong>\u00a0Unikal.az-a istinad\u0259n x\u0259b\u0259r verir ki, bu g\u00fcn Prezident \u0130lham \u018fliyevin imzalad\u0131\u011f\u0131 s\u0259r\u0259ncamla Qusar Rayon \u0130cra Hakimiyy\u0259tinin ba\u015f\u00e7\u0131s\u0131 \u015eair Bala\u015f\u0259rif o\u011flu Alxasov v\u0259zif\u0259sind\u0259n azad edilib. Onun yerin\u0259 t\u0259yinat olmay\u0131b.<\/p>\n<p>Bundan ba\u015fqa, Da\u015fk\u0259s\u0259n rayonu da haz\u0131rda icra ba\u015f\u00e7\u0131s\u0131 olmayan rayonlardand\u0131r. Bel\u0259 ki, rayona 12 il m\u00fcdd\u0259td\u0259n \u00e7ox r\u0259hb\u0259rlik etmi\u015f \u018fh\u0259d Ab\u0131yev 17 iyul 2023-c\u00fc ild\u0259 v\u0259zif\u0259sind\u0259n azad edilib. Onun yerin\u0259 t\u0259yinat olmay\u0131b.<\/p>\n<p>H\u0259m\u00e7inin Culfa rayonunun icra ba\u015f\u00e7\u0131s\u0131 Siyam \u00c7\u0259rk\u0259z o\u011flu Hac\u0131yev 31 avqust 2023-c\u00fc il tarixind\u0259 i\u015fd\u0259n \u00e7\u0131xar\u0131l\u0131b v\u0259 onun da yerin\u0259 t\u0259yinat apar\u0131lmay\u0131b.<\/p>\n<p>17 noyabr 2023-c\u00fc il tarixind\u0259 is\u0259 Prezident \u0130lham \u018fliyev Mirs\u0259nani Seyidovu Nax\u00e7\u0131van Muxtar Respublikas\u0131 Nax\u00e7\u0131van \u015e\u0259h\u0259r \u0130cra Hakimiyy\u0259tinin ba\u015f\u00e7\u0131s\u0131 v\u0259zif\u0259sind\u0259n azad edib. \u015e\u0259h\u0259r r\u0259hb\u0259rinin yerin\u0259 h\u0259l\u0259 ki, t\u0259yinat olmay\u0131b.<\/p>\n<\/div>\n<div><\/div>\n<div><\/div>\n<div class=\"inner-social-box\">\n<div class=\"subs-in-social subs-whatsapp\"><\/div>\n<\/div>\n","protected":false},"excerpt":{"rendered":"<p>Haz\u0131rda Az\u0259rbaycanda 1 \u015f\u0259h\u0259rin v\u0259 3 rayonun icra ba\u015f\u00e7\u0131s\u0131 v\u0259zif\u0259si bo\u015fdur. ARANTV.AZ \u00a0Unikal.az-a istinad\u0259n x\u0259b\u0259r verir ki, bu g\u00fcn Prezident \u0130lham \u018fliyevin imzalad\u0131\u011f\u0131 s\u0259r\u0259ncamla Qusar Rayon \u0130cra Hakimiyy\u0259tinin ba\u015f\u00e7\u0131s\u0131 \u015eair Bala\u015f\u0259rif o\u011flu Alxasov v\u0259zif\u0259sind\u0259n azad edilib. Onun yerin\u0259 t\u0259yinat olmay\u0131b. Bundan ba\u015fqa, Da\u015fk\u0259s\u0259n rayonu da haz\u0131rda icra ba\u015f\u00e7\u0131s\u0131 olmayan rayonlardand\u0131r. Bel\u0259 ki, rayona 12 il m\u00fcdd\u0259td\u0259n \u00e7ox r\u0259hb\u0259rlik etmi\u015f \u018fh\u0259d Ab\u0131yev 17 iyul 2023-c\u00fc ild\u0259 v\u0259zif\u0259sind\u0259n azad edilib. Onun yerin\u0259 t\u0259yinat olmay\u0131b. H\u0259m\u00e7inin Culfa rayonunun icra ba\u015f\u00e7\u0131s\u0131 Siyam \u00c7\u0259rk\u0259z o\u011flu Hac\u0131yev 31 avqust 2023-c\u00fc il tarixind\u0259 i\u015fd\u0259n \u00e7\u0131xar\u0131l\u0131b v\u0259 onun&hellip;<\/p>\n","protected":false},"author":2,"featured_media":726566,"comment_status":"closed","ping_status":"closed","sticky":false,"template":"","format":"standard","meta":{"om_disable_all_campaigns":false,"_monsterinsights_skip_tracking":false,"_monsterinsights_sitenote_active":false,"_monsterinsights_sitenote_note":"","_monsterinsights_sitenote_category":0},"categories":[19],"tags":[],"aioseo_notices":[],"gutentor_comment":0,"rttpg_featured_image_url":{"full":["https:\/\/arantv.az\/wp-content\/uploads\/2024\/05\/afd816d312cd70e6d08d6c0de530b27b.jpg",660,438,false],"landscape":["https:\/\/arantv.az\/wp-content\/uploads\/2024\/05\/afd816d312cd70e6d08d6c0de530b27b.jpg",660,438,false],"portraits":["https:\/\/arantv.az\/wp-content\/uploads\/2024\/05\/afd816d312cd70e6d08d6c0de530b27b.jpg",660,438,false],"thumbnail":["https:\/\/arantv.az\/wp-content\/uploads\/2024\/05\/afd816d312cd70e6d08d6c0de530b27b-500x280.jpg",500,280,true],"medium":["https:\/\/arantv.az\/wp-content\/uploads\/2024\/05\/afd816d312cd70e6d08d6c0de530b27b-550x365.jpg",550,365,true],"large":["https:\/\/arantv.az\/wp-content\/uploads\/2024\/05\/afd816d312cd70e6d08d6c0de530b27b.jpg",640,425,false],"1536x1536":["https:\/\/arantv.az\/wp-content\/uploads\/2024\/05\/afd816d312cd70e6d08d6c0de530b27b.jpg",660,438,false],"2048x2048":["https:\/\/arantv.az\/wp-content\/uploads\/2024\/05\/afd816d312cd70e6d08d6c0de530b27b.jpg",660,438,false],"post-thumbnail":["https:\/\/arantv.az\/wp-content\/uploads\/2024\/05\/afd816d312cd70e6d08d6c0de530b27b-240x172.jpg",240,172,true],"advps-thumb-one":["https:\/\/arantv.az\/wp-content\/uploads\/2024\/05\/afd816d312cd70e6d08d6c0de530b27b.jpg",660,438,false]},"rttpg_author":{"display_name":"V\u00fcsal Rafiqo\u011flu","author_link":"https:\/\/arantv.az\/?author=2"},"rttpg_comment":0,"rttpg_category":"<a href=\"https:\/\/arantv.az\/?cat=19\" rel=\"category\">G\u00fcnd\u0259m<\/a>","rttpg_excerpt":"Haz\u0131rda Az\u0259rbaycanda 1 \u015f\u0259h\u0259rin v\u0259 3 rayonun icra ba\u015f\u00e7\u0131s\u0131 v\u0259zif\u0259si bo\u015fdur. ARANTV.AZ \u00a0Unikal.az-a istinad\u0259n x\u0259b\u0259r verir ki, bu g\u00fcn Prezident \u0130lham \u018fliyevin imzalad\u0131\u011f\u0131 s\u0259r\u0259ncamla Qusar Rayon \u0130cra Hakimiyy\u0259tinin ba\u015f\u00e7\u0131s\u0131 \u015eair Bala\u015f\u0259rif o\u011flu Alxasov v\u0259zif\u0259sind\u0259n azad edilib. Onun yerin\u0259 t\u0259yinat olmay\u0131b. Bundan ba\u015fqa, Da\u015fk\u0259s\u0259n rayonu da haz\u0131rda icra ba\u015f\u00e7\u0131s\u0131 olmayan rayonlardand\u0131r. Bel\u0259 ki, rayona 12 il&hellip;","_links":{"self":[{"href":"https:\/\/arantv.az\/index.php?rest_route=\/wp\/v2\/posts\/726565"}],"collection":[{"href":"https:\/\/arantv.az\/index.php?rest_route=\/wp\/v2\/posts"}],"about":[{"href":"https:\/\/arantv.az\/index.php?rest_route=\/wp\/v2\/types\/post"}],"author":[{"embeddable":true,"href":"https:\/\/arantv.az\/index.php?rest_route=\/wp\/v2\/users\/2"}],"replies":[{"embeddable":true,"href":"https:\/\/arantv.az\/index.php?rest_route=%2Fwp%2Fv2%2Fcomments&post=726565"}],"version-history":[{"count":0,"href":"https:\/\/arantv.az\/index.php?rest_route=\/wp\/v2\/posts\/726565\/revisions"}],"wp:featuredmedia":[{"embeddable":true,"href":"https:\/\/arantv.az\/index.php?rest_route=\/wp\/v2\/media\/726566"}],"wp:attachment":[{"href":"https:\/\/arantv.az\/index.php?rest_route=%2Fwp%2Fv2%2Fmedia&parent=726565"}],"wp:term":[{"taxonomy":"category","embeddable":true,"href":"https:\/\/arantv.az\/index.php?rest_route=%2Fwp%2Fv2%2Fcategories&post=726565"},{"taxonomy":"post_tag","embeddable":true,"href":"https:\/\/arantv.az\/index.php?rest_route=%2Fwp%2Fv2%2Ftags&post=726565"}],"curies":[{"name":"wp","href":"https:\/\/api.w.org\/{rel}","templated":true}]}}