{"id":727732,"date":"2024-06-05T15:17:49","date_gmt":"2024-06-05T11:17:49","guid":{"rendered":"https:\/\/arantv.az\/?p=727732"},"modified":"2024-06-05T15:17:49","modified_gmt":"2024-06-05T11:17:49","slug":"erm%c9%99nistan-az%c9%99rbaycana-sulh-sazisi-il%c9%99-bagli-novb%c9%99ti-layih%c9%99ni-t%c9%99qdim-edib","status":"publish","type":"post","link":"https:\/\/arantv.az\/?p=727732","title":{"rendered":"Erm\u0259nistan Az\u0259rbaycana s\u00fclh sazi\u015fi il\u0259 ba\u011fl\u0131 n\u00f6vb\u0259ti layih\u0259ni t\u0259qdim edib"},"content":{"rendered":"<p>&#8220;Azad edil\u0259n \u0259razil\u0259rd\u0259ki mina t\u0259hdidi, problemi bar\u0259d\u0259 h\u0259mkar\u0131m\u0131 m\u0259lumatland\u0131rd\u0131m&#8221;.<\/p>\n<p><strong>ARANTV.AZ\u00a0 <\/strong>x\u0259b\u0259r verir ki, bu bar\u0259d\u0259 Az\u0259rbaycan Respublikas\u0131n\u0131n xarici i\u015fl\u0259r naziri Ceyhun Bayramov Macar\u0131stan\u0131n xarici i\u015fl\u0259r v\u0259 ticar\u0259t naziri Peter Siyarto il\u0259 Az\u0259rbaycan Respublikas\u0131 il\u0259 Macar\u0131stan aras\u0131nda Strateji Dialoqun 2-ci iclas\u0131n\u0131n n\u0259tic\u0259l\u0259rin\u0259 dair birg\u0259 m\u0259tbuat konfrans\u0131nda \u00e7\u0131x\u0131\u015f\u0131 zaman\u0131 deyib.<\/p>\n<p>&#8220;Bir ne\u00e7\u0259 g\u00fcn \u0259vv\u0259l Erm\u0259nistan t\u0259r\u0259find\u0259n n\u00f6vb\u0259ti sazi\u015f layih\u0259sini \u0259ld\u0259 etdik. A\u00e7\u0131q qalan m\u0259s\u0259l\u0259l\u0259rin say\u0131nda azalma m\u00f6vcuddur&#8221;, &#8211; dey\u0259 nazir qeyd edib.<\/p>\n","protected":false},"excerpt":{"rendered":"<p>&#8220;Azad edil\u0259n \u0259razil\u0259rd\u0259ki mina t\u0259hdidi, problemi bar\u0259d\u0259 h\u0259mkar\u0131m\u0131 m\u0259lumatland\u0131rd\u0131m&#8221;. ARANTV.AZ\u00a0 x\u0259b\u0259r verir ki, bu bar\u0259d\u0259 Az\u0259rbaycan Respublikas\u0131n\u0131n xarici i\u015fl\u0259r naziri Ceyhun Bayramov Macar\u0131stan\u0131n xarici i\u015fl\u0259r v\u0259 ticar\u0259t naziri Peter Siyarto il\u0259 Az\u0259rbaycan Respublikas\u0131 il\u0259 Macar\u0131stan aras\u0131nda Strateji Dialoqun 2-ci iclas\u0131n\u0131n n\u0259tic\u0259l\u0259rin\u0259 dair birg\u0259 m\u0259tbuat konfrans\u0131nda \u00e7\u0131x\u0131\u015f\u0131 zaman\u0131 deyib. &#8220;Bir ne\u00e7\u0259 g\u00fcn \u0259vv\u0259l Erm\u0259nistan t\u0259r\u0259find\u0259n n\u00f6vb\u0259ti sazi\u015f layih\u0259sini \u0259ld\u0259 etdik. A\u00e7\u0131q qalan m\u0259s\u0259l\u0259l\u0259rin say\u0131nda azalma m\u00f6vcuddur&#8221;, &#8211; dey\u0259 nazir qeyd edib.<\/p>\n","protected":false},"author":2,"featured_media":727733,"comment_status":"closed","ping_status":"closed","sticky":false,"template":"","format":"standard","meta":{"om_disable_all_campaigns":false,"_monsterinsights_skip_tracking":false,"_monsterinsights_sitenote_active":false,"_monsterinsights_sitenote_note":"","_monsterinsights_sitenote_category":0},"categories":[4],"tags":[],"aioseo_notices":[],"gutentor_comment":0,"rttpg_featured_image_url":{"full":["https:\/\/arantv.az\/wp-content\/uploads\/2024\/06\/images-42.jpg",275,183,false],"landscape":["https:\/\/arantv.az\/wp-content\/uploads\/2024\/06\/images-42.jpg",275,183,false],"portraits":["https:\/\/arantv.az\/wp-content\/uploads\/2024\/06\/images-42.jpg",275,183,false],"thumbnail":["https:\/\/arantv.az\/wp-content\/uploads\/2024\/06\/images-42.jpg",275,183,false],"medium":["https:\/\/arantv.az\/wp-content\/uploads\/2024\/06\/images-42.jpg",275,183,false],"large":["https:\/\/arantv.az\/wp-content\/uploads\/2024\/06\/images-42.jpg",275,183,false],"1536x1536":["https:\/\/arantv.az\/wp-content\/uploads\/2024\/06\/images-42.jpg",275,183,false],"2048x2048":["https:\/\/arantv.az\/wp-content\/uploads\/2024\/06\/images-42.jpg",275,183,false],"post-thumbnail":["https:\/\/arantv.az\/wp-content\/uploads\/2024\/06\/images-42-240x172.jpg",240,172,true],"advps-thumb-one":["https:\/\/arantv.az\/wp-content\/uploads\/2024\/06\/images-42.jpg",275,183,false]},"rttpg_author":{"display_name":"V\u00fcsal Rafiqo\u011flu","author_link":"https:\/\/arantv.az\/?author=2"},"rttpg_comment":0,"rttpg_category":"<a href=\"https:\/\/arantv.az\/?cat=4\" rel=\"category\">Siyas\u0259t<\/a>","rttpg_excerpt":"&#8220;Azad edil\u0259n \u0259razil\u0259rd\u0259ki mina t\u0259hdidi, problemi bar\u0259d\u0259 h\u0259mkar\u0131m\u0131 m\u0259lumatland\u0131rd\u0131m&#8221;. ARANTV.AZ\u00a0 x\u0259b\u0259r verir ki, bu bar\u0259d\u0259 Az\u0259rbaycan Respublikas\u0131n\u0131n xarici i\u015fl\u0259r naziri Ceyhun Bayramov Macar\u0131stan\u0131n xarici i\u015fl\u0259r v\u0259 ticar\u0259t naziri Peter Siyarto il\u0259 Az\u0259rbaycan Respublikas\u0131 il\u0259 Macar\u0131stan aras\u0131nda Strateji Dialoqun 2-ci iclas\u0131n\u0131n n\u0259tic\u0259l\u0259rin\u0259 dair birg\u0259 m\u0259tbuat konfrans\u0131nda \u00e7\u0131x\u0131\u015f\u0131 zaman\u0131 deyib. &#8220;Bir ne\u00e7\u0259 g\u00fcn \u0259vv\u0259l Erm\u0259nistan t\u0259r\u0259find\u0259n n\u00f6vb\u0259ti&hellip;","_links":{"self":[{"href":"https:\/\/arantv.az\/index.php?rest_route=\/wp\/v2\/posts\/727732"}],"collection":[{"href":"https:\/\/arantv.az\/index.php?rest_route=\/wp\/v2\/posts"}],"about":[{"href":"https:\/\/arantv.az\/index.php?rest_route=\/wp\/v2\/types\/post"}],"author":[{"embeddable":true,"href":"https:\/\/arantv.az\/index.php?rest_route=\/wp\/v2\/users\/2"}],"replies":[{"embeddable":true,"href":"https:\/\/arantv.az\/index.php?rest_route=%2Fwp%2Fv2%2Fcomments&post=727732"}],"version-history":[{"count":0,"href":"https:\/\/arantv.az\/index.php?rest_route=\/wp\/v2\/posts\/727732\/revisions"}],"wp:featuredmedia":[{"embeddable":true,"href":"https:\/\/arantv.az\/index.php?rest_route=\/wp\/v2\/media\/727733"}],"wp:attachment":[{"href":"https:\/\/arantv.az\/index.php?rest_route=%2Fwp%2Fv2%2Fmedia&parent=727732"}],"wp:term":[{"taxonomy":"category","embeddable":true,"href":"https:\/\/arantv.az\/index.php?rest_route=%2Fwp%2Fv2%2Fcategories&post=727732"},{"taxonomy":"post_tag","embeddable":true,"href":"https:\/\/arantv.az\/index.php?rest_route=%2Fwp%2Fv2%2Ftags&post=727732"}],"curies":[{"name":"wp","href":"https:\/\/api.w.org\/{rel}","templated":true}]}}