{"id":727774,"date":"2024-06-05T15:34:53","date_gmt":"2024-06-05T11:34:53","guid":{"rendered":"https:\/\/arantv.az\/?p=727774"},"modified":"2024-06-05T15:34:53","modified_gmt":"2024-06-05T11:34:53","slug":"az%c9%99rbaycan-il%c9%99-almaniya-arasinda-m%c9%99d%c9%99niyy%c9%99t-sah%c9%99sind%c9%99-%c9%99m%c9%99kdasligin-inkisafi-ucun-genis-imkanlar-movcuddur","status":"publish","type":"post","link":"https:\/\/arantv.az\/?p=727774","title":{"rendered":"Az\u0259rbaycan il\u0259 Almaniya aras\u0131nda m\u0259d\u0259niyy\u0259t sah\u0259sind\u0259 \u0259m\u0259kda\u015fl\u0131\u011f\u0131n inki\u015faf\u0131 \u00fc\u00e7\u00fcn geni\u015f imkanlar m\u00f6vcuddur"},"content":{"rendered":"<p>Az\u0259rbaycan Respublikas\u0131n\u0131n m\u0259d\u0259niyy\u0259t naziri Adil K\u0259rimli iyunun 5-d\u0259 Almaniya Federativ Respublikas\u0131n\u0131n \u00f6lk\u0259mizd\u0259ki s\u0259firi Ralf Horleman il\u0259 g\u00f6r\u00fc\u015f\u00fcb.<\/p>\n<p>Nazirlikd\u0259n\u00a0<a class=\"azertac-link\" href=\"https:\/\/azertag.az\/\" target=\"_blank\" rel=\"noopener\">AZ\u018fRTAC<\/a>-a bildirilib ki, nazir Az\u0259rbaycan il\u0259 Almaniya aras\u0131nda m\u00f6vcud olan \u0259laq\u0259l\u0259rd\u0259n dan\u0131\u015f\u0131b. G\u00f6r\u00fc\u015fd\u0259 qeyd olunub ki, iki \u00f6lk\u0259 aras\u0131nda m\u0259d\u0259niyy\u0259t sah\u0259sind\u0259 \u0259m\u0259kda\u015fl\u0131\u011f\u0131n inki\u015faf\u0131 \u00fc\u00e7\u00fcn geni\u015f imkanlar m\u00f6vcuddur.<\/p>\n<p>Almaniya s\u0259firi Ralf Horleman Az\u0259rbaycanda alman irsin\u0259 g\u00f6st\u0259ril\u0259n diqq\u0259t v\u0259 qay\u011f\u0131n\u0131 y\u00fcks\u0259k qiym\u0259tl\u0259ndirib. Diplomat Az\u0259rbaycan alman irsi il\u0259 ba\u011fl\u0131 m\u0259d\u0259ni turizm layih\u0259si il\u0259 ba\u011fl\u0131 t\u0259klif s\u0259sl\u0259ndirib.<\/p>\n<p>S\u00f6hb\u0259t zaman\u0131 h\u0259r iki \u00f6lk\u0259nin m\u0259d\u0259niyy\u0259t m\u00fc\u0259ssis\u0259l\u0259ri, o c\u00fcml\u0259d\u0259n kitabxana, muzey, s\u0259rgi salonlar\u0131 v\u0259 teatr-konsert m\u00fc\u0259ssis\u0259l\u0259ri aras\u0131nda \u0259laq\u0259l\u0259rin inki\u015faf etdirilm\u0259sinin \u0259h\u0259miyy\u0259ti qeyd edilib.<\/p>\n<p>G\u00f6r\u00fc\u015fd\u0259, h\u0259m\u00e7inin bu ilin noyabr\u0131nda \u00f6lk\u0259mizd\u0259 ke\u00e7iril\u0259c\u0259k BMT-nin \u0130qlim D\u0259yi\u015fm\u0259l\u0259ri \u00fczr\u0259 \u00c7\u0259r\u00e7iv\u0259 Konvensiyas\u0131 T\u0259r\u0259fl\u0259r Konfrans\u0131n\u0131n 29-cu sessiyas\u0131 (COP29) \u00e7\u0259r\u00e7iv\u0259sind\u0259 n\u0259z\u0259rd\u0259 tutulan iqlim d\u0259yi\u015fiklikl\u0259ri v\u0259 m\u0259d\u0259niyy\u0259t m\u00f6vzusu \u00fczr\u0259 m\u00fczakir\u0259l\u0259rd\u0259 Almaniyan\u0131n m\u00fcvafiq institutlar\u0131n\u0131n t\u0259msil olunmas\u0131 il\u0259 ba\u011fl\u0131 fikir m\u00fcbadil\u0259si apar\u0131l\u0131b.<\/p>\n","protected":false},"excerpt":{"rendered":"<p>Az\u0259rbaycan Respublikas\u0131n\u0131n m\u0259d\u0259niyy\u0259t naziri Adil K\u0259rimli iyunun 5-d\u0259 Almaniya Federativ Respublikas\u0131n\u0131n \u00f6lk\u0259mizd\u0259ki s\u0259firi Ralf Horleman il\u0259 g\u00f6r\u00fc\u015f\u00fcb. Nazirlikd\u0259n\u00a0AZ\u018fRTAC-a bildirilib ki, nazir Az\u0259rbaycan il\u0259 Almaniya aras\u0131nda m\u00f6vcud olan \u0259laq\u0259l\u0259rd\u0259n dan\u0131\u015f\u0131b. G\u00f6r\u00fc\u015fd\u0259 qeyd olunub ki, iki \u00f6lk\u0259 aras\u0131nda m\u0259d\u0259niyy\u0259t sah\u0259sind\u0259 \u0259m\u0259kda\u015fl\u0131\u011f\u0131n inki\u015faf\u0131 \u00fc\u00e7\u00fcn geni\u015f imkanlar m\u00f6vcuddur. Almaniya s\u0259firi Ralf Horleman Az\u0259rbaycanda alman irsin\u0259 g\u00f6st\u0259ril\u0259n diqq\u0259t v\u0259 qay\u011f\u0131n\u0131 y\u00fcks\u0259k qiym\u0259tl\u0259ndirib. Diplomat Az\u0259rbaycan alman irsi il\u0259 ba\u011fl\u0131 m\u0259d\u0259ni turizm layih\u0259si il\u0259 ba\u011fl\u0131 t\u0259klif s\u0259sl\u0259ndirib. S\u00f6hb\u0259t zaman\u0131 h\u0259r iki \u00f6lk\u0259nin m\u0259d\u0259niyy\u0259t m\u00fc\u0259ssis\u0259l\u0259ri, o c\u00fcml\u0259d\u0259n kitabxana, muzey, s\u0259rgi salonlar\u0131 v\u0259 teatr-konsert m\u00fc\u0259ssis\u0259l\u0259ri aras\u0131nda \u0259laq\u0259l\u0259rin inki\u015faf etdirilm\u0259sinin&hellip;<\/p>\n","protected":false},"author":2,"featured_media":727775,"comment_status":"closed","ping_status":"closed","sticky":false,"template":"","format":"standard","meta":{"om_disable_all_campaigns":false,"_monsterinsights_skip_tracking":false,"_monsterinsights_sitenote_active":false,"_monsterinsights_sitenote_note":"","_monsterinsights_sitenote_category":0},"categories":[1],"tags":[],"aioseo_notices":[],"gutentor_comment":0,"rttpg_featured_image_url":{"full":["https:\/\/arantv.az\/wp-content\/uploads\/2024\/06\/1717584762750930154_1200x630.jpg",923,630,false],"landscape":["https:\/\/arantv.az\/wp-content\/uploads\/2024\/06\/1717584762750930154_1200x630.jpg",923,630,false],"portraits":["https:\/\/arantv.az\/wp-content\/uploads\/2024\/06\/1717584762750930154_1200x630.jpg",923,630,false],"thumbnail":["https:\/\/arantv.az\/wp-content\/uploads\/2024\/06\/1717584762750930154_1200x630-500x280.jpg",500,280,true],"medium":["https:\/\/arantv.az\/wp-content\/uploads\/2024\/06\/1717584762750930154_1200x630-535x365.jpg",535,365,true],"large":["https:\/\/arantv.az\/wp-content\/uploads\/2024\/06\/1717584762750930154_1200x630-840x573.jpg",640,437,true],"1536x1536":["https:\/\/arantv.az\/wp-content\/uploads\/2024\/06\/1717584762750930154_1200x630.jpg",923,630,false],"2048x2048":["https:\/\/arantv.az\/wp-content\/uploads\/2024\/06\/1717584762750930154_1200x630.jpg",923,630,false],"post-thumbnail":["https:\/\/arantv.az\/wp-content\/uploads\/2024\/06\/1717584762750930154_1200x630-240x172.jpg",240,172,true],"advps-thumb-one":["https:\/\/arantv.az\/wp-content\/uploads\/2024\/06\/1717584762750930154_1200x630-923x620.jpg",923,620,true]},"rttpg_author":{"display_name":"V\u00fcsal Rafiqo\u011flu","author_link":"https:\/\/arantv.az\/?author=2"},"rttpg_comment":0,"rttpg_category":"<a href=\"https:\/\/arantv.az\/?cat=1\" rel=\"category\">C\u0259miyy\u0259t<\/a>","rttpg_excerpt":"Az\u0259rbaycan Respublikas\u0131n\u0131n m\u0259d\u0259niyy\u0259t naziri Adil K\u0259rimli iyunun 5-d\u0259 Almaniya Federativ Respublikas\u0131n\u0131n \u00f6lk\u0259mizd\u0259ki s\u0259firi Ralf Horleman il\u0259 g\u00f6r\u00fc\u015f\u00fcb. Nazirlikd\u0259n\u00a0AZ\u018fRTAC-a bildirilib ki, nazir Az\u0259rbaycan il\u0259 Almaniya aras\u0131nda m\u00f6vcud olan \u0259laq\u0259l\u0259rd\u0259n dan\u0131\u015f\u0131b. G\u00f6r\u00fc\u015fd\u0259 qeyd olunub ki, iki \u00f6lk\u0259 aras\u0131nda m\u0259d\u0259niyy\u0259t sah\u0259sind\u0259 \u0259m\u0259kda\u015fl\u0131\u011f\u0131n inki\u015faf\u0131 \u00fc\u00e7\u00fcn geni\u015f imkanlar m\u00f6vcuddur. Almaniya s\u0259firi Ralf Horleman Az\u0259rbaycanda alman irsin\u0259 g\u00f6st\u0259ril\u0259n diqq\u0259t v\u0259 qay\u011f\u0131n\u0131&hellip;","_links":{"self":[{"href":"https:\/\/arantv.az\/index.php?rest_route=\/wp\/v2\/posts\/727774"}],"collection":[{"href":"https:\/\/arantv.az\/index.php?rest_route=\/wp\/v2\/posts"}],"about":[{"href":"https:\/\/arantv.az\/index.php?rest_route=\/wp\/v2\/types\/post"}],"author":[{"embeddable":true,"href":"https:\/\/arantv.az\/index.php?rest_route=\/wp\/v2\/users\/2"}],"replies":[{"embeddable":true,"href":"https:\/\/arantv.az\/index.php?rest_route=%2Fwp%2Fv2%2Fcomments&post=727774"}],"version-history":[{"count":0,"href":"https:\/\/arantv.az\/index.php?rest_route=\/wp\/v2\/posts\/727774\/revisions"}],"wp:featuredmedia":[{"embeddable":true,"href":"https:\/\/arantv.az\/index.php?rest_route=\/wp\/v2\/media\/727775"}],"wp:attachment":[{"href":"https:\/\/arantv.az\/index.php?rest_route=%2Fwp%2Fv2%2Fmedia&parent=727774"}],"wp:term":[{"taxonomy":"category","embeddable":true,"href":"https:\/\/arantv.az\/index.php?rest_route=%2Fwp%2Fv2%2Fcategories&post=727774"},{"taxonomy":"post_tag","embeddable":true,"href":"https:\/\/arantv.az\/index.php?rest_route=%2Fwp%2Fv2%2Ftags&post=727774"}],"curies":[{"name":"wp","href":"https:\/\/api.w.org\/{rel}","templated":true}]}}